{"id":1053,"date":"2019-10-24T06:12:32","date_gmt":"2019-10-24T04:12:32","guid":{"rendered":"https:\/\/cas-jura.ch\/?p=1053"},"modified":"2021-01-15T11:23:48","modified_gmt":"2021-01-15T10:23:48","slug":"p-autour-des-ordons","status":"publish","type":"post","link":"https:\/\/cas-jura.ch\/?p=1053","title":{"rendered":"P- Autour des Ordons"},"content":{"rendered":"\n<p>\n23,\n24 et 25 ao\u00fbt 2019<\/p>\n\n\n\n<figure class=\"wp-block-image is-resized\"><img loading=\"lazy\" decoding=\"async\" src=\"https:\/\/cas-jura.ch\/wordpress\/wp-content\/uploads\/2019\/10\/2019_12_p9-Autour-des-Ordons-Un-Participant-e1571890181639-768x1024.jpg\" alt=\"\" class=\"wp-image-1055\" width=\"384\" height=\"512\"\/><\/figure>\n\n\n\n<p><strong>Chef de course&nbsp;:<\/strong> Ernest-Andr\u00e9 Farine<\/p>\n\n\n\n<p><strong>Participants&nbsp;:<\/strong> Marie-Jeanne Ma\u00eetre, Yvette Ducommun, Myriam Gigon, Rose-Marie Studer,  <\/p>\n\n\n\n<p>Margot\nBraun, Michel Braun, Alain Bi\u00e9try, Joseph Thierrin, Ars\u00e8ne Plomb,\nBernard Varrin, \nErnest\nCerf, Fabien Siegenthaler, Maurice Riedo, Ernest Farine, Brigitte\nGigon (cuisini\u00e8re)<\/p>\n\n\n\n<hr class=\"wp-block-separator\"\/>\n\n\n\n<p><strong>Samedi&nbsp;:<\/strong><\/p>\n\n\n\n<p>Avec\nbonheur et sans carbone&nbsp;!<\/p>\n\n\n\n<p>Une\nquinzaine de clubistes se sont relay\u00e9s autour de notre GO Ernest et\nde ses chefs de course Joseph, Alain et Bernard. Parfaitement\nsustent\u00e9s par notre talentueux duo de cuisine form\u00e9 par Brigitte et\nErnest, une fois d\u00e9lest\u00e9s de nos bagages \u00e0 Courgenay, nous nous\nsommes attaqu\u00e9s pleins d\u2019entrain aux  trois plats du menu propos\u00e9.\nEn guise d\u2019entr\u00e9e, c\u2019est un mets d\u00e9couverte qui nous a \u00e9t\u00e9\nservi et fait go\u00fbter aux plaisirs du d\u00e9frichement de sentier dans\nla broussaille pour rejoindre la cr\u00eate de Mont-Terri et son cort\u00e8ge\nde fermes avant une fondue en plein air sur fond de coucher de soleil\nimmortalis\u00e9 par Marie-Jeanne. C\u2019est donc \u00e0 la lumi\u00e8re des\n\u00e9toiles et des lampes frontales que nous avons rejoint la cabane.<\/p>\n\n\n\n<p>Le\nplat de r\u00e9sistance nous attendait le lendemain et sa richesse n\u2019a\nd\u00e9\u00e7u personne avec une premi\u00e8re mise en bouche \u00e0 la  Roche aux\nVilains,  la descente sur Glovelier pour rallier de Berlincourt d\u2019o\u00f9\nnous avons long\u00e9 le rivage bucolique de la Sorne avant d\u2019attaquer \nla coriace mont\u00e9e de la Jaccoterie. C\u2019est le duo de choc form\u00e9\npar Joseph et Ars\u00e8ne qui a enlev\u00e9 au sommet le grand prix de la\nmontagne et entrepris une entorse carbone tout \u00e0 fait l\u00e9gitime pour\ngriller nos cervelas au coin de la torr\u00e9e.  Requinqu\u00e9e, mais encore\nassoiff\u00e9e, la troupe s\u2019est alors mise en route pour le Fr\u00e9nois et\nle but du jour Soulce o\u00f9, faute de petit Mag ferm\u00e9 depuis belle\nlurette, c\u2019est la fontaine du village qui nous a d\u00e9salt\u00e9r\u00e9s et\nservi de bassine \u00e0 nos  pieds endoloris. Nous avons ensuite rejoint\nla cabane par des moyens motoris\u00e9s avant un repas et une soir\u00e9e\nrelax. \n<\/p>\n\n\n\n<p>Absent\nle dimanche, le r\u00e9dacteur s\u2019est \u00e9pargn\u00e9 la marche du jour et\n\u00e9galement priv\u00e9 de la visite comment\u00e9e du Ch\u00e2teau de Soyhi\u00e8res.<\/p>\n\n\n\n<p>Centr\u00e9\nsur notre cabane, le programme propos\u00e9 nous a fait d\u00e9couvrir et\nrevoir des endroits idylliques, des paysages somptueux, de vivre des\nmoments de camaraderie chaleureuse, entrecoup\u00e9s d\u2019\u00e9clats de\nfranche rigolade. Nous avons r\u00e9alis\u00e9 nos id\u00e9aux clubistiques en\ntablant sur la proximit\u00e9, la minimisation des co\u00fbts et une faible\nempreinte carbone. Bravo \u00e0 l\u2019organisateur et rejoignez-nous\nnombreux \u00e0 la prochaine \u00e9dition.<\/p>\n\n\n\n<p>Michel\nBraun<\/p>\n\n\n\n<hr class=\"wp-block-separator\"\/>\n\n\n\n<p><strong>Dimanche&nbsp;:<\/strong><\/p>\n\n\n\n<p>D\u00e9part\n\u00e0 08h10 avec un peu de retard car notre chef Ernest avait son Natel\nsous silence donc, sonnerie trop faible pour r\u00e9veiller les dormeurs.\nNous d\u00e9cidons de modifier le parcours jusqu\u2019\u00e0 Bourrignon en\nchoisissant une ligne plus direct mais cela engendre des obstacles,\ndes fils barbel\u00e9s bien tendus =enlever les sacs et passer\npar-dessous en \u00e9vitant toute blessure et d\u00e9chirure .Finalement avec\nnotre gymkhana nous n\u2019avons pas plus d\u2019avance \u00e0 Pleigne o\u00f9 nous\navons rendez-vous avec notre ami Bernard Varrin,  Messieurs Gabriel\nNussbaumer et son neveu Philippe Keller  l\u2019initiateur de la tour \u00e0\nhirondelles, d\u2019un h\u00f4tel \u00e0 insectes et d\u2019une prairie fleurie.\nMonsieur Keller tr\u00e8s passionn\u00e9 pour les hirondelles mais \u00e9galement\nles martinets et les chauves- souris nous donne plusieurs\nexplications et r\u00e9pond \u00e0  nos questions. Pleigne vaut vraiment le\nd\u00e9tour.<\/p>\n\n\n\n<p>Nous\ncontinuons notre marche via Movelier \u2013La R\u00e9selle un sentier\nombrag\u00e9 (tunnel) avec le ruisseau du m\u00eame nom, c\u2019est simplement\nmagnifique. Petite pause \u00e0 l\u2019\u00e9tang avant une mont\u00e9e (la\nderni\u00e8re) pour  rejoindre le ch\u00e2teau de Soyhi\u00e8res ou nous sommes\nattendus par Monsieur Pierre Philippe. Nous apprenons beaucoup sur la\nvie d\u2019Auguste Quiquerez historien, arch\u00e9ologue et homme politique\nainsi que sur la dynastie des Habsbourg et du Prince Albert 2 de\nMonaco comte de Ferrette. Malgr\u00e9 notre fatigue (20 km de marche) et\nla chaleur, nous \u00e9coutons attentivement Monsieur Philippe tant il\nest passionn\u00e9.<\/p>\n\n\n\n<p>Un\ngrand MERCI \u00e0 Bernard et Ernest pour cette belle journ\u00e9e de\nd\u00e9couvertes et d\u2019histoires.<\/p>\n\n\n\n<p>Une\npetite bi\u00e8re s\u2019impose pour cl\u00f4turer notre week-end.<\/p>\n\n\n\n<p>Yvette\nDucommun<\/p>\n","protected":false},"excerpt":{"rendered":"<p>23, 24 et 25 ao\u00fbt 2019 Chef de course&nbsp;: Ernest-Andr\u00e9 Farine Participants&nbsp;: Marie-Jeanne Ma\u00eetre, Yvette Ducommun, Myriam Gigon, Rose-Marie Studer, Margot Braun, Michel Braun, Alain &#8230;<\/p>\n","protected":false},"author":975901,"featured_media":0,"comment_status":"closed","ping_status":"closed","sticky":false,"template":"","format":"standard","meta":{"_jetpack_memberships_contains_paid_content":false,"footnotes":""},"categories":[22,1],"tags":[],"class_list":["post-1053","post","type-post","status-publish","format-standard","hentry","category-recits-de-courses","category-uncategorized"],"jetpack_featured_media_url":"","jetpack_sharing_enabled":true,"_links":{"self":[{"href":"https:\/\/cas-jura.ch\/index.php?rest_route=\/wp\/v2\/posts\/1053","targetHints":{"allow":["GET"]}}],"collection":[{"href":"https:\/\/cas-jura.ch\/index.php?rest_route=\/wp\/v2\/posts"}],"about":[{"href":"https:\/\/cas-jura.ch\/index.php?rest_route=\/wp\/v2\/types\/post"}],"author":[{"embeddable":true,"href":"https:\/\/cas-jura.ch\/index.php?rest_route=\/wp\/v2\/users\/975901"}],"replies":[{"embeddable":true,"href":"https:\/\/cas-jura.ch\/index.php?rest_route=%2Fwp%2Fv2%2Fcomments&post=1053"}],"version-history":[{"count":5,"href":"https:\/\/cas-jura.ch\/index.php?rest_route=\/wp\/v2\/posts\/1053\/revisions"}],"predecessor-version":[{"id":1398,"href":"https:\/\/cas-jura.ch\/index.php?rest_route=\/wp\/v2\/posts\/1053\/revisions\/1398"}],"wp:attachment":[{"href":"https:\/\/cas-jura.ch\/index.php?rest_route=%2Fwp%2Fv2%2Fmedia&parent=1053"}],"wp:term":[{"taxonomy":"category","embeddable":true,"href":"https:\/\/cas-jura.ch\/index.php?rest_route=%2Fwp%2Fv2%2Fcategories&post=1053"},{"taxonomy":"post_tag","embeddable":true,"href":"https:\/\/cas-jura.ch\/index.php?rest_route=%2Fwp%2Fv2%2Ftags&post=1053"}],"curies":[{"name":"wp","href":"https:\/\/api.w.org\/{rel}","templated":true}]}}