{"id":1080,"date":"2019-10-29T08:46:58","date_gmt":"2019-10-29T07:46:58","guid":{"rendered":"https:\/\/cas-jura.ch\/?p=1080"},"modified":"2021-01-15T11:23:48","modified_gmt":"2021-01-15T10:23:48","slug":"europa-weg","status":"publish","type":"post","link":"https:\/\/cas-jura.ch\/?p=1080","title":{"rendered":"Europa Weg"},"content":{"rendered":"\n<ul class=\"wp-block-list\"><li><strong>Dates :<\/strong> du 28 au 30 juin 2019 <\/li><li><strong>Chef de course&nbsp;:<\/strong> Ernest-Andr\u00e9 Farine <\/li><li><strong>Participants&nbsp;:<\/strong> Ars\u00e8ne Plomb, Jos\u00e9 Theubet, C\u00e9dric Job\u00e9, Marie Jo Jecker, Th\u00e9r\u00e8se Laissue.<\/li><\/ul>\n\n\n\n<figure class=\"wp-block-image\"><img loading=\"lazy\" decoding=\"async\" width=\"1024\" height=\"768\" src=\"https:\/\/cas-jura.ch\/wordpress\/wp-content\/uploads\/2019\/10\/2019_12_p11-Europaweg-EAF-2-1024x768.jpeg\" alt=\"\" class=\"wp-image-1081\"\/><\/figure>\n\n\n\n<p>Tout comme l\u2019Europe, L\u2019Europaweg subit des revers. Mais comme l\u2019Europe, les plaies se r\u00e9parent soit par un pont ou par des modifications de sentiers suite aux \u00e9boulements.<br>\nDe ce fait, les 6 aventuriers n\u2019ont pu respecter leur programme mais l\u2019on adapt\u00e9.<br>\nD\u00e9part samedi matin 08h00 par une bonne mont\u00e9e sur un joli sentier dans une for\u00eat d\u2019arolles pour atteindre vers 10h 30 le magnifique pont suspendu Charles Kuonen  \u00ab&nbsp;EUROPABRUCKE&nbsp;\u00bb . Ses 494 m\u00e8tres en font le plus long pont suspendu pi\u00e9tonnier du monde. Nous traversons le pont en aller et retour (c\u2019est assez impressionnant) et bien s\u00fbr s\u00e9ance photos sous tous les angles. Comme notre sentier est coup\u00e9 par un \u00e9boulement nous faisons une boucle par l\u2019Europah\u00fctte. Petite mont\u00e9e sympa et ap\u00e9ritif \u00e0 la cabane. A 12h30 nous continuons notre randonn\u00e9e avant de trouver un endroit ombrag\u00e9 pour le pique-nique. Petite turbo sieste avant de poursuivre notre descente sur Randa dans d\u00e9cor sublime UN VRAI JARDIN JAPONAIS.<br>\nArriv\u00e9e \u00e0 Randa une bi\u00e8re s\u2019impose en attendant notre taxi qui nous conduira  \u00e0 T\u00e4schalp.<br>\n(pas d\u2019autres solutions)<br>\nSamedi soir arriv\u00e9e T\u00e4schalp \u00e0 Europawegh\u00fctte ou nous sommes accueillis  chaleureusement par Charlotte. Nous prenons possession du dortoir, il y a 10 places, nous sommes 6 c\u2019est l\u2019id\u00e9al. Ap\u00e9ritif avec une splendide vue sur le Weisshorn et le Zinalrothorn.<br>\nSuper repas soupe \u2013 salade &#8211; spaghetti \u00e0 la bolognaise &#8211; cr\u00e8me chocolat. Petite balade dans le coquet village et dodo.<br>\nDimanche, petit d\u00e9jeuner riche et d\u00e9part \u00e0 08h00 pour Zermatt en passant par Blauherd (+500 m\u00e8tres).<br>\nC\u2019est suffisant  car il fait tr\u00e8s chaud m\u00eame en altitude. Repas \u00e0 Stellisee, C\u2019est sublime car nous avons le majestueux Cervin devant nous. D\u00e9part pour Sunnega o\u00f9 nous pensons prendre le funiculaire pour arriver un peu plus vite \u00e0 Zermatt et reprendre la route vers 16h00.<br>\nA notre surprise on nous propose la possibilit\u00e9 de descendre en trottinette (les sacs \u00e0 dos suivent par le funiculaire). Tout le monde est d\u2019accord et nous voil\u00e0 casqu\u00e9s et pr\u00eats pour l\u2019aventure. Une consigne importante d\u2019Ernest&nbsp;: \u00ab&nbsp;Prudence, et pas de course&nbsp;!&nbsp;\u00bb.<br>\nC\u2019est tr\u00e8s sympa et rigolo, chacun descend \u00e0 son rythme.  Un petit couac tout de m\u00eame C\u00e9dric \u00e0 2 km de l\u2019arriv\u00e9e cr\u00e8ve la roue arri\u00e8re. Th\u00e9r\u00e8se insiste pour s\u2019occuper du \u00ab&nbsp;v\u00e9lo&nbsp;\u00bb et notre ami C\u00e9dric poursuit la descente avec Ars\u00e8ne.<br>\nUne grande glace \u00e0 l\u00e9cher \u00e0 Zermatt s\u2019impose vu la chaleur et retour \u00e0 la casa.<br>\nSuperbe week-end, grande chaleur mais il faisait bon en altitude.<\/p>\n\n\n\n<p class=\"has-text-align-right\">Ars\u00e8ne et Ernest-Andr\u00e9<\/p>\n","protected":false},"excerpt":{"rendered":"<p>Dates : du 28 au 30 juin 2019 Chef de course&nbsp;: Ernest-Andr\u00e9 Farine Participants&nbsp;: Ars\u00e8ne Plomb, Jos\u00e9 Theubet, C\u00e9dric Job\u00e9, Marie Jo Jecker, Th\u00e9r\u00e8se Laissue. &#8230;<\/p>\n","protected":false},"author":975901,"featured_media":1087,"comment_status":"closed","ping_status":"closed","sticky":false,"template":"","format":"standard","meta":{"_jetpack_memberships_contains_paid_content":false,"footnotes":""},"categories":[22,1],"tags":[],"class_list":["post-1080","post","type-post","status-publish","format-standard","has-post-thumbnail","hentry","category-recits-de-courses","category-uncategorized"],"jetpack_featured_media_url":"https:\/\/cas-jura.ch\/wordpress\/wp-content\/uploads\/2019\/10\/2019_12_p11-Europaweg-EAF-e1572335979285.jpeg","jetpack_sharing_enabled":true,"_links":{"self":[{"href":"https:\/\/cas-jura.ch\/index.php?rest_route=\/wp\/v2\/posts\/1080","targetHints":{"allow":["GET"]}}],"collection":[{"href":"https:\/\/cas-jura.ch\/index.php?rest_route=\/wp\/v2\/posts"}],"about":[{"href":"https:\/\/cas-jura.ch\/index.php?rest_route=\/wp\/v2\/types\/post"}],"author":[{"embeddable":true,"href":"https:\/\/cas-jura.ch\/index.php?rest_route=\/wp\/v2\/users\/975901"}],"replies":[{"embeddable":true,"href":"https:\/\/cas-jura.ch\/index.php?rest_route=%2Fwp%2Fv2%2Fcomments&post=1080"}],"version-history":[{"count":6,"href":"https:\/\/cas-jura.ch\/index.php?rest_route=\/wp\/v2\/posts\/1080\/revisions"}],"predecessor-version":[{"id":1397,"href":"https:\/\/cas-jura.ch\/index.php?rest_route=\/wp\/v2\/posts\/1080\/revisions\/1397"}],"wp:featuredmedia":[{"embeddable":true,"href":"https:\/\/cas-jura.ch\/index.php?rest_route=\/wp\/v2\/media\/1087"}],"wp:attachment":[{"href":"https:\/\/cas-jura.ch\/index.php?rest_route=%2Fwp%2Fv2%2Fmedia&parent=1080"}],"wp:term":[{"taxonomy":"category","embeddable":true,"href":"https:\/\/cas-jura.ch\/index.php?rest_route=%2Fwp%2Fv2%2Fcategories&post=1080"},{"taxonomy":"post_tag","embeddable":true,"href":"https:\/\/cas-jura.ch\/index.php?rest_route=%2Fwp%2Fv2%2Ftags&post=1080"}],"curies":[{"name":"wp","href":"https:\/\/api.w.org\/{rel}","templated":true}]}}