{"id":1107,"date":"2019-11-21T09:43:54","date_gmt":"2019-11-21T08:43:54","guid":{"rendered":"https:\/\/cas-jura.ch\/?p=1107"},"modified":"2021-01-15T11:23:48","modified_gmt":"2021-01-15T10:23:48","slug":"cours-dinitiation-escalade-2019","status":"publish","type":"post","link":"https:\/\/cas-jura.ch\/?p=1107","title":{"rendered":"Cours d&rsquo;initiation escalade 2019"},"content":{"rendered":"\n<p>Participants&nbsp;: M\u00e9lissa Willemin, Nicolas Munoz<\/p>\n\n\n\n<p>Cette ann\u00e9e pour le cours d\u2019initiation escalade de la section jurassienne du CAS, nous \u00e9tions un petit groupe, mais tr\u00e8s motiv\u00e9, sous la supervision de Fabrice.<br>Pour notre premi\u00e8re journ\u00e9e, nous avons apprivois\u00e9 le mat\u00e9riel et les n\u0153uds \u00e0 la salle des Tilleuls \u00e0 Porrentruy.<br>Cap sur la salle d\u2019escalade de Niederwangen pour notre deuxi\u00e8me session en raison d\u2019une m\u00e9t\u00e9o d\u00e9favorable, les installations nous ont permis de mettre en pratique ce que nous avions appris la semaine pr\u00e9c\u00e9dente.<br> Pour notre premi\u00e8re sortie en ext\u00e9rieure \u00e0 Courrendlin nous avons eu un temps estival. Les premiers contacts avec les rochers ont \u00e9t\u00e9 riches en \u00e9motions mais cette sortie nous a permis d\u2019\u00eatre plus \u00e0 l\u2019aise pour la suivante qui a \u00e9t\u00e9 organis\u00e9e \u00e0 Clairbief.<br>Lors de cette sortie au bord du Doubs, nous avons pratiqu\u00e9 l\u2019escalade en remarquant tous les progr\u00e8s effectu\u00e9s depuis les d\u00e9buts.<br>Un grand merci \u00e0 Fabrice pour l&rsquo;excellente organisation, son enseignement, ses pr\u00e9cieux conseils et sa patience !!<br> M\u00e9lissa Willemin<\/p>\n","protected":false},"excerpt":{"rendered":"<p>Participants&nbsp;: M\u00e9lissa Willemin, Nicolas Munoz Cette ann\u00e9e pour le cours d\u2019initiation escalade de la section jurassienne du CAS, nous \u00e9tions un petit groupe, mais tr\u00e8s &#8230;<\/p>\n","protected":false},"author":975901,"featured_media":1108,"comment_status":"closed","ping_status":"closed","sticky":false,"template":"","format":"standard","meta":{"_jetpack_memberships_contains_paid_content":false,"footnotes":""},"categories":[22,1],"tags":[],"class_list":["post-1107","post","type-post","status-publish","format-standard","has-post-thumbnail","hentry","category-recits-de-courses","category-uncategorized"],"jetpack_featured_media_url":"https:\/\/cas-jura.ch\/wordpress\/wp-content\/uploads\/2019\/11\/2019_12_p11-Initiation-escalade-scaled-e1574325811904.jpg","jetpack_sharing_enabled":true,"_links":{"self":[{"href":"https:\/\/cas-jura.ch\/index.php?rest_route=\/wp\/v2\/posts\/1107","targetHints":{"allow":["GET"]}}],"collection":[{"href":"https:\/\/cas-jura.ch\/index.php?rest_route=\/wp\/v2\/posts"}],"about":[{"href":"https:\/\/cas-jura.ch\/index.php?rest_route=\/wp\/v2\/types\/post"}],"author":[{"embeddable":true,"href":"https:\/\/cas-jura.ch\/index.php?rest_route=\/wp\/v2\/users\/975901"}],"replies":[{"embeddable":true,"href":"https:\/\/cas-jura.ch\/index.php?rest_route=%2Fwp%2Fv2%2Fcomments&post=1107"}],"version-history":[{"count":2,"href":"https:\/\/cas-jura.ch\/index.php?rest_route=\/wp\/v2\/posts\/1107\/revisions"}],"predecessor-version":[{"id":1396,"href":"https:\/\/cas-jura.ch\/index.php?rest_route=\/wp\/v2\/posts\/1107\/revisions\/1396"}],"wp:featuredmedia":[{"embeddable":true,"href":"https:\/\/cas-jura.ch\/index.php?rest_route=\/wp\/v2\/media\/1108"}],"wp:attachment":[{"href":"https:\/\/cas-jura.ch\/index.php?rest_route=%2Fwp%2Fv2%2Fmedia&parent=1107"}],"wp:term":[{"taxonomy":"category","embeddable":true,"href":"https:\/\/cas-jura.ch\/index.php?rest_route=%2Fwp%2Fv2%2Fcategories&post=1107"},{"taxonomy":"post_tag","embeddable":true,"href":"https:\/\/cas-jura.ch\/index.php?rest_route=%2Fwp%2Fv2%2Ftags&post=1107"}],"curies":[{"name":"wp","href":"https:\/\/api.w.org\/{rel}","templated":true}]}}