{"id":1112,"date":"2019-11-21T09:52:27","date_gmt":"2019-11-21T08:52:27","guid":{"rendered":"https:\/\/cas-jura.ch\/?p=1112"},"modified":"2021-01-15T11:23:48","modified_gmt":"2021-01-15T10:23:48","slug":"1112","status":"publish","type":"post","link":"https:\/\/cas-jura.ch\/?p=1112","title":{"rendered":"Vall\u00e9e de Saas"},"content":{"rendered":"\n<p><strong>RMM\n3 et 4 ao\u00fbt 2019 <\/strong>\n<\/p>\n\n\n\n<p>Chefs\nde course&nbsp;: Carlos et Cristel Mu\u00f1oz<\/p>\n\n\n\n<p>Participants&nbsp;: Catherine et S\u00e9bastien H\u00fcgli, Sabine R\u00e9rat<\/p>\n\n\n\n<p>Samedi : On se retrouve \u00e0 la gare de Stalden, la journ\u00e9e s\u2019annonce belle. T\u00e9l\u00e9ph\u00e9rique pour Gspon, petit village sans voiture \u00e0 1900m d\u2019altitude. Nous trouvons rapidement le sentier qui \u00e9tait, au Moyen \u00c2ge, la voie commerciale dans la vall\u00e9e de Saas. On le suit d\u2019abord \u00e0 travers une for\u00eat de m\u00e9l\u00e8zes, puis on arrive \u00e0 un vaste alpage et ses enclos \u00e0 moutons. On atteint ensuite un haut plateau&nbsp;; de l\u00e0, la vue sur le massif des Mischabels est splendide. Il ne reste plus qu\u2019\u00e0 descendre sur Saas-Grund. Petit go\u00fbter en arrivant, bain de pieds dans une fontaine, souper et nuit \u00e0 l\u2019h\u00f4tel Moulin.<\/p>\n\n\n\n<p>Dimanche : Apr\u00e8s un copieux petit d\u00e9jeuner, on se remet en route, direction Gr\u00e4chen. La fraicheur matinale a vite fait de nous r\u00e9veiller\u2026  Mais en marchant d\u2019un bon pas, on se r\u00e9chauffe\u2026 Ce c\u00f4t\u00e9 de la vall\u00e9e sera d\u2019ailleurs par la suite tr\u00e8s ensoleill\u00e9. Sur ce parcours, il n\u2019y aura ni auberge, ni cabane, ni aucune autre occasion de se ravitailler. On marche \u00e0 une altitude de 2000m en moyenne. Le sentier est \u00e9troit, les pentes parfois vertigineuses, mais la vue est \u00e0 nouveau magnifique, avec notamment le Weissmies \u00e0 l\u2019est, notre premier 4000m, souvenir d\u2019un tr\u00e8s beau week-end\u2026 A la Hannigalp, l\u2019itin\u00e9raire change de vall\u00e9e et passe du Saastal dans la vall\u00e9e de Zermatt<\/p>\n\n\n\n<p>Excellentes\nconditions m\u00e9t\u00e9o, sympathiques compagnons de route, bon accueil \u00e0\nl\u2019h\u00f4tel, tout \u00e9tait r\u00e9uni pour partager un beau week-end.<\/p>\n\n\n\n<p>Cristel<\/p>\n","protected":false},"excerpt":{"rendered":"<p>RMM 3 et 4 ao\u00fbt 2019 Chefs de course&nbsp;: Carlos et Cristel Mu\u00f1oz Participants&nbsp;: Catherine et S\u00e9bastien H\u00fcgli, Sabine R\u00e9rat Samedi : On se retrouve &#8230;<\/p>\n","protected":false},"author":975901,"featured_media":0,"comment_status":"closed","ping_status":"closed","sticky":false,"template":"","format":"standard","meta":{"_jetpack_memberships_contains_paid_content":false,"footnotes":""},"categories":[22,1],"tags":[],"class_list":["post-1112","post","type-post","status-publish","format-standard","hentry","category-recits-de-courses","category-uncategorized"],"jetpack_featured_media_url":"","jetpack_sharing_enabled":true,"_links":{"self":[{"href":"https:\/\/cas-jura.ch\/index.php?rest_route=\/wp\/v2\/posts\/1112","targetHints":{"allow":["GET"]}}],"collection":[{"href":"https:\/\/cas-jura.ch\/index.php?rest_route=\/wp\/v2\/posts"}],"about":[{"href":"https:\/\/cas-jura.ch\/index.php?rest_route=\/wp\/v2\/types\/post"}],"author":[{"embeddable":true,"href":"https:\/\/cas-jura.ch\/index.php?rest_route=\/wp\/v2\/users\/975901"}],"replies":[{"embeddable":true,"href":"https:\/\/cas-jura.ch\/index.php?rest_route=%2Fwp%2Fv2%2Fcomments&post=1112"}],"version-history":[{"count":4,"href":"https:\/\/cas-jura.ch\/index.php?rest_route=\/wp\/v2\/posts\/1112\/revisions"}],"predecessor-version":[{"id":1395,"href":"https:\/\/cas-jura.ch\/index.php?rest_route=\/wp\/v2\/posts\/1112\/revisions\/1395"}],"wp:attachment":[{"href":"https:\/\/cas-jura.ch\/index.php?rest_route=%2Fwp%2Fv2%2Fmedia&parent=1112"}],"wp:term":[{"taxonomy":"category","embeddable":true,"href":"https:\/\/cas-jura.ch\/index.php?rest_route=%2Fwp%2Fv2%2Fcategories&post=1112"},{"taxonomy":"post_tag","embeddable":true,"href":"https:\/\/cas-jura.ch\/index.php?rest_route=%2Fwp%2Fv2%2Ftags&post=1112"}],"curies":[{"name":"wp","href":"https:\/\/api.w.org\/{rel}","templated":true}]}}