{"id":1115,"date":"2019-11-21T09:56:42","date_gmt":"2019-11-21T08:56:42","guid":{"rendered":"https:\/\/cas-jura.ch\/?p=1115"},"modified":"2021-01-15T11:23:48","modified_gmt":"2021-01-15T10:23:48","slug":"semaine-clubistique-goscheneralpsee","status":"publish","type":"post","link":"https:\/\/cas-jura.ch\/?p=1115","title":{"rendered":"Semaine clubistique G\u00f6scheneralpsee"},"content":{"rendered":"\n<p>Du 29 juillet au 3 ao\u00fbt 2019<\/p>\n\n\n\n<p>Chef de course: Gr\u00e9gory Del Torchio <\/p>\n\n\n\n<p>Participants: L\u00e9\u00e0 Fringelli (CAS Del\u00e9mont), Sabine Rais (CAS Del\u00e9mont), Ernest-Andr\u00e9 Farine (CAS Jura), Jos\u00e9 Theubet (CAS Jura), Joseph Thierrin (CAS Jura), Ars\u00e8ne Plomb (CAS Jura), Julien Weingart, Michael Rais, Dimitri Seuret.<\/p>\n\n\n\n<p>Lundi&nbsp;:<br>\nD\u00e9part de Grit P  par un bon d\u00e9nivel\u00e9 comme je les aime pour rejoindre la Salbith\u00fctte o\u00f9 nous sommes aimablement accueilli par Richard le gardien et son \u00e9quipe qui nous servent une boisson (cocktail sans alcool bien s\u00fbr) tr\u00e8s rafra\u00eechissante. Nous partageons l\u2019ap\u00e9ro et nous faisons plus ample connaissance  avec les jeunes du groupe via ferrata de Gr\u00e9gory.<\/p>\n\n\n\n<p>Mardi&nbsp;:<br>\nD\u00e9part dans un d\u00e9cor granitique pour rejoindre Salbit \u2013Hangebr\u00fccke avant la travers\u00e9e du pont nous nous \u00e9quipons du baudrier, longe, casque, etc\u2026Nous suivons la voie c\u00e2bl\u00e9e, le pont et les \u00e9chelles (assez impressionnant). Nous poursuivons dans une caillasse pour arriver \u00e0 Voralph\u00fctte. Un tel effort, m\u00e9rite un SUPER APERO  OH\u2026oh\u2026oh\u2026OHHHHH SANTE&nbsp;!!!<\/p>\n\n\n\n<p>Mercredi&nbsp;:<br>\nVia Bergseeh\u00fctte tr\u00e8s beau parcours avec des vues magnifiques sur les glaciers.<\/p>\n\n\n\n<p>Jeudi&nbsp;:<br>\nEn piste pour rejoindre Chelenalph\u00fctte. Long parcours sans trop de d\u00e9nivel\u00e9 mais o\u00f9 il faut \u00eatre tr\u00e8s prudent car nous traversons que des gros blocs de granite. Il est facile de chuter ou de se tordre la cheville (c\u2019est ce qui m\u2019arrive mais j\u2019ai re\u00e7u les bons soins de L\u00e9a\u2026. MERCI).<\/p>\n\n\n\n<p>Vendredi&nbsp;:<br>\nD\u00e9part pour la Dammh\u00fctte. Je choisis de contourner la via ferrata, Ars\u00e8ne m\u2019accompagne. D\u00e8s la  mi-parcours la pluie nous accompagne mais cela ne nous d\u00e9courage en rien car nous avons eu une si belle semaine. En plus nous sommes si bien accueilli dans ce petit nid ou le d\u00e9tail est soign\u00e9. Exemple&nbsp;: un petit mot sur chaque couche et des arrangements floraux (fleurs des montagnes) avec des petits sujets de r\u00e9flexions forts sympathiques.<br>\nJe ne vous parlerez point du repas \u2026simplement SUPER\u2026\u00e0 d\u00e9couvrir.<br>\nUn seul b\u00e9mol\u2026les couches un peu \u00e9troites n\u2019est-ce pas Ars\u00e8ne et Joseph&nbsp;?<\/p>\n\n\n\n<p>Samedi&nbsp;:<br>\nSympathique descente sur G\u00f6scheneralp ou notre  GO  Gr\u00e9gory organise un DEBRIEFING avec ap\u00e9ro et sp\u00e9cialit\u00e9s r\u00e9gionales.<br>\nUn tout GRAND MERCI Gr\u00e9gory pour la bonne organisation et les bons moments pass\u00e9s avec le groupe.<br>\nErnest-Andr\u00e9 <\/p>\n\n\n\n<p>Notre \u00e9quipe \u00e9tait de tous les niveaux, cela a aid\u00e9 \u00e0 se soutenir dans l\u2019effort, aussi bien physique que moralement.<br>\nJ\u2019ai trouv\u00e9 formidables toutes les cabanes, dans lesquelles nous avons pu chanter et partager de bons moments avec d\u2019autres personnes et les repas chaque jour diff\u00e9rents.<br>\nIl faut se pr\u00e9parer \u00e0 ce genre de circuit, mais la r\u00e9compense c\u2019est d\u2019avoir de beaux panoramas et de pouvoir faire de la via ferrata.<br>\nJ\u2019ai pu partager des moments magnifiques&nbsp;et beaucoup de complicit\u00e9 avec mon fils Micha\u00ebl qui s\u2019est inscrit au dernier moment avec son copain Dimitri.<br>\nJe suis contente de tous ces souvenirs et de ce que j\u2019ai pu partager avec tout le monde.<br>\nSabine <\/p>\n\n\n\n<p>Super course avec une \u00e9quipe de choc. Bonne coh\u00e9sion, de l&rsquo;entraide, des bons moments, de bons fou-rires avec des moments plus difficiles que d&rsquo;autres (g\u00e9r\u00e9s \u00e0 la perfection par le chef de course), tout ce qu&rsquo;il faut pour une course r\u00e9ussie. H\u00e9bergement de grande qualit\u00e9. <br>\nExp\u00e9rience vivement recommand\u00e9e.<br>\nJulien <\/p>\n\n\n\n<p>Super moment partag\u00e9 gr\u00e2ce \u00e0 la motivation de l&rsquo;\u00e9quipe du CAS.&nbsp;Des panoramas magnifiques, des cabanes agr\u00e9ables et accueillantes au charme fou,&nbsp;de super souper et d\u00e9jeuner pr\u00e9par\u00e9 par les diff\u00e9rentes cabanes, et bien-s\u00fbr,&nbsp;un terrain de jeux vari\u00e9 et plein de surprise, pr\u00e9par\u00e9 par notre \u00e9claireur&nbsp;averti, Gr\u00e9gory Del Torchio. A refaire<br>\nMickael <\/p>\n\n\n\n<p>Un vrai bonheur de participer \u00e0 une semaine de rando alpine. De cabane en cabane avec des itin\u00e9raires bleu-blanc, quelques sentiers, des km de bloc, passages a\u00e9riens, via ferrata en option et des paysages de HM authentiques. <br>\nMerci au chef de course, \u00e0 l\u2019ensemble des camarades notamment aux nouveaux clubistes avec lesquels une amiti\u00e9 sinc\u00e8re est n\u00e9e. <br>\nJos\u00e9 <\/p>\n\n\n\n<p>La randonne et plus particuli\u00e8rement la via ferrata ont \u00e9t\u00e9 une tr\u00e8s bonne d\u00e9couverte pour moi ce f\u00fbt un plaisir de faire le circuit du Goschenen. Les paysages \u00e9taient magnifiques et \u00e9tant sportif, je n\u2019ai pas \u00e9t\u00e9 d\u00e9\u00e7u du voyage. J\u2019ai ador\u00e9 \u00ab&nbsp;prendre des risques&nbsp;\u00bb en escaladant. Cette coupure du 29 juillet au 03 ao\u00fbt m\u2019a fait du bien et cela m\u2019a permis de casser un peu mon quotidien.<br>\nDimitri <\/p>\n\n\n\n<p>Quelle belle exp\u00e9rience, un circuit vraiment magnifique, une randonn\u00e9e moyenne de 4h par jour nous a permis d\u2019aller de cabane en cabane. De magnifiques rencontres, malgr\u00e9 un groupe un peu dispers\u00e9 lors des journ\u00e9es de marche nous avons pass\u00e9 beaucoup de bons moments tous ensembles.Je remercie les 9 participants de m\u2019avoir fait confiance lors de cette magnifique randonn\u00e9e.<br>\nGr\u00e9gory <\/p>\n","protected":false},"excerpt":{"rendered":"<p>Du 29 juillet au 3 ao\u00fbt 2019 Chef de course: Gr\u00e9gory Del Torchio Participants: L\u00e9\u00e0 Fringelli (CAS Del\u00e9mont), Sabine Rais (CAS Del\u00e9mont), Ernest-Andr\u00e9 Farine (CAS &#8230;<\/p>\n","protected":false},"author":975901,"featured_media":1116,"comment_status":"closed","ping_status":"closed","sticky":false,"template":"","format":"standard","meta":{"_jetpack_memberships_contains_paid_content":false,"footnotes":""},"categories":[22,1],"tags":[],"class_list":["post-1115","post","type-post","status-publish","format-standard","has-post-thumbnail","hentry","category-recits-de-courses","category-uncategorized"],"jetpack_featured_media_url":"https:\/\/cas-jura.ch\/wordpress\/wp-content\/uploads\/2019\/11\/2019_12_p15-G\u00f6scheneralpsee-scaled-e1574326583451.jpg","jetpack_sharing_enabled":true,"_links":{"self":[{"href":"https:\/\/cas-jura.ch\/index.php?rest_route=\/wp\/v2\/posts\/1115","targetHints":{"allow":["GET"]}}],"collection":[{"href":"https:\/\/cas-jura.ch\/index.php?rest_route=\/wp\/v2\/posts"}],"about":[{"href":"https:\/\/cas-jura.ch\/index.php?rest_route=\/wp\/v2\/types\/post"}],"author":[{"embeddable":true,"href":"https:\/\/cas-jura.ch\/index.php?rest_route=\/wp\/v2\/users\/975901"}],"replies":[{"embeddable":true,"href":"https:\/\/cas-jura.ch\/index.php?rest_route=%2Fwp%2Fv2%2Fcomments&post=1115"}],"version-history":[{"count":2,"href":"https:\/\/cas-jura.ch\/index.php?rest_route=\/wp\/v2\/posts\/1115\/revisions"}],"predecessor-version":[{"id":1394,"href":"https:\/\/cas-jura.ch\/index.php?rest_route=\/wp\/v2\/posts\/1115\/revisions\/1394"}],"wp:featuredmedia":[{"embeddable":true,"href":"https:\/\/cas-jura.ch\/index.php?rest_route=\/wp\/v2\/media\/1116"}],"wp:attachment":[{"href":"https:\/\/cas-jura.ch\/index.php?rest_route=%2Fwp%2Fv2%2Fmedia&parent=1115"}],"wp:term":[{"taxonomy":"category","embeddable":true,"href":"https:\/\/cas-jura.ch\/index.php?rest_route=%2Fwp%2Fv2%2Fcategories&post=1115"},{"taxonomy":"post_tag","embeddable":true,"href":"https:\/\/cas-jura.ch\/index.php?rest_route=%2Fwp%2Fv2%2Ftags&post=1115"}],"curies":[{"name":"wp","href":"https:\/\/api.w.org\/{rel}","templated":true}]}}