{"id":1119,"date":"2019-11-21T10:17:07","date_gmt":"2019-11-21T09:17:07","guid":{"rendered":"https:\/\/cas-jura.ch\/?p=1119"},"modified":"2021-01-15T11:23:48","modified_gmt":"2021-01-15T10:23:48","slug":"nesthorn-arete-ouest-par-la-baltschiederklause","status":"publish","type":"post","link":"https:\/\/cas-jura.ch\/?p=1119","title":{"rendered":"Nesthorn, ar\u00eate Ouest, par la Baltschiederklause"},"content":{"rendered":"\n<p>HM 29 et 30 Juin 2019<\/p>\n\n\n\n<p>Pour les photos de cette course, cliquez <a href=\"https:\/\/photos.app.goo.gl\/LMyJK6vM1sVR7QsP8\">ici<\/a>.<\/p>\n\n\n\n<p>Chef de course&nbsp;: Jean-Bernard Bandelier<br>Participants&nbsp;: Judith, Lydie, S\u00e9bastien, Catherine, Carole, Wladimir <\/p>\n\n\n\n<p>Avec ces 900 m de d\u00e9nivel\u00e9 depuis la cabane, le Nesthorn, qui domine le fond de la tr\u00e8s longue, \u00e9troite et impressionnante Gredetschtal, est c\u00f4t\u00e9 PD+ III. <br>\nUne sympathique approche, qui se faufile entre moraines et n\u00e9v\u00e9s bien redress\u00e9s parfois, avec deux passages en rocher de plusieurs dizaines de m\u00e8tres, dot\u00e9s d\u2019\u00e9chelles et de c\u00e2bles et de pas d\u2019escalade l\u00e9ger, suivie par une longue mont\u00e9e glaci\u00e8re, vous m\u00e8ne au d\u00e9part de l\u2019ar\u00eate Ouest. Cette ar\u00eate est principalement constitu\u00e9e de neige et de glace, fine par endroits, avec un passage raide qui n\u00e9cessite une certaine confiance dans ses crampons pour l\u2019aborder \u2013 le passage \u00ab&nbsp;cl\u00e9&nbsp;\u00bb sans doute.  <br>\nLe samedi matin nous sommes partis de Salmfee, dans la commune d\u2019Ausserberg, situ\u00e9e dans les hauteurs de Vi\u00e8ge, pour rejoindre la cabane Baltschiederklause. Une mont\u00e9e d\u2019environ 9 km et 1500 m de d\u00e9nivel\u00e9. R\u00e9put\u00e9e la plus \u00e9loign\u00e9e des cabanes du CAS, la Baltschiederklause est en cons\u00e9quence aussi la moins fr\u00e9quent\u00e9e. Les cinq heures et demi de marche sous un soleil \u00e9clatant (nous sommes en pleine p\u00e9riode de canicule) nous conduisent le long du plus beau et vertigineux bisse du Valais, nomm\u00e9 \u00ab&nbsp;Niw\u00e4rch&nbsp;\u00bb. Mais nous ne savons pas ce que ce mot veut dire, comme si souvent dans le haut Valais&nbsp;! Une balade o\u00f9 l\u2019on peut travailler ses qualit\u00e9s d\u2019\u00e9quilibriste sur des longues poutres en bois, entour\u00e9es de vues plongeantes et d\u2019une luxuriante v\u00e9g\u00e9tation compos\u00e9e de magnifiques fleurs (qui sont d\u2019ailleurs tr\u00e8s souvent \u00ab&nbsp;comestibles&nbsp;\u00bb selon les experts de notre groupe). <br>\nNotre petit groupe, constitu\u00e9 des s\u0153urs Staub (Judith et Lydie), de la famille Huegli (Sebastien et Catherine), Carole, Jean-Bernard et de moi-m\u00eame, aborde le sentier du Niw\u00e4rch non sans avoir, au pr\u00e9alable, effectu\u00e9 quelques d\u00e9tours afin de bien examiner toutes les possibilit\u00e9s de d\u00e9parts&nbsp;! Nous nous dirigeons vers la Baltschiederklause o\u00f9 Yolanda, la gardienne, et ses parents, nous accueilleront chaleureusement et feront preuve d\u2019une grande hospitalit\u00e9. <br>\nApr\u00e8s avoir apais\u00e9 notre soif et fait connaissance avec le personnel de la cabane, quelques-uns prennent un repos bien m\u00e9rit\u00e9 tandis que d\u2019autres tentent de perfectionner leur connaissance du \u00ab&nbsp;mouflage&nbsp;\u00bb voire m\u00eame de trouver une des nombreuses voies d\u2019escalade trac\u00e9es sur l\u2019imposante falaise de granite orange situ\u00e9e juste derri\u00e8re la cabane. <br>\nYolanda nous mijote un repas avec des vieilles recettes de montagne et, apr\u00e8s une bonne nuit de sommeil et un petit d\u00e9jeuner copieux, nous partons pour le Nesthorn \u00e0 cinq heures du matin, guid\u00e9s par S\u00e9bastien. De bon matin, le ciel est sans nuage mais la temp\u00e9rature reste relativement chaude. Tranquillement, nous franchissons tous les obstacles les doigts dans le nez et bient\u00f4t nous nous retrouvons sur un magnifique sommet, en ayant pratiquement respect\u00e9 le timing pr\u00e9vu (nous comptons large).<br>\nNous profitons des bonnes conditions pour casser la cro\u00fbte. La vue est impressionnante et magnifique&nbsp;! au sud elle plonge dans le Gredetschtal, et le tour d\u2019horizon nous d\u00e9voile l\u2019imposant Aletschhorn, le Bietschhorn, les massifs du Nufenen, Mischabel et Weisshorn, et les sommets qui entourent le L\u00f6tschental.<br>\nPendant que quelques cumulus apparaissent sur les sommets, nous descendons, lentement mais s\u00fbrement, bien concentr\u00e9s sur le passage cl\u00e9. A noter que le chemin du retour a son lot de glissades sur les fesses, sans gravit\u00e9&nbsp;! Vers 15.30h, nous arrivons \u00e0 la cabane, disons adieu \u00e0 Yolanda, et filons \u00e0 vive allure pour Aussenberg, que nous atteignons \u00e0 19.30<\/p>\n\n\n\n<p>Vladimir Wingate<\/p>\n","protected":false},"excerpt":{"rendered":"<p>HM 29 et 30 Juin 2019 Pour les photos de cette course, cliquez ici. Chef de course&nbsp;: Jean-Bernard BandelierParticipants&nbsp;: Judith, Lydie, S\u00e9bastien, Catherine, Carole, Wladimir &#8230;<\/p>\n","protected":false},"author":975901,"featured_media":1120,"comment_status":"closed","ping_status":"closed","sticky":false,"template":"","format":"standard","meta":{"_jetpack_memberships_contains_paid_content":false,"footnotes":""},"categories":[22,1],"tags":[],"class_list":["post-1119","post","type-post","status-publish","format-standard","has-post-thumbnail","hentry","category-recits-de-courses","category-uncategorized"],"jetpack_featured_media_url":"https:\/\/cas-jura.ch\/wordpress\/wp-content\/uploads\/2019\/11\/nesthorn-e1574327816646.jpg","jetpack_sharing_enabled":true,"_links":{"self":[{"href":"https:\/\/cas-jura.ch\/index.php?rest_route=\/wp\/v2\/posts\/1119","targetHints":{"allow":["GET"]}}],"collection":[{"href":"https:\/\/cas-jura.ch\/index.php?rest_route=\/wp\/v2\/posts"}],"about":[{"href":"https:\/\/cas-jura.ch\/index.php?rest_route=\/wp\/v2\/types\/post"}],"author":[{"embeddable":true,"href":"https:\/\/cas-jura.ch\/index.php?rest_route=\/wp\/v2\/users\/975901"}],"replies":[{"embeddable":true,"href":"https:\/\/cas-jura.ch\/index.php?rest_route=%2Fwp%2Fv2%2Fcomments&post=1119"}],"version-history":[{"count":3,"href":"https:\/\/cas-jura.ch\/index.php?rest_route=\/wp\/v2\/posts\/1119\/revisions"}],"predecessor-version":[{"id":1393,"href":"https:\/\/cas-jura.ch\/index.php?rest_route=\/wp\/v2\/posts\/1119\/revisions\/1393"}],"wp:featuredmedia":[{"embeddable":true,"href":"https:\/\/cas-jura.ch\/index.php?rest_route=\/wp\/v2\/media\/1120"}],"wp:attachment":[{"href":"https:\/\/cas-jura.ch\/index.php?rest_route=%2Fwp%2Fv2%2Fmedia&parent=1119"}],"wp:term":[{"taxonomy":"category","embeddable":true,"href":"https:\/\/cas-jura.ch\/index.php?rest_route=%2Fwp%2Fv2%2Fcategories&post=1119"},{"taxonomy":"post_tag","embeddable":true,"href":"https:\/\/cas-jura.ch\/index.php?rest_route=%2Fwp%2Fv2%2Ftags&post=1119"}],"curies":[{"name":"wp","href":"https:\/\/api.w.org\/{rel}","templated":true}]}}