{"id":1295,"date":"2020-02-02T08:00:00","date_gmt":"2020-02-02T07:00:00","guid":{"rendered":"https:\/\/cas-jura.ch\/?p=1295"},"modified":"2020-04-20T22:19:52","modified_gmt":"2020-04-20T20:19:52","slug":"la-montagne-en-cadeau","status":"publish","type":"post","link":"https:\/\/cas-jura.ch\/?p=1295","title":{"rendered":"La Montagne en cadeau"},"content":{"rendered":"\n<h4 class=\"wp-block-heading\">PORTRAIT<\/h4>\n\n\n\n<p><strong>Matthieu Fournier, pr\u00e9sentateur de PAJU,<br>31 ans, mari\u00e9, un fils de 16 mois<\/strong><\/p>\n\n\n\n<p><strong>JURalpes : Qu\u2019est-ce qui t\u2019a men\u00e9 \u00e0 la montagne? <\/strong><\/p>\n\n\n\n<p><em>Matthieu Fournier: Simplement la famille, gr\u00e2ce mon p\u00e8re qui \u00e9tait guide de montagne et ma m\u00e8re qui nous a toujours emmen\u00e9s avec eux. Je retrouve des photos sur lesquelles on me voit escaladant un rocher \u00e0 3 ans. Ils nous ont transmis leur passion \u00e0 moi et \u00e0 mon fr\u00e8re en nous ouvrant grand la voie de la montagne.<\/em><\/p>\n\n\n\n<p><strong>Qu\u2019est-ce qui te fait y retourner ? <\/strong><\/p>\n\n\n\n<p><em>C\u2019est le travail qui  m\u2019avait un peu emp\u00each\u00e9 d\u2019y retourner. Avec la vie de  famille et mon travail de journaliste, c\u2019\u00e9tait devenu compliqu\u00e9. C\u2019est PAJU qui m\u2019a permis d\u2019y passer \u00e0 nouveau  beaucoup de temps. J\u2019y prends beaucoup de plaisir et cela me permet de montrer la montagne aux Suisses.<\/em><\/p>\n\n\n\n<p><strong>Soyons clair: c\u2019est le job de r\u00eave, non? <\/strong><\/p>\n\n\n\n<p><em>Pour moi c\u2019est le job de r\u00eave, oui. Mais j\u2019ai de nombreux coll\u00e8gues pour qui ce serait un travail infernal! Devoir marcher autant, porter des sacs lourds, se retrouver dans le froid pour raconter une histoire qu\u2019on pourrait tr\u00e8s bien raconter dans un jardin botanique ne va pas de soi pour tout le monde. Mais moi, je ne pourrais pas r\u00eaver mieux \u00e0 la RTS.<\/em><\/p>\n\n\n\n<p><strong>Justement, en tant que pr\u00e9sentateur de PAJU, que souhaites-tu transmettre de la montagne? <\/strong><\/p>\n\n\n\n<p><em>J\u2019esp\u00e8re sinc\u00e8rement transmettre le go\u00fbt du beau de cette nature-l\u00e0. La curiosit\u00e9 d\u2019aller voir \u00e0 quoi \u00e7a ressemble. Je crois que cette beaut\u00e9 donne envie aux gens de prendre soin de la montagne. PAJU n\u2019est pas une \u00e9mission engag\u00e9e \u00e9cologiquement, mais implicitement. Notre message est d\u2019inviter \u00e0 chercher le beau, le simple et de le pr\u00e9server et par cela de pr\u00e9server la nature.<\/em><\/p>\n\n\n\n<p><strong>Dans PAJU, nous t\u2019avons vu \u00e0 ski, \u00e0 pied et \u00e0 v\u00e9lo. Mais quel est le meilleur moyen de d\u00e9couvrir la montagne?<\/strong><\/p>\n\n\n\n<p><em>Le plus agr\u00e9able, c\u2019est quand m\u00eame la peau de phoque. Ce n\u2019est pas beaucoup plus compliqu\u00e9 que la marche en mont\u00e9e et on prend un tel plaisir en descente! C\u2019est une vraie \u00e9vasion ! Le tout accompagn\u00e9 de quelqu\u2019un qui conna\u00eet bien le terrain pour ne garder que le plaisir, sans l\u2019inqui\u00e9tude.<\/em><\/p>\n\n\n\n<p><strong>Et qu\u2019est-ce qui nous attends dans les prochains \u00e9pisodes? Un tour \u00e0 cheval Franche-Montagne ? <\/strong><\/p>\n\n\n\n<p><em>Ce serait pas mal \u00e7a, je n\u2019y avais pens\u00e9! Il y aurait un certain cachet \u00e0 faire le Raimeux \u00e0 cheval. En fait, en 2020 nous ferons la tourn\u00e9e des points culminants de chaque canton suisse. Nous allons essayer de multiplier les moyens de locomotion pour poursuivre nos d\u00e9couvertes. Marche, parapente, luge et m\u00eame ski de fond sont envisag\u00e9s alors pourquoi pas le cheval des Franches-Montagnes?<\/em><\/p>\n\n\n\n<p><strong>Tu sembles bien conna\u00eetre les Alpes. Peux-tu en dire autant du Jura? <\/strong><\/p>\n\n\n\n<p><em>Par rapport au Valaisan standard, je ne m\u2019en sors pas trop mal! Je ne peux pas citer tous les sommets du Jura mais j\u2019ai quand m\u00eame fait le Raimeux en partant de Rebeuvelier et \u00abla Sp\u00e9ciale\u00bb \u00e0 Moutier en me lan\u00e7ant dans le 6b au lieu du 5a comme une andouille (sic). (Pas comme une andouille: comme tout le monde! Ndlr). C\u2019\u00e9tait ma premi\u00e8re grimpe de l\u2019ann\u00e9e et je dois avouer que ce n\u2019\u00e9tait pas tr\u00e8s \u00e9l\u00e9gant.<\/em><\/p>\n\n\n\n<p><strong>Qu\u2019est-ce que tu y appr\u00e9cies particuli\u00e8rement? <\/strong><\/p>\n\n\n\n<p><em>Les jurassiens! Ils sont sympathiques, joyeux, cordiaux et il r\u00e8gne partout une atmosph\u00e8re de village o\u00f9 les gens se saluent et discutent volontiers m\u00eame s\u2019ils ne se connaissent pas. Ensuite, les paysages jurassiens qui sont tr\u00e8s riches et diversifi\u00e9s pour un si petit territoire. L\u2019\u00e9t\u00e9 pass\u00e9e \u00e0 v\u00e9lo je suis pass\u00e9 en un jour de Del\u00e9mont aux Franches en passant par Saint-Ursanne, c\u2019est vari\u00e9, beau et sauvage et comme je n\u2019ai rien contre les \u00e9oliennes, j\u2019admire vraiment la r\u00e9gion dans sa globalit\u00e9.<\/em><\/p>\n\n\n\n<ul class=\"wp-block-list\"><li><strong>Un livre de montagne \u00e0 nous proposer?<\/strong> <em>La trilogie de <\/em>Premier de Cord\u00e9e \u2013 La Grande Crevasse \u2013 Le Retour \u00e0 la Montagne <em>qui a donn\u00e9 son nom \u00e0 mon fils: Zian. C\u2019est un classique qui fait r\u00eaver et par lequel il faut passer.<\/em><\/li><li><strong>Un sommet?<\/strong> <em>Le Bietschhorn que je voyais tous les soirs en rentrant du coll\u00e8ge. Et que je vois tous les jours au-dessus de chez moi. C\u2019est le soleil couchant sur ce sommet qui me fait r\u00eaver. Il n\u2019est pas \u00e0 4000 m et en est d\u2019autant plus beau.<\/em><\/li><li><strong>Une cabane?<\/strong> <em>Bertol (Val d\u2019Arolla) ou j\u2019ai travaill\u00e9 comme gardien pendant un hiver entier.<\/em><\/li><li><strong>Un film de montagne?<\/strong> Fly the Alps<em>, L\u2019aventure de deux jeunes suisses tr\u00e8s dr\u00f4les qui ont travers\u00e9 les alpes en gravissant le point culminant de chaque pays alpin.<\/em><\/li><li><strong>Une personne?<\/strong><em> Jacques Richon, c\u2019est lui qui m\u2019a tout appris en montagne. Apr\u00e8s le d\u00e9c\u00e8s de mon p\u00e8re, j\u2019ai eu envie de continuer \u00e0 faire de la montagne et ma m\u00e8re m\u2019a mis dans les pattes de ce guide, m\u00e9decin \u00e0 Air Glacier qui m\u2019a tout appris en montagne.<\/em><\/li><\/ul>\n\n\n\n<p class=\"has-text-align-right\"><strong>Propos recueillis par Ignace Berret<\/strong><\/p>\n","protected":false},"excerpt":{"rendered":"<p>PORTRAIT Matthieu Fournier, pr\u00e9sentateur de PAJU,31 ans, mari\u00e9, un fils de 16 mois JURalpes : Qu\u2019est-ce qui t\u2019a men\u00e9 \u00e0 la montagne? Matthieu Fournier: Simplement &#8230;<\/p>\n","protected":false},"author":975901,"featured_media":1300,"comment_status":"closed","ping_status":"closed","sticky":false,"template":"","format":"standard","meta":{"_jetpack_memberships_contains_paid_content":false,"footnotes":""},"categories":[1],"tags":[],"class_list":["post-1295","post","type-post","status-publish","format-standard","has-post-thumbnail","hentry","category-uncategorized"],"jetpack_featured_media_url":"https:\/\/cas-jura.ch\/wordpress\/wp-content\/uploads\/2020\/01\/DSF6005-scaled-e1580412956866.jpg","jetpack_sharing_enabled":true,"_links":{"self":[{"href":"https:\/\/cas-jura.ch\/index.php?rest_route=\/wp\/v2\/posts\/1295","targetHints":{"allow":["GET"]}}],"collection":[{"href":"https:\/\/cas-jura.ch\/index.php?rest_route=\/wp\/v2\/posts"}],"about":[{"href":"https:\/\/cas-jura.ch\/index.php?rest_route=\/wp\/v2\/types\/post"}],"author":[{"embeddable":true,"href":"https:\/\/cas-jura.ch\/index.php?rest_route=\/wp\/v2\/users\/975901"}],"replies":[{"embeddable":true,"href":"https:\/\/cas-jura.ch\/index.php?rest_route=%2Fwp%2Fv2%2Fcomments&post=1295"}],"version-history":[{"count":3,"href":"https:\/\/cas-jura.ch\/index.php?rest_route=\/wp\/v2\/posts\/1295\/revisions"}],"predecessor-version":[{"id":1390,"href":"https:\/\/cas-jura.ch\/index.php?rest_route=\/wp\/v2\/posts\/1295\/revisions\/1390"}],"wp:featuredmedia":[{"embeddable":true,"href":"https:\/\/cas-jura.ch\/index.php?rest_route=\/wp\/v2\/media\/1300"}],"wp:attachment":[{"href":"https:\/\/cas-jura.ch\/index.php?rest_route=%2Fwp%2Fv2%2Fmedia&parent=1295"}],"wp:term":[{"taxonomy":"category","embeddable":true,"href":"https:\/\/cas-jura.ch\/index.php?rest_route=%2Fwp%2Fv2%2Fcategories&post=1295"},{"taxonomy":"post_tag","embeddable":true,"href":"https:\/\/cas-jura.ch\/index.php?rest_route=%2Fwp%2Fv2%2Ftags&post=1295"}],"curies":[{"name":"wp","href":"https:\/\/api.w.org\/{rel}","templated":true}]}}