{"id":1324,"date":"2020-02-07T15:44:39","date_gmt":"2020-02-07T14:44:39","guid":{"rendered":"https:\/\/cas-jura.ch\/?p=1324"},"modified":"2021-01-15T11:23:28","modified_gmt":"2021-01-15T10:23:28","slug":"p-une-course-de-noel-tres-dans-le-vent","status":"publish","type":"post","link":"https:\/\/cas-jura.ch\/?p=1324","title":{"rendered":"P \u2013 Une course de No\u00ebl tr\u00e8s dans le vent&#8230;"},"content":{"rendered":"\n<p>Gr\u00e2ce \u00e0 une intense campagne de pri\u00e8res et apr\u00e8s avoir br\u00fbl\u00e9 un fagot de cierges, Ernest a finalement r\u00e9ussi \u00e0 faire cesser le d\u00e9luge et m\u00eame s\u2019\u00e9carter les nuages. Les 12 p\u00e9lerin-e-s de la f\u00eate de la Natalit\u00e9 ont donc pu se passer de leur p\u00e8lerine pour suivre l\u2019\u00e9toile de No\u00ebl sur le Chemin de la Grande Roche au d\u00e9part d\u2019Asuel. En revanche, en aussi bonne forme que les marcheurs, c\u2019est \u00e0 vi lents coups de boutoir que le souffle d\u2019Eole s\u2019ing\u00e9nia \u00e0 venir encoubler les vaillantes enjamb\u00e9es de la petite troupe et \u00e0 l\u2019obliger \u00e0 infl\u00e9chir son trajet \u00e0 travers champs plut\u00f4t que sous la menace des branchages qui n\u2019\u00e9taient pas encore tomb\u00e9s. Soucieux du bien-\u00eatre de ses marcheur-euse-s, n\u2019oubliant pas ses talents d\u2019ancien aubergiste, notre chef de course avait organis\u00e9 un ravitaillement interm\u00e9diaire autour de la confortable table de la Grande Roche offerte par la commune de Wallisellen, nous n\u2019avons cependant pas oubli\u00e9 de nous d\u00e9lecter \u00e0 la contemplation de notre riante Ajoie baignant par intermittences sous les rayons d\u2019un soleil encore h\u00e9sitant. Pass\u00e9e la Roche du Cerf et en apercevant au loin la pointe du Gy, apr\u00e8s avoir \u00e9t\u00e9 rejoints par Joseph, nous avons mis le cap sur la Pierque avant de gravir les derniers hectom\u00e8tres qui nous s\u00e9paraient de l\u2019antenne des Ordons o\u00f9 notre GO avait mis sur pied un ap\u00e9ro agr\u00e9ment\u00e9 de salmonid\u00e9s sur toast d\u00e9licatement pr\u00e9par\u00e9s par Alain et Han.<\/p>\n\n\n\n<figure class=\"wp-block-image size-large is-resized\"><img loading=\"lazy\" decoding=\"async\" src=\"https:\/\/cas-jura.ch\/wordpress\/wp-content\/uploads\/2020\/02\/course_de_noel_2-1024x733.png\" alt=\"\" class=\"wp-image-1326\" width=\"512\" height=\"367\" srcset=\"https:\/\/cas-jura.ch\/wordpress\/wp-content\/uploads\/2020\/02\/course_de_noel_2-1024x733.png 1024w, https:\/\/cas-jura.ch\/wordpress\/wp-content\/uploads\/2020\/02\/course_de_noel_2-300x215.png 300w, https:\/\/cas-jura.ch\/wordpress\/wp-content\/uploads\/2020\/02\/course_de_noel_2-768x550.png 768w, https:\/\/cas-jura.ch\/wordpress\/wp-content\/uploads\/2020\/02\/course_de_noel_2.png 1060w\" sizes=\"auto, (max-width: 512px) 100vw, 512px\" \/><\/figure>\n\n\n\n<p>La suite se d\u00e9roula dans le confort discret de notre cabane \u00e0 la grande satisfaction de nos papilles. Soucieux d\u2019aiguiser la curiosit\u00e9 des absent-e-s, nous tairons le d\u00e9tail de ces libations que le lecteur pourra d\u00e9couvrir en s\u2019inscrivant \u00e0 la prochaine \u00e9dition ! C\u2019est en longeant le ruisseau du m\u00eame nom que nous avons ensuite rejoint Asuel et \u00e9chang\u00e9 nos bons v\u0153ux en m\u00eame temps que remerci\u00e9 les organisateur-rice-s qui avaient concoct\u00e9 cette belle \u00e9quip\u00e9e gastronomique, en particulier Ernest, Han, et les deux Alain, avec l\u2019unique regret de n\u2019avoir de loin pas d\u00e9pens\u00e9 toutes les calories que nous avions ingurgit\u00e9es.<br> A bon entendeur pour la prochaine \u00e9dition !<\/p>\n\n\n\n<p class=\"has-text-align-right\"><strong>Michel Braun<\/strong><\/p>\n","protected":false},"excerpt":{"rendered":"<p>Gr\u00e2ce \u00e0 une intense campagne de pri\u00e8res et apr\u00e8s avoir br\u00fbl\u00e9 un fagot de cierges, Ernest a finalement r\u00e9ussi \u00e0 faire cesser le d\u00e9luge et &#8230;<\/p>\n","protected":false},"author":975901,"featured_media":1325,"comment_status":"closed","ping_status":"closed","sticky":false,"template":"","format":"standard","meta":{"_jetpack_memberships_contains_paid_content":false,"footnotes":""},"categories":[22,1],"tags":[],"class_list":["post-1324","post","type-post","status-publish","format-standard","has-post-thumbnail","hentry","category-recits-de-courses","category-uncategorized"],"jetpack_featured_media_url":"https:\/\/cas-jura.ch\/wordpress\/wp-content\/uploads\/2020\/02\/course_de_noel.png","jetpack_sharing_enabled":true,"_links":{"self":[{"href":"https:\/\/cas-jura.ch\/index.php?rest_route=\/wp\/v2\/posts\/1324","targetHints":{"allow":["GET"]}}],"collection":[{"href":"https:\/\/cas-jura.ch\/index.php?rest_route=\/wp\/v2\/posts"}],"about":[{"href":"https:\/\/cas-jura.ch\/index.php?rest_route=\/wp\/v2\/types\/post"}],"author":[{"embeddable":true,"href":"https:\/\/cas-jura.ch\/index.php?rest_route=\/wp\/v2\/users\/975901"}],"replies":[{"embeddable":true,"href":"https:\/\/cas-jura.ch\/index.php?rest_route=%2Fwp%2Fv2%2Fcomments&post=1324"}],"version-history":[{"count":5,"href":"https:\/\/cas-jura.ch\/index.php?rest_route=\/wp\/v2\/posts\/1324\/revisions"}],"predecessor-version":[{"id":1388,"href":"https:\/\/cas-jura.ch\/index.php?rest_route=\/wp\/v2\/posts\/1324\/revisions\/1388"}],"wp:featuredmedia":[{"embeddable":true,"href":"https:\/\/cas-jura.ch\/index.php?rest_route=\/wp\/v2\/media\/1325"}],"wp:attachment":[{"href":"https:\/\/cas-jura.ch\/index.php?rest_route=%2Fwp%2Fv2%2Fmedia&parent=1324"}],"wp:term":[{"taxonomy":"category","embeddable":true,"href":"https:\/\/cas-jura.ch\/index.php?rest_route=%2Fwp%2Fv2%2Fcategories&post=1324"},{"taxonomy":"post_tag","embeddable":true,"href":"https:\/\/cas-jura.ch\/index.php?rest_route=%2Fwp%2Fv2%2Ftags&post=1324"}],"curies":[{"name":"wp","href":"https:\/\/api.w.org\/{rel}","templated":true}]}}