{"id":1331,"date":"2020-02-10T08:00:00","date_gmt":"2020-02-10T07:00:00","guid":{"rendered":"https:\/\/cas-jura.ch\/?p=1331"},"modified":"2021-01-15T11:23:28","modified_gmt":"2021-01-15T10:23:28","slug":"hm-aletschhorn-4193-m","status":"publish","type":"post","link":"https:\/\/cas-jura.ch\/?p=1331","title":{"rendered":"HM &#8211; Aletschhorn (4193 m)"},"content":{"rendered":"\n<ul class=\"wp-block-list\"><li> 14-15 septembre 2019<\/li><li> Chef de Course : Jean Bernard Bandelier<\/li><li> Participants : S\u00e9bastien H\u00fcgli, Carlos Mu\u00f1oz, Brice Prudat, Lydie Staub, Vladimir Wingate<\/li><\/ul>\n\n\n\n<p>Pr\u00e9vue le week-end du 7-8 septembre, J-B a judicieusement d\u00e9cider de repousser cette ascension au week-end suivant. Cela a malheureusement exclu certains participants, mais nous a permis de profiter d\u2019un soleil radieux au lieu de la pluie et de la neige. Petit bonus : Nous avons pu profiter de la d\u00e9salpe de Blatten (avec lanceurs de drapeaux et Jodleurs svp !).<br>Une fois le(s) caf\u00e9(s) fini(s), d\u00e9part pour Belalp avec la t\u00e9l\u00e9cabine. De l\u00e0, suivant le sentier de la transhumance de moutons de Belalp (heureusement sans les moutons), nous longeons les hauteurs du glacier d\u2019Aletsch puis de la longue langue mourante du Oberaletsch pour atteindre la cabane du m\u00eame nom. Un soleil chaleureux pour la saison peut encore baigner nos boissons rafra\u00eechissantes et nous pouvons observer notre objectif du week-end. L\u2019heure du souper approche et les paris sont lanc\u00e9s ; chili con carne ? Spaghetti bolognaise ? Rago\u00fbt ? C\u2019est le rago\u00fbt qui gagnera et qui nous  remplira pleinement l\u2019estomac avant une nuit calme et fra\u00eeche, mais br\u00e8ve.<br>D\u00e9part avec les \u00e9toiles pour entamer cette ascension, somme toute facilement r\u00e9sum\u00e9e en 3 \u00e9tapes. Premi\u00e8rement, descendre les 100 m d\u2019\u00e9chelles qui nous am\u00e8ne au glacier (on pense d\u00e9j\u00e0 \u00e0 devoir les remonter plus tard !). Deuxi\u00e8mement, longer le glacier. Troisi\u00e8mement, monter tout droit !<br>On monte d\u2019abords gr\u00e2ce \u00e0 des cha\u00eenes qui facilitent l\u2019escalade sur la moraine. Le terrain instable permet \u00e0 tous les pr\u00e9c\u00e9dents de jeter du sable sur les suivants (un pur bonheur pour la voiture balais). Ensuite, on peut<br> suivre l\u2019ar\u00eate avec un bref interm\u00e8de sur glacier d\u2019o\u00f9 on a pu profiter du soleil levant inondant les sommets alentours. Au sommet \u00e0 9 h, l\u2019heure de manger ! Pas trop longtemps, parce que malgr\u00e9 le soleil r\u00e9gnant sans partage, \u00ab y fait pas chaud ! \u00bb<br>Descente d\u00e9licate, mais J-B et Lydie m\u00e8ne la danse et nous revoil\u00e0 sur le glacier, dont Vladimir d\u00e9cide d\u2019acc\u00e9l\u00e9rer la fonte en en ramenant un bout pour mettre dans son Rivella. Il profitera de son retard pour prendre un bain dans une marre glaciaire. Pendant ce temps, les autres remontent les \u00e9chelles qui m\u00e8nent \u00e0 la cabane. On s\u2019\u00e9tonne d\u2019\u00eatre autant en forme !<br>Du coup on profite de boire un verre et de manger encore un petit bout et tout le monde profite de la baignoire revigorante. Alors qu\u2019on se motive \u00e0 repartir, la patronne nous ram\u00e8ne des petits sal\u00e9s pour d\u00e9barrasser les restes (c\u2019est le dernier jour d\u2019ouverture). Du coup, on reprend un verre et on mange encore. En fin de compte, on sera rest\u00e9 presque deux heures \u00e0 profiter de cette derni\u00e8re journ\u00e9e quasi estivale.<br>On reprend la descente : d\u00e9part difficile ! en tout cas pour votre rapporteur. Carlos et S\u00e9b mettent les gaz (Carlos veut prendre son train !), Vladimir et J-B descende tranquille, et Lydie et moi-m\u00eame tra\u00eenons les pattes. \u00ab C\u2019que c\u2019est loin Belalp ! \u00bb<br>Mais nous voil\u00e0 tous arriv\u00e9, et on peut enfin profiter du g\u00e2teau (Merci Sabine !) \u00e0 Blatten !<br>Merci J-B pour l\u2019organisation de ce magnifique week-end.<\/p>\n\n\n\n<p class=\"has-text-align-right\"><strong>Brice Prudat<\/strong><\/p>\n","protected":false},"excerpt":{"rendered":"<p>14-15 septembre 2019 Chef de Course : Jean Bernard Bandelier Participants : S\u00e9bastien H\u00fcgli, Carlos Mu\u00f1oz, Brice Prudat, Lydie Staub, Vladimir Wingate Pr\u00e9vue le week-end &#8230;<\/p>\n","protected":false},"author":975901,"featured_media":1333,"comment_status":"closed","ping_status":"closed","sticky":false,"template":"","format":"standard","meta":{"_jetpack_memberships_contains_paid_content":false,"footnotes":""},"categories":[22,1],"tags":[],"class_list":["post-1331","post","type-post","status-publish","format-standard","has-post-thumbnail","hentry","category-recits-de-courses","category-uncategorized"],"jetpack_featured_media_url":"https:\/\/cas-jura.ch\/wordpress\/wp-content\/uploads\/2020\/02\/hm_belalp.png","jetpack_sharing_enabled":true,"_links":{"self":[{"href":"https:\/\/cas-jura.ch\/index.php?rest_route=\/wp\/v2\/posts\/1331","targetHints":{"allow":["GET"]}}],"collection":[{"href":"https:\/\/cas-jura.ch\/index.php?rest_route=\/wp\/v2\/posts"}],"about":[{"href":"https:\/\/cas-jura.ch\/index.php?rest_route=\/wp\/v2\/types\/post"}],"author":[{"embeddable":true,"href":"https:\/\/cas-jura.ch\/index.php?rest_route=\/wp\/v2\/users\/975901"}],"replies":[{"embeddable":true,"href":"https:\/\/cas-jura.ch\/index.php?rest_route=%2Fwp%2Fv2%2Fcomments&post=1331"}],"version-history":[{"count":2,"href":"https:\/\/cas-jura.ch\/index.php?rest_route=\/wp\/v2\/posts\/1331\/revisions"}],"predecessor-version":[{"id":1387,"href":"https:\/\/cas-jura.ch\/index.php?rest_route=\/wp\/v2\/posts\/1331\/revisions\/1387"}],"wp:featuredmedia":[{"embeddable":true,"href":"https:\/\/cas-jura.ch\/index.php?rest_route=\/wp\/v2\/media\/1333"}],"wp:attachment":[{"href":"https:\/\/cas-jura.ch\/index.php?rest_route=%2Fwp%2Fv2%2Fmedia&parent=1331"}],"wp:term":[{"taxonomy":"category","embeddable":true,"href":"https:\/\/cas-jura.ch\/index.php?rest_route=%2Fwp%2Fv2%2Fcategories&post=1331"},{"taxonomy":"post_tag","embeddable":true,"href":"https:\/\/cas-jura.ch\/index.php?rest_route=%2Fwp%2Fv2%2Ftags&post=1331"}],"curies":[{"name":"wp","href":"https:\/\/api.w.org\/{rel}","templated":true}]}}