{"id":1518,"date":"2020-05-29T08:43:59","date_gmt":"2020-05-29T06:43:59","guid":{"rendered":"https:\/\/cas-jura.ch\/?p=1518"},"modified":"2020-05-29T08:43:59","modified_gmt":"2020-05-29T06:43:59","slug":"cest-reparti","status":"publish","type":"post","link":"https:\/\/cas-jura.ch\/?p=1518","title":{"rendered":"C&rsquo;est reparti !"},"content":{"rendered":"\n<p>Cher.\u00e8re.s membres,<br>Cette fois, \u00e7a y est : les activit\u00e9s reprennent ! Notre programme des courses a \u00e9t\u00e9 mis \u00e0 jour, vous pouvez le consulter <a href=\"https:\/\/cas-jura.ch\/?page_id=950\">ici<\/a>. Nous attendons vos inscriptions avec impatience !<\/p>\n\n\n\n<p>Nous en profitons pour vous rappeler que le confinement a eu des cons\u00e9quences graves sur de nombreux commerces et entreprises : nous vous invitons donc \u00e0 penser \u00e0 <a rel=\"noreferrer noopener\" href=\"https:\/\/drive.google.com\/file\/d\/1ss-p9fh3XYxXwAFmwswXvaCgIwhGCHvp\/view?usp=sharing\" target=\"_blank\">nos annonceurs<\/a> pour vos prochains achats, travaux, repas au restaurant, etc.<\/p>\n\n\n\n<p>Le comit\u00e9<\/p>\n","protected":false},"excerpt":{"rendered":"<p>Cher.\u00e8re.s membres,Cette fois, \u00e7a y est : les activit\u00e9s reprennent ! Notre programme des courses a \u00e9t\u00e9 mis \u00e0 jour, vous pouvez le consulter ici. &#8230;<\/p>\n","protected":false},"author":975901,"featured_media":1519,"comment_status":"closed","ping_status":"closed","sticky":false,"template":"","format":"standard","meta":{"_jetpack_memberships_contains_paid_content":false,"footnotes":""},"categories":[1],"tags":[],"class_list":["post-1518","post","type-post","status-publish","format-standard","has-post-thumbnail","hentry","category-uncategorized"],"jetpack_featured_media_url":"https:\/\/cas-jura.ch\/wordpress\/wp-content\/uploads\/2020\/05\/Switzerland_Mountains_440112.jpg","jetpack_sharing_enabled":true,"_links":{"self":[{"href":"https:\/\/cas-jura.ch\/index.php?rest_route=\/wp\/v2\/posts\/1518","targetHints":{"allow":["GET"]}}],"collection":[{"href":"https:\/\/cas-jura.ch\/index.php?rest_route=\/wp\/v2\/posts"}],"about":[{"href":"https:\/\/cas-jura.ch\/index.php?rest_route=\/wp\/v2\/types\/post"}],"author":[{"embeddable":true,"href":"https:\/\/cas-jura.ch\/index.php?rest_route=\/wp\/v2\/users\/975901"}],"replies":[{"embeddable":true,"href":"https:\/\/cas-jura.ch\/index.php?rest_route=%2Fwp%2Fv2%2Fcomments&post=1518"}],"version-history":[{"count":1,"href":"https:\/\/cas-jura.ch\/index.php?rest_route=\/wp\/v2\/posts\/1518\/revisions"}],"predecessor-version":[{"id":1520,"href":"https:\/\/cas-jura.ch\/index.php?rest_route=\/wp\/v2\/posts\/1518\/revisions\/1520"}],"wp:featuredmedia":[{"embeddable":true,"href":"https:\/\/cas-jura.ch\/index.php?rest_route=\/wp\/v2\/media\/1519"}],"wp:attachment":[{"href":"https:\/\/cas-jura.ch\/index.php?rest_route=%2Fwp%2Fv2%2Fmedia&parent=1518"}],"wp:term":[{"taxonomy":"category","embeddable":true,"href":"https:\/\/cas-jura.ch\/index.php?rest_route=%2Fwp%2Fv2%2Fcategories&post=1518"},{"taxonomy":"post_tag","embeddable":true,"href":"https:\/\/cas-jura.ch\/index.php?rest_route=%2Fwp%2Fv2%2Ftags&post=1518"}],"curies":[{"name":"wp","href":"https:\/\/api.w.org\/{rel}","templated":true}]}}