{"id":1538,"date":"2020-07-13T15:43:47","date_gmt":"2020-07-13T13:43:47","guid":{"rendered":"https:\/\/cas-jura.ch\/?p=1538"},"modified":"2021-01-15T14:36:44","modified_gmt":"2021-01-15T13:36:44","slug":"ouverture-estivale-des-ordons","status":"publish","type":"post","link":"https:\/\/cas-jura.ch\/?p=1538","title":{"rendered":"Ouverture estivale des Ordons"},"content":{"rendered":"\n<p>Pas de grands voyages cet \u00e9t\u00e9 ? Alors venez en vacances \u00e0 la Cabane des Ordons !<\/p>\n\n\n\n<p>Vous trouverez <a href=\"https:\/\/cas-jura.ch\/wordpress\/wp-content\/uploads\/2020\/07\/Annonces-pour-les-activit\u00e9s-durant-louverture-estivale-1.pdf\">ici<\/a> le descriptif des activit\u00e9s pr\u00e9vues lors de cette petite semaine (ou long week-end) clubistique \u00ab\u00a0\u00e0 domicile\u00a0\u00bb&#8230;<\/p>\n\n\n\n<p>Int\u00e9ress\u00e9.e par une activit\u00e9 ? Inscrivez-vous <a rel=\"noreferrer noopener\" href=\"https:\/\/forms.gle\/8DEuJ3aAPRG88VNE7\" target=\"_blank\">l<\/a><a href=\"https:\/\/forms.gle\/8DEuJ3aAPRG88VNE7\" target=\"_blank\" rel=\"noreferrer noopener\">\u00e0<\/a> !<\/p>\n","protected":false},"excerpt":{"rendered":"<p>Pas de grands voyages cet \u00e9t\u00e9 ? Alors venez en vacances \u00e0 la Cabane des Ordons ! Vous trouverez ici le descriptif des activit\u00e9s pr\u00e9vues &#8230;<\/p>\n","protected":false},"author":975901,"featured_media":0,"comment_status":"closed","ping_status":"closed","sticky":false,"template":"","format":"standard","meta":{"_jetpack_memberships_contains_paid_content":false,"footnotes":""},"categories":[3],"tags":[],"class_list":["post-1538","post","type-post","status-publish","format-standard","hentry","category-communication"],"jetpack_featured_media_url":"","jetpack_sharing_enabled":true,"_links":{"self":[{"href":"https:\/\/cas-jura.ch\/index.php?rest_route=\/wp\/v2\/posts\/1538","targetHints":{"allow":["GET"]}}],"collection":[{"href":"https:\/\/cas-jura.ch\/index.php?rest_route=\/wp\/v2\/posts"}],"about":[{"href":"https:\/\/cas-jura.ch\/index.php?rest_route=\/wp\/v2\/types\/post"}],"author":[{"embeddable":true,"href":"https:\/\/cas-jura.ch\/index.php?rest_route=\/wp\/v2\/users\/975901"}],"replies":[{"embeddable":true,"href":"https:\/\/cas-jura.ch\/index.php?rest_route=%2Fwp%2Fv2%2Fcomments&post=1538"}],"version-history":[{"count":5,"href":"https:\/\/cas-jura.ch\/index.php?rest_route=\/wp\/v2\/posts\/1538\/revisions"}],"predecessor-version":[{"id":1546,"href":"https:\/\/cas-jura.ch\/index.php?rest_route=\/wp\/v2\/posts\/1538\/revisions\/1546"}],"wp:attachment":[{"href":"https:\/\/cas-jura.ch\/index.php?rest_route=%2Fwp%2Fv2%2Fmedia&parent=1538"}],"wp:term":[{"taxonomy":"category","embeddable":true,"href":"https:\/\/cas-jura.ch\/index.php?rest_route=%2Fwp%2Fv2%2Fcategories&post=1538"},{"taxonomy":"post_tag","embeddable":true,"href":"https:\/\/cas-jura.ch\/index.php?rest_route=%2Fwp%2Fv2%2Ftags&post=1538"}],"curies":[{"name":"wp","href":"https:\/\/api.w.org\/{rel}","templated":true}]}}