{"id":1549,"date":"2020-08-15T19:32:32","date_gmt":"2020-08-15T17:32:32","guid":{"rendered":"https:\/\/cas-jura.ch\/?p=1549"},"modified":"2020-08-15T19:32:32","modified_gmt":"2020-08-15T17:32:32","slug":"information-a-propos-du-covid-19","status":"publish","type":"post","link":"https:\/\/cas-jura.ch\/?p=1549","title":{"rendered":"Information \u00e0 propos du COVID-19"},"content":{"rendered":"\n<h4 class=\"wp-block-heading\">Aux participant.e.s aux courses et autres \u00e9v\u00e9nements organis\u00e9s par la section<\/h4>\n\n\n\n<p>Afin de lutter contre la propagation du COVID-19, la tra\u00e7abilit\u00e9 des participant.e.s \u00e0 nos activit\u00e9s est importante.<\/p>\n\n\n\n<p>Aussi, si vous deviez \u00eatre test\u00e9.e positivement apr\u00e8s avoir fr\u00e9quent\u00e9 une de nos activit\u00e9s, nous vous demandons de prendre contact avec le pr\u00e9pos\u00e9 aux courses.<\/p>\n\n\n\n<p>Les mesures pr\u00e9vues pourront alors \u00eatre mises en place.<\/p>\n\n\n\n<p>Merci \u00e0 vous et belle suite d\u2019\u00e9t\u00e9 !<\/p>\n\n\n\n<p>Pour le comit\u00e9, Agn\u00e8s et Xavier<\/p>\n","protected":false},"excerpt":{"rendered":"<p>Aux participant.e.s aux courses et autres \u00e9v\u00e9nements organis\u00e9s par la section Afin de lutter contre la propagation du COVID-19, la tra\u00e7abilit\u00e9 des participant.e.s \u00e0 nos &#8230;<\/p>\n","protected":false},"author":975901,"featured_media":0,"comment_status":"closed","ping_status":"closed","sticky":false,"template":"","format":"standard","meta":{"_jetpack_memberships_contains_paid_content":false,"footnotes":""},"categories":[1],"tags":[],"class_list":["post-1549","post","type-post","status-publish","format-standard","hentry","category-uncategorized"],"jetpack_featured_media_url":"","jetpack_sharing_enabled":true,"_links":{"self":[{"href":"https:\/\/cas-jura.ch\/index.php?rest_route=\/wp\/v2\/posts\/1549","targetHints":{"allow":["GET"]}}],"collection":[{"href":"https:\/\/cas-jura.ch\/index.php?rest_route=\/wp\/v2\/posts"}],"about":[{"href":"https:\/\/cas-jura.ch\/index.php?rest_route=\/wp\/v2\/types\/post"}],"author":[{"embeddable":true,"href":"https:\/\/cas-jura.ch\/index.php?rest_route=\/wp\/v2\/users\/975901"}],"replies":[{"embeddable":true,"href":"https:\/\/cas-jura.ch\/index.php?rest_route=%2Fwp%2Fv2%2Fcomments&post=1549"}],"version-history":[{"count":1,"href":"https:\/\/cas-jura.ch\/index.php?rest_route=\/wp\/v2\/posts\/1549\/revisions"}],"predecessor-version":[{"id":1550,"href":"https:\/\/cas-jura.ch\/index.php?rest_route=\/wp\/v2\/posts\/1549\/revisions\/1550"}],"wp:attachment":[{"href":"https:\/\/cas-jura.ch\/index.php?rest_route=%2Fwp%2Fv2%2Fmedia&parent=1549"}],"wp:term":[{"taxonomy":"category","embeddable":true,"href":"https:\/\/cas-jura.ch\/index.php?rest_route=%2Fwp%2Fv2%2Fcategories&post=1549"},{"taxonomy":"post_tag","embeddable":true,"href":"https:\/\/cas-jura.ch\/index.php?rest_route=%2Fwp%2Fv2%2Ftags&post=1549"}],"curies":[{"name":"wp","href":"https:\/\/api.w.org\/{rel}","templated":true}]}}