{"id":1615,"date":"2020-10-26T08:16:33","date_gmt":"2020-10-26T07:16:33","guid":{"rendered":"https:\/\/cas-jura.ch\/?p=1615"},"modified":"2020-11-04T09:02:29","modified_gmt":"2020-11-04T08:02:29","slug":"covid-19-nouvelles-consequences","status":"publish","type":"post","link":"https:\/\/cas-jura.ch\/?p=1615","title":{"rendered":"COVID-19 : nouvelles cons\u00e9quences"},"content":{"rendered":"\n<p>L&rsquo;\u00e9volution de la situation sanitaire a de nouvelles cons\u00e9quences sur notre programme : <br>&#8211; <strong>l&rsquo;AG telle que pr\u00e9vue le 28 novembre n&rsquo;aura pas lieu<\/strong>; des informations quant \u00e0 l\u2019organisation de cette AG seront apport\u00e9es <strong>d\u00e8s le 19 novembre<\/strong>.<br>&#8211; la marche et le repas de St-Martin (7 novembre) sont annul\u00e9s.<br>&#8211; les cours et les entra\u00eenements d&rsquo;escalade aux Tilleuls n&rsquo;auront pas lieu jusqu&rsquo;au 15 novembre au moins. Rendez-vous sur <a href=\"http:\/\/grimpajoie.ch\">grimpajoie.ch<\/a> pour rester inform\u00e9.<\/p>\n","protected":false},"excerpt":{"rendered":"<p>L&rsquo;\u00e9volution de la situation sanitaire a de nouvelles cons\u00e9quences sur notre programme : &#8211; l&rsquo;AG telle que pr\u00e9vue le 28 novembre n&rsquo;aura pas lieu; des &#8230;<\/p>\n","protected":false},"author":975901,"featured_media":0,"comment_status":"closed","ping_status":"closed","sticky":false,"template":"","format":"standard","meta":{"_jetpack_memberships_contains_paid_content":false,"footnotes":""},"categories":[1],"tags":[],"class_list":["post-1615","post","type-post","status-publish","format-standard","hentry","category-uncategorized"],"jetpack_featured_media_url":"","jetpack_sharing_enabled":true,"_links":{"self":[{"href":"https:\/\/cas-jura.ch\/index.php?rest_route=\/wp\/v2\/posts\/1615","targetHints":{"allow":["GET"]}}],"collection":[{"href":"https:\/\/cas-jura.ch\/index.php?rest_route=\/wp\/v2\/posts"}],"about":[{"href":"https:\/\/cas-jura.ch\/index.php?rest_route=\/wp\/v2\/types\/post"}],"author":[{"embeddable":true,"href":"https:\/\/cas-jura.ch\/index.php?rest_route=\/wp\/v2\/users\/975901"}],"replies":[{"embeddable":true,"href":"https:\/\/cas-jura.ch\/index.php?rest_route=%2Fwp%2Fv2%2Fcomments&post=1615"}],"version-history":[{"count":3,"href":"https:\/\/cas-jura.ch\/index.php?rest_route=\/wp\/v2\/posts\/1615\/revisions"}],"predecessor-version":[{"id":1619,"href":"https:\/\/cas-jura.ch\/index.php?rest_route=\/wp\/v2\/posts\/1615\/revisions\/1619"}],"wp:attachment":[{"href":"https:\/\/cas-jura.ch\/index.php?rest_route=%2Fwp%2Fv2%2Fmedia&parent=1615"}],"wp:term":[{"taxonomy":"category","embeddable":true,"href":"https:\/\/cas-jura.ch\/index.php?rest_route=%2Fwp%2Fv2%2Fcategories&post=1615"},{"taxonomy":"post_tag","embeddable":true,"href":"https:\/\/cas-jura.ch\/index.php?rest_route=%2Fwp%2Fv2%2Ftags&post=1615"}],"curies":[{"name":"wp","href":"https:\/\/api.w.org\/{rel}","templated":true}]}}