{"id":1621,"date":"2020-11-19T08:01:34","date_gmt":"2020-11-19T07:01:34","guid":{"rendered":"https:\/\/cas-jura.ch\/?p=1621"},"modified":"2020-11-19T08:01:34","modified_gmt":"2020-11-19T07:01:34","slug":"ag-2020","status":"publish","type":"post","link":"https:\/\/cas-jura.ch\/?p=1621","title":{"rendered":"AG 2020"},"content":{"rendered":"\n<p>Ch\u00e8res membres, chers membres du CAS Jura,<br>Comme nous vous l\u2019avons annonc\u00e9 il y a quelques jours sur ce site,  <strong>l&rsquo;assembl\u00e9e g\u00e9n\u00e9rale 2020 de notre section ne pourra pas avoir lieu sous sa forme habituelle<\/strong>. Afin d\u2019\u00e9viter un report \u00e0 une date lointaine et incertaine, le comit\u00e9 a d\u00e9cid\u00e9 de la tenue de l\u2019AG <strong>par courrier<\/strong> : vous recevrez donc par la poste, d\u00e9but d\u00e9cembre, un document qui rassemble et d\u00e9taille tous les \u00e9l\u00e9ments sur lesquels vous \u00eates amen\u00e9s \u00e0 vous prononcer. <\/p>\n\n\n\n<p>Les rapports des dicast\u00e8res, quant \u00e0 eux, seront publi\u00e9s ici-m\u00eame.<\/p>\n\n\n\n<p>Assur\u00e9s de votre compr\u00e9hension, nous vous adressons nos v\u0153ux de sant\u00e9 et nous r\u00e9jouissons de vous retrouver en pleine forme lors de nos prochaines activit\u00e9s !<\/p>\n\n\n\n<p class=\"has-text-align-right\">Le comit\u00e9<\/p>\n","protected":false},"excerpt":{"rendered":"<p>Ch\u00e8res membres, chers membres du CAS Jura,Comme nous vous l\u2019avons annonc\u00e9 il y a quelques jours sur ce site, l&rsquo;assembl\u00e9e g\u00e9n\u00e9rale 2020 de notre section &#8230;<\/p>\n","protected":false},"author":975901,"featured_media":0,"comment_status":"closed","ping_status":"closed","sticky":false,"template":"","format":"standard","meta":{"_jetpack_memberships_contains_paid_content":false,"footnotes":""},"categories":[1],"tags":[],"class_list":["post-1621","post","type-post","status-publish","format-standard","hentry","category-uncategorized"],"jetpack_featured_media_url":"","jetpack_sharing_enabled":true,"_links":{"self":[{"href":"https:\/\/cas-jura.ch\/index.php?rest_route=\/wp\/v2\/posts\/1621","targetHints":{"allow":["GET"]}}],"collection":[{"href":"https:\/\/cas-jura.ch\/index.php?rest_route=\/wp\/v2\/posts"}],"about":[{"href":"https:\/\/cas-jura.ch\/index.php?rest_route=\/wp\/v2\/types\/post"}],"author":[{"embeddable":true,"href":"https:\/\/cas-jura.ch\/index.php?rest_route=\/wp\/v2\/users\/975901"}],"replies":[{"embeddable":true,"href":"https:\/\/cas-jura.ch\/index.php?rest_route=%2Fwp%2Fv2%2Fcomments&post=1621"}],"version-history":[{"count":1,"href":"https:\/\/cas-jura.ch\/index.php?rest_route=\/wp\/v2\/posts\/1621\/revisions"}],"predecessor-version":[{"id":1622,"href":"https:\/\/cas-jura.ch\/index.php?rest_route=\/wp\/v2\/posts\/1621\/revisions\/1622"}],"wp:attachment":[{"href":"https:\/\/cas-jura.ch\/index.php?rest_route=%2Fwp%2Fv2%2Fmedia&parent=1621"}],"wp:term":[{"taxonomy":"category","embeddable":true,"href":"https:\/\/cas-jura.ch\/index.php?rest_route=%2Fwp%2Fv2%2Fcategories&post=1621"},{"taxonomy":"post_tag","embeddable":true,"href":"https:\/\/cas-jura.ch\/index.php?rest_route=%2Fwp%2Fv2%2Ftags&post=1621"}],"curies":[{"name":"wp","href":"https:\/\/api.w.org\/{rel}","templated":true}]}}