{"id":1650,"date":"2020-12-17T08:38:39","date_gmt":"2020-12-17T07:38:39","guid":{"rendered":"https:\/\/cas-jura.ch\/?p=1650"},"modified":"2021-01-15T08:56:55","modified_gmt":"2021-01-15T07:56:55","slug":"assemblee-generale-2020","status":"publish","type":"post","link":"https:\/\/cas-jura.ch\/?p=1650","title":{"rendered":"Assembl\u00e9e g\u00e9n\u00e9rale 2020 : r\u00e9sultats"},"content":{"rendered":"\n<h3 class=\"wp-block-heading\">R\u00e9sultat des votes<\/h3>\n\n\n\n<p>Aux questions suivantes, l&rsquo;AG a r\u00e9pondu :<\/p>\n\n\n\n<figure class=\"wp-block-table is-style-stripes\"><table><thead><tr><th class=\"has-text-align-left\" data-align=\"left\">Est-ce que vous validez&#8230;<\/th><th class=\"has-text-align-center\" data-align=\"center\">  oui  <\/th><th class=\"has-text-align-center\" data-align=\"center\">  non  <\/th><th class=\"has-text-align-center\" data-align=\"center\">  abst.  <\/th><\/tr><\/thead><tbody><tr><td class=\"has-text-align-left\" data-align=\"left\">le PV de l\u2019AG de 2019&nbsp;?   <\/td><td class=\"has-text-align-center\" data-align=\"center\">  <strong>102  <\/strong><\/td><td class=\"has-text-align-center\" data-align=\"center\">  0  <\/td><td class=\"has-text-align-center\" data-align=\"center\">  2  <\/td><\/tr><tr><td class=\"has-text-align-left\" data-align=\"left\">les comptes 2019-2020 de notre section&nbsp;?   <\/td><td class=\"has-text-align-center\" data-align=\"center\"><strong>102<\/strong><\/td><td class=\"has-text-align-center\" data-align=\"center\">0<\/td><td class=\"has-text-align-center\" data-align=\"center\">2<\/td><\/tr><tr><td class=\"has-text-align-left\" data-align=\"left\">les comptes 2019-2020 de la cabane des Ordons&nbsp;?   <\/td><td class=\"has-text-align-center\" data-align=\"center\"><strong>103<\/strong><\/td><td class=\"has-text-align-center\" data-align=\"center\">0<\/td><td class=\"has-text-align-center\" data-align=\"center\">1<\/td><\/tr><tr><td class=\"has-text-align-left\" data-align=\"left\">le rapport des v\u00e9rif. des comptes et la d\u00e9charge au comit\u00e9&nbsp;?   <\/td><td class=\"has-text-align-center\" data-align=\"center\"><strong>104<\/strong><\/td><td class=\"has-text-align-center\" data-align=\"center\">0<\/td><td class=\"has-text-align-center\" data-align=\"center\">0<\/td><\/tr><tr><td class=\"has-text-align-left\" data-align=\"left\">le budget 2020-2021 de notre section&nbsp;?   <\/td><td class=\"has-text-align-center\" data-align=\"center\"><strong>103<\/strong><\/td><td class=\"has-text-align-center\" data-align=\"center\">0<\/td><td class=\"has-text-align-center\" data-align=\"center\">1<\/td><\/tr><tr><td class=\"has-text-align-left\" data-align=\"left\">le budget 2020-2021 de la cabane des Ordons&nbsp;?   <\/td><td class=\"has-text-align-center\" data-align=\"center\"><strong>103<\/strong><\/td><td class=\"has-text-align-center\" data-align=\"center\">0<\/td><td class=\"has-text-align-center\" data-align=\"center\">1<\/td><\/tr><tr><td class=\"has-text-align-left\" data-align=\"left\">la constitution du comit\u00e9 2021&nbsp;?   <\/td><td class=\"has-text-align-center\" data-align=\"center\"><strong>103<\/strong><\/td><td class=\"has-text-align-center\" data-align=\"center\">0<\/td><td class=\"has-text-align-center\" data-align=\"center\">1<\/td><\/tr><tr><td class=\"has-text-align-left\" data-align=\"left\">la nomination de la v\u00e9rificatrice et des v\u00e9rificateurs des comptes&nbsp;?   <\/td><td class=\"has-text-align-center\" data-align=\"center\"><strong>104<\/strong><\/td><td class=\"has-text-align-center\" data-align=\"center\">0<\/td><td class=\"has-text-align-center\" data-align=\"center\">0<\/td><\/tr><tr><td class=\"has-text-align-left\" data-align=\"left\">la constitution de la commission de la cabane des Ordons&nbsp;?   <\/td><td class=\"has-text-align-center\" data-align=\"center\"><strong>102<\/strong><\/td><td class=\"has-text-align-center\" data-align=\"center\">0<\/td><td class=\"has-text-align-center\" data-align=\"center\">2<\/td><\/tr><tr><td class=\"has-text-align-left\" data-align=\"left\">la nomination du responsable de la Faux d\u2019Enson&nbsp;?   <\/td><td class=\"has-text-align-center\" data-align=\"center\"><strong>102<\/strong><\/td><td class=\"has-text-align-center\" data-align=\"center\">0<\/td><td class=\"has-text-align-center\" data-align=\"center\">2<\/td><\/tr><\/tbody><\/table><\/figure>\n\n\n\n<h2 class=\"has-text-align-center wp-block-heading\"><strong><span class=\"has-inline-color has-vivid-red-color\">L&rsquo;AG du CAS Jura accepte donc les dix propositions du comit\u00e9.<\/span><\/strong><\/h2>\n\n\n\n<h3 class=\"wp-block-heading\">Remerciements<\/h3>\n\n\n\n<p>Le comit\u00e9 remercie vivement les participant.e.s \u00e0 cette AG particuli\u00e8re pour leur confiance. Avec 104 bulletins valables, nous disposons d\u2019une expression repr\u00e9sentative de l\u2019avis des membres de la section.<\/p>\n\n\n\n<h4 class=\"wp-block-heading\"><span class=\"has-inline-color has-vivid-red-color\">Un grand merci \u00e9galement, et bon vent, \u00e0 celles et ceux qui quittent leur poste apr\u00e8s de nombreuses ann\u00e9es de service aussi efficace qu\u2019appr\u00e9ci\u00e9&nbsp;:<\/span><\/h4>\n\n\n\n<ul class=\"wp-block-list\"><li><strong>Comit\u00e9<\/strong> : Agn\u00e8s Brahier, Catherine Prudat, Hubert R\u00e9rat, Ernest-Andr\u00e9 Farine et Alain Ott<\/li><li><strong>Cabane des Ordons<\/strong> : Maryse Varrin, Ernest L\u00fcthi et Ernest Cerf<\/li><li><strong>V\u00e9rification des comptes<\/strong> : Philippe Rondez<\/li><li><strong>Faux d\u2019Enson<\/strong> : Bernard Bandelier<\/li><\/ul>\n\n\n\n<h4 class=\"wp-block-heading\"><span class=\"has-inline-color has-vivid-red-color\">Merci enfin, et bienvenue, \u00e0 celles et ceux qui ont accept\u00e9 d\u2019assumer une charge au sein du CAS Jura :<\/span><\/h4>\n\n\n\n<ul class=\"wp-block-list\"><li><strong>Comit\u00e9 2021<\/strong> : Patrick Juillerat (pr\u00e9sidence), Cristel Mu\u00f1oz (environnement), Sabine R\u00e9rat (gestion des membres) et Jean-Michel Gigon (caisse)<\/li><li><strong>Cabane des Ordons<\/strong> : Patrick Juillerat (pr\u00e9sident de la commission), Alain Ott (intendant externe), Ernest Luthi (intendant externe suppl\u00e9ant), Nathalie Briot (intendante interne), Maryse Varrin et L. Ross\u00e9 (ling\u00e8re, aide), Jean-Michel Gigon (caissier), Manu Choffat (locations, r\u00e9servations), E. Radzuweit, R. Gerber et M. Stauffer (aides occasionnels)<\/li><li><strong>V\u00e9rification des comptes<\/strong> : Marcel K\u00fcbler<\/li><li><strong>Faux d\u2019Enson<\/strong> : Ars\u00e8ne Plomb<\/li><\/ul>\n\n\n\n<p class=\"has-text-align-right\"><strong>Votre comit\u00e9 du CAS Jura<\/strong><\/p>\n","protected":false},"excerpt":{"rendered":"<p>R\u00e9sultat des votes Aux questions suivantes, l&rsquo;AG a r\u00e9pondu : Est-ce que vous validez&#8230; oui non abst. le PV de l\u2019AG de 2019&nbsp;? 102 0 &#8230;<\/p>\n","protected":false},"author":975901,"featured_media":0,"comment_status":"closed","ping_status":"closed","sticky":false,"template":"","format":"standard","meta":{"_jetpack_memberships_contains_paid_content":false,"footnotes":""},"categories":[1],"tags":[],"class_list":["post-1650","post","type-post","status-publish","format-standard","hentry","category-uncategorized"],"jetpack_featured_media_url":"","jetpack_sharing_enabled":true,"_links":{"self":[{"href":"https:\/\/cas-jura.ch\/index.php?rest_route=\/wp\/v2\/posts\/1650","targetHints":{"allow":["GET"]}}],"collection":[{"href":"https:\/\/cas-jura.ch\/index.php?rest_route=\/wp\/v2\/posts"}],"about":[{"href":"https:\/\/cas-jura.ch\/index.php?rest_route=\/wp\/v2\/types\/post"}],"author":[{"embeddable":true,"href":"https:\/\/cas-jura.ch\/index.php?rest_route=\/wp\/v2\/users\/975901"}],"replies":[{"embeddable":true,"href":"https:\/\/cas-jura.ch\/index.php?rest_route=%2Fwp%2Fv2%2Fcomments&post=1650"}],"version-history":[{"count":8,"href":"https:\/\/cas-jura.ch\/index.php?rest_route=\/wp\/v2\/posts\/1650\/revisions"}],"predecessor-version":[{"id":1681,"href":"https:\/\/cas-jura.ch\/index.php?rest_route=\/wp\/v2\/posts\/1650\/revisions\/1681"}],"wp:attachment":[{"href":"https:\/\/cas-jura.ch\/index.php?rest_route=%2Fwp%2Fv2%2Fmedia&parent=1650"}],"wp:term":[{"taxonomy":"category","embeddable":true,"href":"https:\/\/cas-jura.ch\/index.php?rest_route=%2Fwp%2Fv2%2Fcategories&post=1650"},{"taxonomy":"post_tag","embeddable":true,"href":"https:\/\/cas-jura.ch\/index.php?rest_route=%2Fwp%2Fv2%2Ftags&post=1650"}],"curies":[{"name":"wp","href":"https:\/\/api.w.org\/{rel}","templated":true}]}}