{"id":1799,"date":"2021-04-18T13:21:37","date_gmt":"2021-04-18T11:21:37","guid":{"rendered":"https:\/\/cas-jura.ch\/?p=1799"},"modified":"2021-04-19T21:48:11","modified_gmt":"2021-04-19T19:48:11","slug":"ski-de-randonnee-dans-le-safiental-21-au-26-mars-2021","status":"publish","type":"post","link":"https:\/\/cas-jura.ch\/?p=1799","title":{"rendered":"Ski de randonn\u00e9e dans le Safiental \u2013 21 au 26 mars 2021"},"content":{"rendered":"\n<figure class=\"wp-block-image size-large\"><img loading=\"lazy\" decoding=\"async\" width=\"1024\" height=\"576\" src=\"https:\/\/cas-jura.ch\/wordpress\/wp-content\/uploads\/2021\/04\/Superbe-Mais-il-faut-redescendre-1024x576.jpeg\" alt=\"\" class=\"wp-image-1802\" srcset=\"https:\/\/cas-jura.ch\/wordpress\/wp-content\/uploads\/2021\/04\/Superbe-Mais-il-faut-redescendre-1024x576.jpeg 1024w, https:\/\/cas-jura.ch\/wordpress\/wp-content\/uploads\/2021\/04\/Superbe-Mais-il-faut-redescendre-300x169.jpeg 300w, https:\/\/cas-jura.ch\/wordpress\/wp-content\/uploads\/2021\/04\/Superbe-Mais-il-faut-redescendre-768x432.jpeg 768w, https:\/\/cas-jura.ch\/wordpress\/wp-content\/uploads\/2021\/04\/Superbe-Mais-il-faut-redescendre-1536x864.jpeg 1536w, https:\/\/cas-jura.ch\/wordpress\/wp-content\/uploads\/2021\/04\/Superbe-Mais-il-faut-redescendre-2048x1152.jpeg 2048w\" sizes=\"auto, (max-width: 1024px) 100vw, 1024px\" \/><\/figure>\n\n\n\n<p>Le programme de la section indiquait \u00abSki de randonn\u00e9e dans la Silvretta\u00bb. Comme pour un certain nombre d\u2019autres projets, le COVID en a d\u00e9cid\u00e9 autrement. Mais les m\u00e9chantes petites b\u00eates n\u2019\u00e9taient pas une raison suffisante pour rester confin\u00e9s dans nos p\u00e9nates. Comme dit la chanson&nbsp;: \u00abque la vie grand air-r-r-r, fortifie la jeunesse-s-s-s, lui redonne la sant\u00e9-q-r-s-t\u00bb.<\/p>\n\n\n\n<p>Nous avons donc opt\u00e9 pour le Safiental. Vous souvenez-vous du bel article paru dans le no 1 des \u00abAlpes\u00bb de 2015&nbsp;? Il attendait son heure dans un coin de ma t\u00eate. Bien m\u2019en a pris de le ressortir.<\/p>\n\n\n\n<figure class=\"wp-block-image size-large\"><img loading=\"lazy\" decoding=\"async\" width=\"1024\" height=\"611\" src=\"https:\/\/cas-jura.ch\/wordpress\/wp-content\/uploads\/2021\/04\/Ils-sen-allaient-de-bon-matin-1-1024x611.jpg\" alt=\"\" class=\"wp-image-1806\" srcset=\"https:\/\/cas-jura.ch\/wordpress\/wp-content\/uploads\/2021\/04\/Ils-sen-allaient-de-bon-matin-1-1024x611.jpg 1024w, https:\/\/cas-jura.ch\/wordpress\/wp-content\/uploads\/2021\/04\/Ils-sen-allaient-de-bon-matin-1-300x179.jpg 300w, https:\/\/cas-jura.ch\/wordpress\/wp-content\/uploads\/2021\/04\/Ils-sen-allaient-de-bon-matin-1-768x458.jpg 768w, https:\/\/cas-jura.ch\/wordpress\/wp-content\/uploads\/2021\/04\/Ils-sen-allaient-de-bon-matin-1-1536x916.jpg 1536w, https:\/\/cas-jura.ch\/wordpress\/wp-content\/uploads\/2021\/04\/Ils-sen-allaient-de-bon-matin-1.jpg 1901w\" sizes=\"auto, (max-width: 1024px) 100vw, 1024px\" \/><\/figure>\n\n\n\n<p><strong>Dimanche<\/strong>, d\u00e9part de Porrentruy \u00e0 09&nbsp;:10 (presque au milieu de la journ\u00e9e!). Fran\u00e7ois et Jean-Charles, les genevois r\u00e9guliers de nos sorties, nous rejoignent sur le quai \u00e0 Z\u00fcrich. Nous faisons aussi la connaissance d\u2019Annick, une rando-stoppeuse du CAS Gruy\u00e8re. Elle a vu notre programme sur Internet et m\u2019a contact\u00e9. Vu son carnet de courses, elle avait largement une place parmi nous. L\u2019avenir le confirmera plut\u00f4t deux fois qu\u2019une. Mes amis, quelle efficacit\u00e9 et quelle style sur les skis&nbsp;! A 14:18, nous arrivons \u00e0 Turrahus. Le bus s\u2019arr\u00eate devant l\u2019h\u00f4tel. Si, si&nbsp;! Nous avons r\u00e9serv\u00e9 des places en dortoir, mais celui-ci est devenu bien exigu une fois rendu Covid-compatible. Qu\u2019\u00e0 cela ne tienne, le patron nous propose une chambre \u00e0 5 lits en compl\u00e9ment &#8211; au prix du dortoir &#8211; pour que chacune et chacun puisse respecter les normes sanitaires. L\u2019endroit est \u00abheimelisch\u00bb, l\u2019ambiance \u00abgem\u00fctlich\u00bb, comme on dit l\u00e0-bas. Autant dire que nous nous y sentons vite \u00e0 l\u2019aise.<\/p>\n\n\n\n<p>Je n\u2019\u00e9num\u00e8re pas les lasagnes, l\u2019\u00e9minc\u00e9 au curry, la chasse, la fondue ou les tranches de veau servis au souper, ni les pains et p\u00e2tisseries maison, vous ne me croiriez pas et, de toute fa\u00e7on, il vous en manquerait le fumet.<\/p>\n\n\n\n<p><strong>Lundi<\/strong> annonc\u00e9 gris et gris dans les faits. Nous nous mettons en route vers le Tom\u00fclgrat (2738 m). Comme attendu, la visibilit\u00e9 baisse au fur et \u00e0 mesure que nous montons. Vers 2400 m, un petit vent malin s\u2019en m\u00eale, nous am\u00e8ne \u00e0 baisser pavillon et retourner au chaud. Nous le faisons d\u2019autant plus volontiers que deux d\u2019entre nous randonnent avec des peaux en silicone de deux ans \u2026 qui n\u2019adh\u00e8rent plus\u00a0! Avis aux amateurs de nouveaut\u00e9s: la premi\u00e8re saison, c\u2019est parfait, ensuite ce l\u2019est encore si vous achetez de nouvelles peaux. A l\u2019abri et au chaud, les joueurs de cartes se mettent tout de suite aux affaires.<\/p>\n\n\n\n<p><strong>Mardi<\/strong> matin, ciel d\u2019azur et neige de r\u00eave. Les peaux r\u00e9ticentes le sont un peu moins apr\u00e8s un bon bain savonneux. Le moral des troupes est aussi haut que la pression barom\u00e9trique. Le Piz Tom\u00fcl (2946 m) s\u2019atteint par une mont\u00e9e r\u00e9guli\u00e8re puis en longeant une longue ar\u00eate, cheminement \u00e9l\u00e9gant mais qui, \u00e0 mon avis, m\u00e9rite plus que le \u00abfacile\u00bb dont le gratifie le topo. Et la redescente est aussi inoubliable que pr\u00e9vu. De la poudre de bout en bout. La derni\u00e8re partie du parcours s\u2019effectue l\u2019oeil bien riv\u00e9 au paysage. La r\u00e9gion compte plusieurs zone de tranquillit\u00e9 pour la faune \u2026 et un garde-faune, fort sympathique, mais qui n\u2019h\u00e9site pas \u00e0 faire passer les contrevenants \u00e0 la caisse.<\/p>\n\n\n\n<p><strong>Mercredi<\/strong> matin, ciel d\u2019azur. Nous avons eu un tel ski la veille que nous sommes pr\u00eats \u00e0 redescendre dans une neige un peu plus lourde. Au sommet du T\u00e4llihorhn (2855 m), un groupe du CAS Moutier. L\u2019occasion de raconter quelques histoires avant de regarder vers le bas. Et la neige est aussi l\u00e9g\u00e8re que la veille, de bout en bout.<\/p>\n\n\n\n<figure class=\"wp-block-image size-large\"><img loading=\"lazy\" decoding=\"async\" width=\"1024\" height=\"576\" src=\"https:\/\/cas-jura.ch\/wordpress\/wp-content\/uploads\/2021\/04\/Tallihorn-on-y-est-1024x576.jpeg\" alt=\"\" class=\"wp-image-1803\" srcset=\"https:\/\/cas-jura.ch\/wordpress\/wp-content\/uploads\/2021\/04\/Tallihorn-on-y-est-1024x576.jpeg 1024w, https:\/\/cas-jura.ch\/wordpress\/wp-content\/uploads\/2021\/04\/Tallihorn-on-y-est-300x169.jpeg 300w, https:\/\/cas-jura.ch\/wordpress\/wp-content\/uploads\/2021\/04\/Tallihorn-on-y-est-768x432.jpeg 768w, https:\/\/cas-jura.ch\/wordpress\/wp-content\/uploads\/2021\/04\/Tallihorn-on-y-est-1536x864.jpeg 1536w, https:\/\/cas-jura.ch\/wordpress\/wp-content\/uploads\/2021\/04\/Tallihorn-on-y-est-2048x1152.jpeg 2048w\" sizes=\"auto, (max-width: 1024px) 100vw, 1024px\" \/><\/figure>\n\n\n\n<p><strong>Jeudi<\/strong> matin, ciel d\u2019azur encore. Une \u00e9quip\u00e9e d\u2019une bonne heure en fond de vall\u00e9e avant de partir dans les pentes, de contourner un avant-sommet et de d\u00e9couvrir, vous connaissez l\u2019histoire, que le but se trouve \u00e0 une bonne heure de spatules. Qu\u2019\u00e0 cela ne tienne, le groupe progresse dans la bonne humeur et nous voil\u00e0 \u00e0 la B\u00e4rahora (2929 m). Et rebelote au retour, la neige se laisse skier comme si elle venait de tomber jusqu\u2019au moment o\u00f9 nous rejoignons la piste de ski de fond. Le dernier kilom\u00e8tre se transforme en d\u00e9fit pour les fondeurs qui ont allong\u00e9 leurs b\u00e2tons et s\u2019en donnent \u00e0 coeur-joie.<\/p>\n\n\n\n<p><strong>Vendredi<\/strong> matin, ciel d\u2019azur toujours. Une derni\u00e8re mont\u00e9e et c\u2019est pour atteindre le sommet du Tom\u00fclgrat (2738 m) qui s\u2019est refus\u00e9 \u00e0 nous lundi. Belle mont\u00e9e, toute en endurance, sans forcer, histoire de nous imbiber une derni\u00e8re fois de ces paysages et horizons \u00e0 couper le souffle. Quatri\u00e8me jour de soleil et la neige est poudreuse jusqu\u2019\u00e0 100 m de l\u2019arriv\u00e9e dans la vall\u00e9e&nbsp;!<\/p>\n\n\n\n<figure class=\"wp-block-image size-large\"><img loading=\"lazy\" decoding=\"async\" width=\"1024\" height=\"576\" src=\"https:\/\/cas-jura.ch\/wordpress\/wp-content\/uploads\/2021\/04\/Heureux-au-sommet-du-Tomulspitzz-1024x576.jpeg\" alt=\"\" class=\"wp-image-1804\" srcset=\"https:\/\/cas-jura.ch\/wordpress\/wp-content\/uploads\/2021\/04\/Heureux-au-sommet-du-Tomulspitzz-1024x576.jpeg 1024w, https:\/\/cas-jura.ch\/wordpress\/wp-content\/uploads\/2021\/04\/Heureux-au-sommet-du-Tomulspitzz-300x169.jpeg 300w, https:\/\/cas-jura.ch\/wordpress\/wp-content\/uploads\/2021\/04\/Heureux-au-sommet-du-Tomulspitzz-768x432.jpeg 768w, https:\/\/cas-jura.ch\/wordpress\/wp-content\/uploads\/2021\/04\/Heureux-au-sommet-du-Tomulspitzz-1536x864.jpeg 1536w, https:\/\/cas-jura.ch\/wordpress\/wp-content\/uploads\/2021\/04\/Heureux-au-sommet-du-Tomulspitzz-2048x1152.jpeg 2048w\" sizes=\"auto, (max-width: 1024px) 100vw, 1024px\" \/><figcaption>fbt<\/figcaption><\/figure>\n\n\n\n<p>Que dire encore&nbsp;? Quelques mots au sujet de la gentillesse et de la disponibilit\u00e9 des tenanciers, notre admiration pour ce couple plein d\u2019allant \u2013 elle, 83 ans, lui 81 \u2013 avec qui nous avons partag\u00e9 une ascension, merci \u00e0 Carlos et Fran\u00e7ois pour leur lecture attentive du GPS, merci \u00e0 Jean-Charles pour les champs de poudre qu\u2019il nous \u00e0 trouv\u00e9s lors des descentes, merci \u00e0 tous pour cette semaine d\u2019amiti\u00e9 dans la bonne humeur.<\/p>\n\n\n\n<p class=\"has-text-align-right\">Dominique<\/p>\n","protected":false},"excerpt":{"rendered":"<p>Le programme de la section indiquait \u00abSki de randonn\u00e9e dans la Silvretta\u00bb. Comme pour un certain nombre d\u2019autres projets, le COVID en a d\u00e9cid\u00e9 autrement. &#8230;<\/p>\n","protected":false},"author":975903,"featured_media":1800,"comment_status":"closed","ping_status":"closed","sticky":false,"template":"","format":"standard","meta":{"_jetpack_memberships_contains_paid_content":false,"footnotes":""},"categories":[22,1],"tags":[],"class_list":["post-1799","post","type-post","status-publish","format-standard","has-post-thumbnail","hentry","category-recits-de-courses","category-uncategorized"],"jetpack_featured_media_url":"https:\/\/cas-jura.ch\/wordpress\/wp-content\/uploads\/2021\/04\/Ils-sen-allaient-de-bon-matin.jpg","jetpack_sharing_enabled":true,"_links":{"self":[{"href":"https:\/\/cas-jura.ch\/index.php?rest_route=\/wp\/v2\/posts\/1799","targetHints":{"allow":["GET"]}}],"collection":[{"href":"https:\/\/cas-jura.ch\/index.php?rest_route=\/wp\/v2\/posts"}],"about":[{"href":"https:\/\/cas-jura.ch\/index.php?rest_route=\/wp\/v2\/types\/post"}],"author":[{"embeddable":true,"href":"https:\/\/cas-jura.ch\/index.php?rest_route=\/wp\/v2\/users\/975903"}],"replies":[{"embeddable":true,"href":"https:\/\/cas-jura.ch\/index.php?rest_route=%2Fwp%2Fv2%2Fcomments&post=1799"}],"version-history":[{"count":4,"href":"https:\/\/cas-jura.ch\/index.php?rest_route=\/wp\/v2\/posts\/1799\/revisions"}],"predecessor-version":[{"id":1819,"href":"https:\/\/cas-jura.ch\/index.php?rest_route=\/wp\/v2\/posts\/1799\/revisions\/1819"}],"wp:featuredmedia":[{"embeddable":true,"href":"https:\/\/cas-jura.ch\/index.php?rest_route=\/wp\/v2\/media\/1800"}],"wp:attachment":[{"href":"https:\/\/cas-jura.ch\/index.php?rest_route=%2Fwp%2Fv2%2Fmedia&parent=1799"}],"wp:term":[{"taxonomy":"category","embeddable":true,"href":"https:\/\/cas-jura.ch\/index.php?rest_route=%2Fwp%2Fv2%2Fcategories&post=1799"},{"taxonomy":"post_tag","embeddable":true,"href":"https:\/\/cas-jura.ch\/index.php?rest_route=%2Fwp%2Fv2%2Ftags&post=1799"}],"curies":[{"name":"wp","href":"https:\/\/api.w.org\/{rel}","templated":true}]}}