{"id":1842,"date":"2021-04-26T09:25:51","date_gmt":"2021-04-26T07:25:51","guid":{"rendered":"https:\/\/cas-jura.ch\/?p=1842"},"modified":"2021-04-26T09:30:19","modified_gmt":"2021-04-26T07:30:19","slug":"mont-velan-3722-m-par-le-col-de-la-gouille","status":"publish","type":"post","link":"https:\/\/cas-jura.ch\/?p=1842","title":{"rendered":"Mont-Velan (3722 m) &#8211; par le col de la Gouille"},"content":{"rendered":"\n<figure class=\"wp-block-gallery columns-2 is-cropped wp-block-gallery-1 is-layout-flex wp-block-gallery-is-layout-flex\"><ul class=\"blocks-gallery-grid\"><li class=\"blocks-gallery-item\"><figure><img loading=\"lazy\" decoding=\"async\" width=\"1024\" height=\"768\" src=\"https:\/\/cas-jura.ch\/wordpress\/wp-content\/uploads\/2021\/04\/a6d7d27b-a162-40a2-b8db-619dd676a397-1024x768.jpg\" alt=\"\" data-id=\"1845\" data-full-url=\"https:\/\/cas-jura.ch\/wordpress\/wp-content\/uploads\/2021\/04\/a6d7d27b-a162-40a2-b8db-619dd676a397.jpg\" data-link=\"https:\/\/cas-jura.ch\/?attachment_id=1845\" class=\"wp-image-1845\" srcset=\"https:\/\/cas-jura.ch\/wordpress\/wp-content\/uploads\/2021\/04\/a6d7d27b-a162-40a2-b8db-619dd676a397-1024x768.jpg 1024w, https:\/\/cas-jura.ch\/wordpress\/wp-content\/uploads\/2021\/04\/a6d7d27b-a162-40a2-b8db-619dd676a397-300x225.jpg 300w, https:\/\/cas-jura.ch\/wordpress\/wp-content\/uploads\/2021\/04\/a6d7d27b-a162-40a2-b8db-619dd676a397-768x576.jpg 768w, https:\/\/cas-jura.ch\/wordpress\/wp-content\/uploads\/2021\/04\/a6d7d27b-a162-40a2-b8db-619dd676a397-1536x1152.jpg 1536w, https:\/\/cas-jura.ch\/wordpress\/wp-content\/uploads\/2021\/04\/a6d7d27b-a162-40a2-b8db-619dd676a397.jpg 2048w\" sizes=\"auto, (max-width: 1024px) 100vw, 1024px\" \/><\/figure><\/li><li class=\"blocks-gallery-item\"><figure><img loading=\"lazy\" decoding=\"async\" width=\"1024\" height=\"576\" src=\"https:\/\/cas-jura.ch\/wordpress\/wp-content\/uploads\/2021\/04\/b3ceb899-a4be-485e-9777-b75c7483b5c7-1024x576.jpg\" alt=\"\" data-id=\"1850\" data-full-url=\"https:\/\/cas-jura.ch\/wordpress\/wp-content\/uploads\/2021\/04\/b3ceb899-a4be-485e-9777-b75c7483b5c7.jpg\" data-link=\"https:\/\/cas-jura.ch\/?attachment_id=1850\" class=\"wp-image-1850\" srcset=\"https:\/\/cas-jura.ch\/wordpress\/wp-content\/uploads\/2021\/04\/b3ceb899-a4be-485e-9777-b75c7483b5c7-1024x576.jpg 1024w, https:\/\/cas-jura.ch\/wordpress\/wp-content\/uploads\/2021\/04\/b3ceb899-a4be-485e-9777-b75c7483b5c7-300x169.jpg 300w, https:\/\/cas-jura.ch\/wordpress\/wp-content\/uploads\/2021\/04\/b3ceb899-a4be-485e-9777-b75c7483b5c7-768x432.jpg 768w, https:\/\/cas-jura.ch\/wordpress\/wp-content\/uploads\/2021\/04\/b3ceb899-a4be-485e-9777-b75c7483b5c7-1536x864.jpg 1536w, https:\/\/cas-jura.ch\/wordpress\/wp-content\/uploads\/2021\/04\/b3ceb899-a4be-485e-9777-b75c7483b5c7.jpg 2016w\" sizes=\"auto, (max-width: 1024px) 100vw, 1024px\" \/><\/figure><\/li><\/ul><\/figure>\n\n\n\n<p>Carine, Delphine, Tina, C\u00e9dric, Gr\u00e9gory, JB et moi nous retrouvons sur le parking de Bourg-Saint-Bernard plus rempli que le hameau \u00e9ponyme. Lev\u00e9s \u00e0 5h pour la plupart, nos batteries sont aussi charg\u00e9es que celles nos DVA pour entamer cette journ\u00e9e. Arriv\u00e9s \u00e0 la Croix de Tsousse, 1000 m\u00e8tres plus haut, sous un soleil radieux nous savourons une magnifique descente dans une poudreuse tellement fameuse que certains ont m\u00eame fait le grand plongeon. 12h30, notre Loretan jurassien et chef de course nous autorise une pause, la l\u00e9gende dit qu\u2019il aurait m\u00eame bu une gorg\u00e9e durant cette derni\u00e8re (qui \u00e9tait sa premi\u00e8re). Les sacs semblant toujours plus l\u00e9gers chez les voisins, nous repartons pour les derniers 300m via la moraine finale. Djaser plut\u00f4t que jasser \u00e9tant le signe d\u2019une journ\u00e9e r\u00e9ussie, la soir\u00e9e se poursuit en cabane entre discussions, sustentation, et a\u00e9ration de chaussures tardives.<\/p>\n\n\n\n<figure class=\"wp-block-gallery columns-2 is-cropped wp-block-gallery-2 is-layout-flex wp-block-gallery-is-layout-flex\"><ul class=\"blocks-gallery-grid\"><li class=\"blocks-gallery-item\"><figure><img loading=\"lazy\" decoding=\"async\" width=\"576\" height=\"1024\" src=\"https:\/\/cas-jura.ch\/wordpress\/wp-content\/uploads\/2021\/04\/64f9976d-9734-4383-bcb2-498999c87968-576x1024.jpg\" alt=\"\" data-id=\"1849\" data-full-url=\"https:\/\/cas-jura.ch\/wordpress\/wp-content\/uploads\/2021\/04\/64f9976d-9734-4383-bcb2-498999c87968.jpg\" data-link=\"https:\/\/cas-jura.ch\/?attachment_id=1849\" class=\"wp-image-1849\" srcset=\"https:\/\/cas-jura.ch\/wordpress\/wp-content\/uploads\/2021\/04\/64f9976d-9734-4383-bcb2-498999c87968-576x1024.jpg 576w, https:\/\/cas-jura.ch\/wordpress\/wp-content\/uploads\/2021\/04\/64f9976d-9734-4383-bcb2-498999c87968-169x300.jpg 169w, https:\/\/cas-jura.ch\/wordpress\/wp-content\/uploads\/2021\/04\/64f9976d-9734-4383-bcb2-498999c87968-768x1365.jpg 768w, https:\/\/cas-jura.ch\/wordpress\/wp-content\/uploads\/2021\/04\/64f9976d-9734-4383-bcb2-498999c87968-864x1536.jpg 864w, https:\/\/cas-jura.ch\/wordpress\/wp-content\/uploads\/2021\/04\/64f9976d-9734-4383-bcb2-498999c87968.jpg 1152w\" sizes=\"auto, (max-width: 576px) 100vw, 576px\" \/><\/figure><\/li><li class=\"blocks-gallery-item\"><figure><img loading=\"lazy\" decoding=\"async\" width=\"576\" height=\"1024\" src=\"https:\/\/cas-jura.ch\/wordpress\/wp-content\/uploads\/2021\/04\/8c2fa226-fb48-4524-a51f-9f4dfcec50d4-576x1024.jpg\" alt=\"\" data-id=\"1847\" data-full-url=\"https:\/\/cas-jura.ch\/wordpress\/wp-content\/uploads\/2021\/04\/8c2fa226-fb48-4524-a51f-9f4dfcec50d4.jpg\" data-link=\"https:\/\/cas-jura.ch\/?attachment_id=1847\" class=\"wp-image-1847\" srcset=\"https:\/\/cas-jura.ch\/wordpress\/wp-content\/uploads\/2021\/04\/8c2fa226-fb48-4524-a51f-9f4dfcec50d4-576x1024.jpg 576w, https:\/\/cas-jura.ch\/wordpress\/wp-content\/uploads\/2021\/04\/8c2fa226-fb48-4524-a51f-9f4dfcec50d4-169x300.jpg 169w, https:\/\/cas-jura.ch\/wordpress\/wp-content\/uploads\/2021\/04\/8c2fa226-fb48-4524-a51f-9f4dfcec50d4-768x1365.jpg 768w, https:\/\/cas-jura.ch\/wordpress\/wp-content\/uploads\/2021\/04\/8c2fa226-fb48-4524-a51f-9f4dfcec50d4-864x1536.jpg 864w, https:\/\/cas-jura.ch\/wordpress\/wp-content\/uploads\/2021\/04\/8c2fa226-fb48-4524-a51f-9f4dfcec50d4.jpg 1152w\" sizes=\"auto, (max-width: 576px) 100vw, 576px\" \/><\/figure><\/li><\/ul><\/figure>\n\n\n\n<p><br>Endormis apr\u00e8s un petit conte, r\u00e9veill\u00e9s en trombe, d\u00e9jeuner en grande pompe, les caravanes de skieurs partent vers les 6h. N\u2019en d\u00e9plaisent aux fiers m\u00e2les suisses (pl\u00e9onasme ?), une guide autrichienne fait la trace dans 10 cm de fra\u00eeche pour l\u2019ensemble des summiters. Une file d\u2019attente informe se forme avant le \u00ab petit pas d\u2019escalade tr\u00e8s facile (sic) \u00bb. Crampons aux pieds, piolet en main, notre invariant JB, nous offre une variante directissime sur une ar\u00eate pour aboutir au col de la Gouille. Suite \u00e0 cette longue attente, les skis de certains se rebellent en se faisant la belle. Notre chef troque son piolet pour un GPS afin de faire la trace sur le glacier de Valsorey. Petit pont de glace et passement de jambe pour la premi\u00e8re cord\u00e9e, \u00e9claircie et parade r\u00e9ussie pour la sortie du glacier pour la seconde cord\u00e9e. Nous d\u00e9cidons de renoncer au sommet \u00e9tant donn\u00e9 le retard accumul\u00e9 et s\u2019octroyer une pause bien m\u00e9rit\u00e9e. La descente se fait \u00e0 vue de nez pour tomber nez \u00e0 nez avec notre couloir, descendu les doigts dans le nez. S\u2019ensuit une descente \u00e0 ski et \u00e0 pied sous les nuages. Heureusement, les grisantes marmottes sont l\u00e0 pour d\u00e9griser notre apr\u00e8s-midi tout gris. Arr\u00eat n\u00e9cessaire \u00e0 Martigny pour trinquer une derni\u00e8re fois avant notre retour en terre jurassienne. Des poign\u00e9es de main* et des bises* pour se dire \u00e0 tout bient\u00f4t, car il para\u00eetrait que certains ont d\u00e9j\u00e0 pr\u00e9vu une sortie le week-end suivant\u2026<\/p>\n\n\n\n<p>*mani\u00e8re de se saluer avant 2020<\/p>\n\n\n\n<p class=\"has-text-align-right\">Xavier Monin<\/p>\n\n\n\n<figure class=\"wp-block-gallery columns-2 is-cropped wp-block-gallery-3 is-layout-flex wp-block-gallery-is-layout-flex\"><ul class=\"blocks-gallery-grid\"><li class=\"blocks-gallery-item\"><figure><img loading=\"lazy\" decoding=\"async\" width=\"576\" height=\"1024\" src=\"https:\/\/cas-jura.ch\/wordpress\/wp-content\/uploads\/2021\/04\/befe2072-2630-4a5b-b237-349eb1aaa566-576x1024.jpg\" alt=\"\" data-id=\"1848\" data-full-url=\"https:\/\/cas-jura.ch\/wordpress\/wp-content\/uploads\/2021\/04\/befe2072-2630-4a5b-b237-349eb1aaa566.jpg\" data-link=\"https:\/\/cas-jura.ch\/?attachment_id=1848\" class=\"wp-image-1848\" srcset=\"https:\/\/cas-jura.ch\/wordpress\/wp-content\/uploads\/2021\/04\/befe2072-2630-4a5b-b237-349eb1aaa566-576x1024.jpg 576w, https:\/\/cas-jura.ch\/wordpress\/wp-content\/uploads\/2021\/04\/befe2072-2630-4a5b-b237-349eb1aaa566-169x300.jpg 169w, https:\/\/cas-jura.ch\/wordpress\/wp-content\/uploads\/2021\/04\/befe2072-2630-4a5b-b237-349eb1aaa566-768x1365.jpg 768w, https:\/\/cas-jura.ch\/wordpress\/wp-content\/uploads\/2021\/04\/befe2072-2630-4a5b-b237-349eb1aaa566-864x1536.jpg 864w, https:\/\/cas-jura.ch\/wordpress\/wp-content\/uploads\/2021\/04\/befe2072-2630-4a5b-b237-349eb1aaa566.jpg 1152w\" sizes=\"auto, (max-width: 576px) 100vw, 576px\" \/><\/figure><\/li><li class=\"blocks-gallery-item\"><figure><img loading=\"lazy\" decoding=\"async\" width=\"576\" height=\"1024\" src=\"https:\/\/cas-jura.ch\/wordpress\/wp-content\/uploads\/2021\/04\/4cd031f5-609b-43eb-b907-58772ae6778a-576x1024.jpg\" alt=\"\" data-id=\"1846\" data-full-url=\"https:\/\/cas-jura.ch\/wordpress\/wp-content\/uploads\/2021\/04\/4cd031f5-609b-43eb-b907-58772ae6778a.jpg\" data-link=\"https:\/\/cas-jura.ch\/?attachment_id=1846\" class=\"wp-image-1846\" srcset=\"https:\/\/cas-jura.ch\/wordpress\/wp-content\/uploads\/2021\/04\/4cd031f5-609b-43eb-b907-58772ae6778a-576x1024.jpg 576w, https:\/\/cas-jura.ch\/wordpress\/wp-content\/uploads\/2021\/04\/4cd031f5-609b-43eb-b907-58772ae6778a-169x300.jpg 169w, https:\/\/cas-jura.ch\/wordpress\/wp-content\/uploads\/2021\/04\/4cd031f5-609b-43eb-b907-58772ae6778a-768x1365.jpg 768w, https:\/\/cas-jura.ch\/wordpress\/wp-content\/uploads\/2021\/04\/4cd031f5-609b-43eb-b907-58772ae6778a-864x1536.jpg 864w, https:\/\/cas-jura.ch\/wordpress\/wp-content\/uploads\/2021\/04\/4cd031f5-609b-43eb-b907-58772ae6778a.jpg 1134w\" sizes=\"auto, (max-width: 576px) 100vw, 576px\" \/><\/figure><\/li><\/ul><\/figure>\n","protected":false},"excerpt":{"rendered":"<p>Carine, Delphine, Tina, C\u00e9dric, Gr\u00e9gory, JB et moi nous retrouvons sur le parking de Bourg-Saint-Bernard plus rempli que le hameau \u00e9ponyme. Lev\u00e9s \u00e0 5h pour &#8230;<\/p>\n","protected":false},"author":975904,"featured_media":1843,"comment_status":"closed","ping_status":"closed","sticky":false,"template":"","format":"standard","meta":{"_jetpack_memberships_contains_paid_content":false,"footnotes":""},"categories":[22,1],"tags":[],"class_list":["post-1842","post","type-post","status-publish","format-standard","has-post-thumbnail","hentry","category-recits-de-courses","category-uncategorized"],"jetpack_featured_media_url":"https:\/\/cas-jura.ch\/wordpress\/wp-content\/uploads\/2021\/04\/velan1.jpg","jetpack_sharing_enabled":true,"_links":{"self":[{"href":"https:\/\/cas-jura.ch\/index.php?rest_route=\/wp\/v2\/posts\/1842","targetHints":{"allow":["GET"]}}],"collection":[{"href":"https:\/\/cas-jura.ch\/index.php?rest_route=\/wp\/v2\/posts"}],"about":[{"href":"https:\/\/cas-jura.ch\/index.php?rest_route=\/wp\/v2\/types\/post"}],"author":[{"embeddable":true,"href":"https:\/\/cas-jura.ch\/index.php?rest_route=\/wp\/v2\/users\/975904"}],"replies":[{"embeddable":true,"href":"https:\/\/cas-jura.ch\/index.php?rest_route=%2Fwp%2Fv2%2Fcomments&post=1842"}],"version-history":[{"count":6,"href":"https:\/\/cas-jura.ch\/index.php?rest_route=\/wp\/v2\/posts\/1842\/revisions"}],"predecessor-version":[{"id":1856,"href":"https:\/\/cas-jura.ch\/index.php?rest_route=\/wp\/v2\/posts\/1842\/revisions\/1856"}],"wp:featuredmedia":[{"embeddable":true,"href":"https:\/\/cas-jura.ch\/index.php?rest_route=\/wp\/v2\/media\/1843"}],"wp:attachment":[{"href":"https:\/\/cas-jura.ch\/index.php?rest_route=%2Fwp%2Fv2%2Fmedia&parent=1842"}],"wp:term":[{"taxonomy":"category","embeddable":true,"href":"https:\/\/cas-jura.ch\/index.php?rest_route=%2Fwp%2Fv2%2Fcategories&post=1842"},{"taxonomy":"post_tag","embeddable":true,"href":"https:\/\/cas-jura.ch\/index.php?rest_route=%2Fwp%2Fv2%2Ftags&post=1842"}],"curies":[{"name":"wp","href":"https:\/\/api.w.org\/{rel}","templated":true}]}}