{"id":1875,"date":"2021-05-06T09:38:33","date_gmt":"2021-05-06T07:38:33","guid":{"rendered":"https:\/\/cas-jura.ch\/?p=1875"},"modified":"2021-05-06T09:38:33","modified_gmt":"2021-05-06T07:38:33","slug":"la-suisse-bouge-votre-section-aussi","status":"publish","type":"post","link":"https:\/\/cas-jura.ch\/?p=1875","title":{"rendered":"La Suisse bouge\u2026 votre section aussi !"},"content":{"rendered":"\n<p>La ville de Porrentruy participe cette ann\u00e9e \u00e0 l\u2019action \u00ab La Suisse bouge \u00bb, qui veut inciter la population \u00e0 bouger, \u00e0 faire du sport. Le CAS Jura prend part \u00e0 ce concours qui consiste \u00e0 accumuler des minutes de mouvement au b\u00e9n\u00e9fice d\u2019une commune.<\/p>\n\n\n\n<p>Pour participer, munissez-vous d\u2019un smartphone et suivez ces indications :<\/p>\n\n\n\n<ol class=\"wp-block-list\"><li>T\u00e9l\u00e9chargez l\u2019application \u00ab Duel Intercommunal \u00bb (vous pouvez \u00e9galement scanner le QR code sur l\u2019affiche du concours &#8211; \u00e0 t\u00e9l\u00e9charger ci-dessous).<\/li><li>S\u00e9lectionnez la ville \u00e0 laquelle vous d\u00e9sirez offrir vos minutes de sport.<\/li><li>Enclenchez le chrono et commencez votre activit\u00e9 sportive !<\/li><\/ol>\n\n\n\n<p>Chaque minute de mouvement compte : une balade en famille, un tour \u00e0 v\u00e9lo en solo, un entra\u00eenement hebdomadaire ou encore un match de basket !<\/p>\n\n\n\n<p>Plus d\u2019informations ici : <a href=\"https:\/\/www.duelintercommunalcoop.ch\/communes\/porrentruy-7577\" target=\"_blank\" rel=\"noreferrer noopener\">https:\/\/www.duelintercommunalcoop.ch\/communes\/porrentruy-7577<\/a><\/p>\n\n\n\n<div class=\"wp-block-file\"><a href=\"https:\/\/cas-jura.ch\/wordpress\/wp-content\/uploads\/2021\/05\/2021.04.28_Affiche-A4_Telehargement-appli.pdf\">L&rsquo;affiche de la manifestation :<\/a><a href=\"https:\/\/cas-jura.ch\/wordpress\/wp-content\/uploads\/2021\/05\/2021.04.28_Affiche-A4_Telehargement-appli.pdf\" class=\"wp-block-file__button\" download>T\u00e9l\u00e9charger<\/a><\/div>\n\n\n\n<hr class=\"wp-block-separator is-style-wide\"\/>\n\n\n\n<p class=\"has-vivid-red-color has-text-color\"><strong>Dans le cadre de cette manifestation, le CAS Jura tiendra un stand le 13 juin sur le p\u00e9riph\u00e9rique pi\u00e9tonnier de Porrentruy, avec d\u2019autres clubs sportifs bruntrutains, pour pr\u00e9senter ses activit\u00e9s aux curieux.<\/strong><\/p>\n\n\n\n<p class=\"has-vivid-red-color has-text-color\"><strong>Les randonneurs et les traileurs peuvent aussi s\u2019inscrire \u00e0 une <em>course contre le soleil<\/em> (voir dans notre programme), qui aura lieu le 20 juin et qui passera par la cabane des Ordons.<\/strong><\/p>\n","protected":false},"excerpt":{"rendered":"<p>La ville de Porrentruy participe cette ann\u00e9e \u00e0 l\u2019action \u00ab La Suisse bouge \u00bb, qui veut inciter la population \u00e0 bouger, \u00e0 faire du sport. &#8230;<\/p>\n","protected":false},"author":975901,"featured_media":0,"comment_status":"closed","ping_status":"closed","sticky":false,"template":"","format":"standard","meta":{"_jetpack_memberships_contains_paid_content":false,"footnotes":""},"categories":[1],"tags":[],"class_list":["post-1875","post","type-post","status-publish","format-standard","hentry","category-uncategorized"],"jetpack_featured_media_url":"","jetpack_sharing_enabled":true,"_links":{"self":[{"href":"https:\/\/cas-jura.ch\/index.php?rest_route=\/wp\/v2\/posts\/1875","targetHints":{"allow":["GET"]}}],"collection":[{"href":"https:\/\/cas-jura.ch\/index.php?rest_route=\/wp\/v2\/posts"}],"about":[{"href":"https:\/\/cas-jura.ch\/index.php?rest_route=\/wp\/v2\/types\/post"}],"author":[{"embeddable":true,"href":"https:\/\/cas-jura.ch\/index.php?rest_route=\/wp\/v2\/users\/975901"}],"replies":[{"embeddable":true,"href":"https:\/\/cas-jura.ch\/index.php?rest_route=%2Fwp%2Fv2%2Fcomments&post=1875"}],"version-history":[{"count":7,"href":"https:\/\/cas-jura.ch\/index.php?rest_route=\/wp\/v2\/posts\/1875\/revisions"}],"predecessor-version":[{"id":1885,"href":"https:\/\/cas-jura.ch\/index.php?rest_route=\/wp\/v2\/posts\/1875\/revisions\/1885"}],"wp:attachment":[{"href":"https:\/\/cas-jura.ch\/index.php?rest_route=%2Fwp%2Fv2%2Fmedia&parent=1875"}],"wp:term":[{"taxonomy":"category","embeddable":true,"href":"https:\/\/cas-jura.ch\/index.php?rest_route=%2Fwp%2Fv2%2Fcategories&post=1875"},{"taxonomy":"post_tag","embeddable":true,"href":"https:\/\/cas-jura.ch\/index.php?rest_route=%2Fwp%2Fv2%2Ftags&post=1875"}],"curies":[{"name":"wp","href":"https:\/\/api.w.org\/{rel}","templated":true}]}}