{"id":1897,"date":"2021-06-01T09:46:36","date_gmt":"2021-06-01T07:46:36","guid":{"rendered":"https:\/\/cas-jura.ch\/?p=1897"},"modified":"2021-06-01T09:47:33","modified_gmt":"2021-06-01T07:47:33","slug":"assouplissements-covid-et-recommandations-du-cas-central","status":"publish","type":"post","link":"https:\/\/cas-jura.ch\/?p=1897","title":{"rendered":"Assouplissements COVID et recommandations du CAS central"},"content":{"rendered":"\n<p class=\"has-vivid-red-color has-text-color\"><strong>Le comit\u00e9 du CAS Jura remercie ses membres d&rsquo;observer les recommandations du CAS central concernant les sorties et les s\u00e9jours en cabanes :<\/strong><\/p>\n\n\n\n<p><em>[&#8230;] Le Conseil f\u00e9d\u00e9ral a d\u00e9cid\u00e9 de nouvelles mesures d&rsquo;assouplissement qui seront mises en \u0153uvre \u00e0 partir du 31 mai 2021. Le CAS recommande express\u00e9ment que les s\u00e9jours en cabane et les courses (de section) ne soient entrepris qu&rsquo;apr\u00e8s obtention d&rsquo;un r\u00e9sultat n\u00e9gatif au test Covid-19. C&rsquo;est le seul moyen de minimiser le risque d&rsquo;infection.<br><\/em><\/p>\n\n\n\n<h4 class=\"has-text-align-center has-vivid-red-color has-text-color wp-block-heading\"><em>Effectue un test rapide avant de s\u00e9journer en cabane<br><\/em><\/h4>\n\n\n\n<p><em><strong>Respecte les points suivants dans ta planification de course ainsi que lors d&rsquo;un s\u00e9jour dans une cabane du CAS:<\/strong><\/em><\/p>\n\n\n\n<ul class=\"wp-block-list\"><li><em>Ne s\u00e9journe dans nos cabanes que si tu es en bonne sant\u00e9<\/em>.<\/li><li><em>Effectue un autotest ou, mieux encore, un test antig\u00e9nique rapide, avant une course\/un s\u00e9jour en cabane. Si le r\u00e9sultat est positif, renonce \u00e0 la course et d\u00e9sinscris-toi imm\u00e9diatement.<\/em><\/li><li><em>Lors de courses de plusieurs jours, il est recommand\u00e9 d\u2019effectuer r\u00e9guli\u00e8rement un autotest pour sa propre protection et celle des autres.<\/em><\/li><li><em>R\u00e9serve ta couchette &#8211; pas de nuit\u00e9e sans r\u00e9servation, m\u00eame si la cabane n&rsquo;est pas gardienn\u00e9e.<\/em><\/li><li><em>Emporte avec toi : Sac \u00e0 viande, taie d&rsquo;oreiller, d\u00e9sinfectant ou savon, serviette et masques de protection.<\/em><\/li><li><em>Respecte les mesures de protection et d&rsquo;hygi\u00e8ne en vigueur sur place. Les masques sont obligatoires dans tous les espaces int\u00e9rieurs et ext\u00e9rieurs des cabanes.<\/em><\/li><li><em>Avant chaque course, renseigne-toi sur les dispositions en vigueur dans les locaux d&rsquo;hiver de la r\u00e9gion pr\u00e9vue pour la course. Les sites Internet des sections et des cabanes te fourniront tous les renseignements.<\/em><\/li><li><em>Nous en appelons \u00e0 ton sens des responsabilit\u00e9s.<\/em><\/li><\/ul>\n\n\n\n<p>Plus d&rsquo;informations sur les site du CAS central : <a href=\"https:\/\/www.sac-cas.ch\/fr\/covid\/\" target=\"_blank\" rel=\"noreferrer noopener\">https:\/\/www.sac-cas.ch\/fr\/covid\/<\/a><\/p>\n","protected":false},"excerpt":{"rendered":"<p>Le comit\u00e9 du CAS Jura remercie ses membres d&rsquo;observer les recommandations du CAS central concernant les sorties et les s\u00e9jours en cabanes : [&#8230;] Le &#8230;<\/p>\n","protected":false},"author":975901,"featured_media":0,"comment_status":"closed","ping_status":"closed","sticky":false,"template":"","format":"standard","meta":{"_jetpack_memberships_contains_paid_content":false,"footnotes":""},"categories":[1],"tags":[],"class_list":["post-1897","post","type-post","status-publish","format-standard","hentry","category-uncategorized"],"jetpack_featured_media_url":"","jetpack_sharing_enabled":true,"_links":{"self":[{"href":"https:\/\/cas-jura.ch\/index.php?rest_route=\/wp\/v2\/posts\/1897","targetHints":{"allow":["GET"]}}],"collection":[{"href":"https:\/\/cas-jura.ch\/index.php?rest_route=\/wp\/v2\/posts"}],"about":[{"href":"https:\/\/cas-jura.ch\/index.php?rest_route=\/wp\/v2\/types\/post"}],"author":[{"embeddable":true,"href":"https:\/\/cas-jura.ch\/index.php?rest_route=\/wp\/v2\/users\/975901"}],"replies":[{"embeddable":true,"href":"https:\/\/cas-jura.ch\/index.php?rest_route=%2Fwp%2Fv2%2Fcomments&post=1897"}],"version-history":[{"count":4,"href":"https:\/\/cas-jura.ch\/index.php?rest_route=\/wp\/v2\/posts\/1897\/revisions"}],"predecessor-version":[{"id":1901,"href":"https:\/\/cas-jura.ch\/index.php?rest_route=\/wp\/v2\/posts\/1897\/revisions\/1901"}],"wp:attachment":[{"href":"https:\/\/cas-jura.ch\/index.php?rest_route=%2Fwp%2Fv2%2Fmedia&parent=1897"}],"wp:term":[{"taxonomy":"category","embeddable":true,"href":"https:\/\/cas-jura.ch\/index.php?rest_route=%2Fwp%2Fv2%2Fcategories&post=1897"},{"taxonomy":"post_tag","embeddable":true,"href":"https:\/\/cas-jura.ch\/index.php?rest_route=%2Fwp%2Fv2%2Ftags&post=1897"}],"curies":[{"name":"wp","href":"https:\/\/api.w.org\/{rel}","templated":true}]}}