{"id":1910,"date":"2021-07-06T08:22:27","date_gmt":"2021-07-06T06:22:27","guid":{"rendered":"https:\/\/cas-jura.ch\/?p=1910"},"modified":"2021-07-06T08:22:27","modified_gmt":"2021-07-06T06:22:27","slug":"tschingelhorn-3557-m-26-et-27-juin-2021","status":"publish","type":"post","link":"https:\/\/cas-jura.ch\/?p=1910","title":{"rendered":"Tschingelhorn &#8211; 3557 m &#8211; 26 et 27 juin 2021"},"content":{"rendered":"\n<p>Catherine, Cristel, Delphine, Lydie, Carlos, Jos\u00e9, Jean-Bernard et Xavier<\/p>\n\n\n\n<p>8h40, Kandersteg, caf\u00e9 dans une tasse \u00e0 moiti\u00e9 vide pour les livides ayant vid\u00e9 leur lit \u00e0 5h00. Notre minibus s\u2019engage dans une minimont\u00e9e maxiraide. Zum Gl\u00fcck, notre Fahrer demeure les yeux riv\u00e9s sur ses h\u00f4tes jurassiennes assises \u00e0 la place des morts. Notre autochtone s\u2019octroie une halte pour faire d\u00e9couvrir tous les charmes du Gasterntal et de leurs cabanes visiblement invisibles.<\/p>\n\n\n\n<p>La petite mont\u00e9e de 5 heures \u00e0 pied chemine dans les m\u00e9andres sinueux d\u2019\u00e9boulis tortueux. Troquer notre JB pour un gibier comme guide, un bouquetin nous montre la voie. Dans nos voix, 3 mantras pour ne pas d\u00e9rocher : Gaine, Respire, Monte les pieds. Toutefois, d\u2019intraitables Jurassiens s\u2019essaient au lancer de la pire pierre d\u2019Unspunnen.<\/p>\n\n\n\n<p>Pas d\u00e9mont\u00e9s par une si lente mont\u00e9e lancinante sur glacier, nos trois cord\u00e9es sont accueillies par le commis et ses Schoggi \u00e0 la Mutthornh\u00fctte. Une fois nos affaires \u00e9parpill\u00e9es tout autour de la cabane, direction les discussions en terrasse ensoleill\u00e9e (ou terrass\u00e9 par le sommeil). Deux de nos \u00e9claireurs tentent d\u2019allumer nos lanternes quant \u00e0 l\u2019heure du souper, n\u2019ayant pu choper l\u2019information malgr\u00e9 une longue discussion, ils nous ram\u00e8nent des chopes de bi\u00e8re. Bien mang\u00e9, bien discut\u00e9, nous jouons des coudes pour recevoir un massage, message re\u00e7u pour l\u2019automassage\u2026 mais sages et d\u00e9\u00e7us. Remis de l\u2019annonce du r\u00e9veil \u00e0 4h00, nous nous remisons sans plus tarder.<\/p>\n\n\n\n<p>Lev\u00e9s, d\u00e9jeuner, pr\u00e9par\u00e9s, nous partons aux aurores. Nos 3 cord\u00e9es sans discorde contournent le Tschingelhorn pour \u00eatre accueillies par une tente et son petit avion (car autant profiter de la neige avant que le r\u00e9chauffement climatique ne s\u2019accentue). Au pied du couloir final, nous sortons nos piolets et entamons le final push. Notre guide met un point d\u2019orgue \u00e0 faire une trace h\u00e2tive pour sa 3\u00e8me tentative. Petite partie de varappe, soudain, succ\u00e8de le sommet, nous profitons d\u2019un temps radieux pour demander ein Foto von uns, bitte aux groupes ayant profit\u00e9 de nos escaliers, voire tranch\u00e9e selon le traceur ou tracteur.<\/p>\n\n\n\n<p>Une fois nos cordes d\u00e9m\u00eal\u00e9es, nous entamons la redescente. Celle du couloir encombr\u00e9 se fait sans encombre, hormis la volont\u00e9 de s\u2019acheter un casque d\u2019une nouvelle couleur. La redescente par le L\u00f6tschental s\u2019effectue volontiers de mani\u00e8re volontaire (ou non)&nbsp; entre glissades sur pied, sur les fesses. Pause m\u00e9rit\u00e9e \u00e0 midi apr\u00e8s une recherche de LA pierre, puis marche via Fafleralp avec son brusque retour \u00e0 la r\u00e9alit\u00e9. Aux anges mais pas en odeur de saintet\u00e9, nous sentons l\u2019humanit\u00e9 et privatisons ais\u00e9ment quelques places dans le bus. Discussions entre b\u00e2illements, nous nous s\u00e9parons \u00e0 Kandersteg dans une derni\u00e8re accolade empreinte de souvenirs et sourires.<\/p>\n\n\n\n<p>Xavier Monin<\/p>\n","protected":false},"excerpt":{"rendered":"<p>Catherine, Cristel, Delphine, Lydie, Carlos, Jos\u00e9, Jean-Bernard et Xavier 8h40, Kandersteg, caf\u00e9 dans une tasse \u00e0 moiti\u00e9 vide pour les livides ayant vid\u00e9 leur lit &#8230;<\/p>\n","protected":false},"author":975901,"featured_media":0,"comment_status":"closed","ping_status":"closed","sticky":false,"template":"","format":"standard","meta":{"_jetpack_memberships_contains_paid_content":false,"footnotes":""},"categories":[22],"tags":[],"class_list":["post-1910","post","type-post","status-publish","format-standard","hentry","category-recits-de-courses"],"jetpack_featured_media_url":"","jetpack_sharing_enabled":true,"_links":{"self":[{"href":"https:\/\/cas-jura.ch\/index.php?rest_route=\/wp\/v2\/posts\/1910","targetHints":{"allow":["GET"]}}],"collection":[{"href":"https:\/\/cas-jura.ch\/index.php?rest_route=\/wp\/v2\/posts"}],"about":[{"href":"https:\/\/cas-jura.ch\/index.php?rest_route=\/wp\/v2\/types\/post"}],"author":[{"embeddable":true,"href":"https:\/\/cas-jura.ch\/index.php?rest_route=\/wp\/v2\/users\/975901"}],"replies":[{"embeddable":true,"href":"https:\/\/cas-jura.ch\/index.php?rest_route=%2Fwp%2Fv2%2Fcomments&post=1910"}],"version-history":[{"count":1,"href":"https:\/\/cas-jura.ch\/index.php?rest_route=\/wp\/v2\/posts\/1910\/revisions"}],"predecessor-version":[{"id":1911,"href":"https:\/\/cas-jura.ch\/index.php?rest_route=\/wp\/v2\/posts\/1910\/revisions\/1911"}],"wp:attachment":[{"href":"https:\/\/cas-jura.ch\/index.php?rest_route=%2Fwp%2Fv2%2Fmedia&parent=1910"}],"wp:term":[{"taxonomy":"category","embeddable":true,"href":"https:\/\/cas-jura.ch\/index.php?rest_route=%2Fwp%2Fv2%2Fcategories&post=1910"},{"taxonomy":"post_tag","embeddable":true,"href":"https:\/\/cas-jura.ch\/index.php?rest_route=%2Fwp%2Fv2%2Ftags&post=1910"}],"curies":[{"name":"wp","href":"https:\/\/api.w.org\/{rel}","templated":true}]}}