{"id":1912,"date":"2021-07-07T10:01:47","date_gmt":"2021-07-07T08:01:47","guid":{"rendered":"https:\/\/cas-jura.ch\/?p=1912"},"modified":"2021-07-07T10:01:47","modified_gmt":"2021-07-07T08:01:47","slug":"les-enfers-le-paradis-10-04-21","status":"publish","type":"post","link":"https:\/\/cas-jura.ch\/?p=1912","title":{"rendered":"Les Enfers \u2013 Le Paradis \/ 10.04.21"},"content":{"rendered":"\n<p>Nous avions rendez-vous \u00e0 6h \u00e0 Courgenay. Pour transporter tout le monde ainsi que le mat\u00e9riel de ravitaillement, nous avions 2 v\u00e9hicules militaires (Pinz 6&#215;6).<\/p>\n\n\n\n<p>D\u00e9part pour Les Enfers dans les Pinz. Nous attaquons la marche \u00e0 6h40 par une descente sur Soubey.<\/p>\n\n\n\n<p>L\u00e0 nous attend le 1<sup>er<\/sup>&nbsp;ravitaillement avec le super chocolat chaud d\u2019Ars\u00e8ne avec quelques p\u00e2tisseries.<\/p>\n\n\n\n<p>Nous sommes repartis avec une bonne&nbsp; mont\u00e9e sur Epiquerez. 2<sup>\u00e8me<\/sup>&nbsp;pause&nbsp;: il reste du chocolat chaud&nbsp;!!! Tout le monde va bien et a chaud.<\/p>\n\n\n\n<p>Une nouvelle descente nous attend pour rejoindre Ocourt. Retravers\u00e9e du Doubs pour arriver \u00e0 La Motte o\u00f9 nous faisons le 3<sup>\u00e8me<\/sup>&nbsp;ravitaillement avec la d\u00e9gustation d\u2019un succulent p\u00e2t\u00e9.<\/p>\n\n\n\n<p>Maintenant, nous faisons la mont\u00e9e la plus p\u00e9nible du parcours pour arriver au col de Montvoie (858m). Lors de notre pause, nous profitons de souhaiter un joyeux anniversaire \u00e0 notre nouvelle membre Francine.<\/p>\n\n\n\n<p>La suite du parcours sera plus tranquille sur la cr\u00eate jusqu\u2019\u00e0 Chevenez. Voil\u00e0 14h30 tapante, nous somme au 5<sup>\u00e8me<\/sup>ravitaillement pour enfin d\u00e9guster la fameuse fondue.<\/p>\n\n\n\n<p>Une partie des participants nous quitte l\u00e0 et les survivants repartent bien ragaillardis par cette bonne pause jusqu\u2019au village d\u2019entra\u00eenement de Nal\u00e9. Petite pause biscuits et \u00e7a repart pour le dernier tron\u00e7on qui nous fait d\u00e9couvrir Le Paradis.<\/p>\n\n\n\n<p>Tout le monde est ravi d\u2019\u00eatre arriv\u00e9 au bout des 32.31 km, apr\u00e8s 8h56 d\u2019effort et quand un m\u00eame de sacr\u00e9s d\u00e9nivel\u00e9s (1331m D+ et 1663m D-).<\/p>\n\n\n\n<p>Nous avions la chance, en plus d\u2019une m\u00e9t\u00e9o cl\u00e9mente, d\u2019avoir 3 nouvelles jeunes participantes et toujours notre super h\u00e9ros chef de course Ars\u00e8ne.<\/p>\n\n\n\n<p>Un grand merci \u00e0 tout le monde pour cette magnifique journ\u00e9e.<\/p>\n\n\n\n<p>&nbsp;&nbsp;&nbsp;&nbsp;&nbsp;&nbsp;&nbsp;&nbsp;&nbsp;&nbsp;&nbsp;&nbsp;&nbsp;&nbsp;&nbsp;&nbsp;&nbsp;&nbsp;&nbsp;&nbsp;&nbsp;&nbsp;&nbsp;&nbsp;&nbsp;&nbsp;&nbsp;&nbsp;&nbsp;&nbsp;&nbsp;&nbsp;&nbsp;&nbsp;&nbsp;&nbsp;&nbsp;&nbsp;&nbsp;&nbsp;&nbsp;&nbsp;&nbsp;&nbsp;&nbsp;&nbsp;&nbsp;&nbsp;&nbsp;&nbsp;&nbsp;&nbsp;&nbsp;&nbsp;&nbsp;&nbsp;&nbsp;&nbsp;&nbsp;&nbsp;&nbsp;&nbsp;&nbsp;&nbsp;&nbsp;&nbsp;&nbsp;&nbsp;&nbsp;&nbsp;&nbsp;&nbsp;&nbsp;&nbsp;&nbsp;&nbsp;&nbsp;&nbsp;&nbsp;&nbsp;&nbsp;&nbsp;&nbsp;&nbsp;&nbsp;&nbsp;&nbsp;&nbsp;&nbsp;&nbsp;&nbsp;&nbsp;&nbsp; Sabrina et David<\/p>\n","protected":false},"excerpt":{"rendered":"<p>Nous avions rendez-vous \u00e0 6h \u00e0 Courgenay. Pour transporter tout le monde ainsi que le mat\u00e9riel de ravitaillement, nous avions 2 v\u00e9hicules militaires (Pinz 6&#215;6). &#8230;<\/p>\n","protected":false},"author":975901,"featured_media":0,"comment_status":"closed","ping_status":"closed","sticky":false,"template":"","format":"standard","meta":{"_jetpack_memberships_contains_paid_content":false,"footnotes":""},"categories":[28,29,22],"tags":[],"class_list":["post-1912","post","type-post","status-publish","format-standard","hentry","category-course","category-p","category-recits-de-courses"],"jetpack_featured_media_url":"","jetpack_sharing_enabled":true,"_links":{"self":[{"href":"https:\/\/cas-jura.ch\/index.php?rest_route=\/wp\/v2\/posts\/1912","targetHints":{"allow":["GET"]}}],"collection":[{"href":"https:\/\/cas-jura.ch\/index.php?rest_route=\/wp\/v2\/posts"}],"about":[{"href":"https:\/\/cas-jura.ch\/index.php?rest_route=\/wp\/v2\/types\/post"}],"author":[{"embeddable":true,"href":"https:\/\/cas-jura.ch\/index.php?rest_route=\/wp\/v2\/users\/975901"}],"replies":[{"embeddable":true,"href":"https:\/\/cas-jura.ch\/index.php?rest_route=%2Fwp%2Fv2%2Fcomments&post=1912"}],"version-history":[{"count":1,"href":"https:\/\/cas-jura.ch\/index.php?rest_route=\/wp\/v2\/posts\/1912\/revisions"}],"predecessor-version":[{"id":1913,"href":"https:\/\/cas-jura.ch\/index.php?rest_route=\/wp\/v2\/posts\/1912\/revisions\/1913"}],"wp:attachment":[{"href":"https:\/\/cas-jura.ch\/index.php?rest_route=%2Fwp%2Fv2%2Fmedia&parent=1912"}],"wp:term":[{"taxonomy":"category","embeddable":true,"href":"https:\/\/cas-jura.ch\/index.php?rest_route=%2Fwp%2Fv2%2Fcategories&post=1912"},{"taxonomy":"post_tag","embeddable":true,"href":"https:\/\/cas-jura.ch\/index.php?rest_route=%2Fwp%2Fv2%2Ftags&post=1912"}],"curies":[{"name":"wp","href":"https:\/\/api.w.org\/{rel}","templated":true}]}}