{"id":1914,"date":"2021-07-09T09:54:34","date_gmt":"2021-07-09T07:54:34","guid":{"rendered":"https:\/\/cas-jura.ch\/?p=1914"},"modified":"2021-09-22T13:32:47","modified_gmt":"2021-09-22T11:32:47","slug":"journee-clean-up-2021","status":"publish","type":"post","link":"https:\/\/cas-jura.ch\/?p=1914","title":{"rendered":"Journ\u00e9e clean-up 2021"},"content":{"rendered":"\n<p>La section organise cette ann\u00e9e une&nbsp;<strong>journ\u00e9e clean-up<\/strong><\/p>\n\n\n\n<ul class=\"wp-block-list\"><li>Le samedi 18 septembre<\/li><li>Rendez-vous: Parking col des Rangiers \u00e0 9 heures<\/li><li>Suggestion: Prendre une paire de gants et penser au covoiturage!<\/li><li>Pas d&rsquo;inscription<\/li><li>Ouvert \u00e0 tous<\/li><\/ul>\n\n\n\n<p>Par petits groupes, nous sillonnerons&nbsp;les routes et chemins du c\u00f4t\u00e9 des Rangiers et de La Caquerelle \u00e0 la recherche de d\u00e9tritus.Les clean-ups sont un excellent moyen de s&rsquo;impliquer activement en faveur de l&rsquo;environnement avec d&rsquo;autres personnes et de s&rsquo;int\u00e9resser au probl\u00e8me des d\u00e9chets en montagne.Nous avons une petite montagne pr\u00e8s de chez nous, prenons-en soin!&nbsp;Nous terminerons la matin\u00e9e vers 11h30 au Chalet des Ordons: ap\u00e9ro offert!<\/p>\n","protected":false},"excerpt":{"rendered":"<p>La section organise cette ann\u00e9e une&nbsp;journ\u00e9e clean-up Le samedi 18 septembre Rendez-vous: Parking col des Rangiers \u00e0 9 heures Suggestion: Prendre une paire de gants &#8230;<\/p>\n","protected":false},"author":975901,"featured_media":1916,"comment_status":"closed","ping_status":"closed","sticky":false,"template":"","format":"standard","meta":{"_jetpack_memberships_contains_paid_content":false,"footnotes":""},"categories":[3],"tags":[],"class_list":["post-1914","post","type-post","status-publish","format-standard","has-post-thumbnail","hentry","category-communication"],"jetpack_featured_media_url":"https:\/\/cas-jura.ch\/wordpress\/wp-content\/uploads\/2021\/07\/cf_360_ecogeste-1.jpg","jetpack_sharing_enabled":true,"_links":{"self":[{"href":"https:\/\/cas-jura.ch\/index.php?rest_route=\/wp\/v2\/posts\/1914","targetHints":{"allow":["GET"]}}],"collection":[{"href":"https:\/\/cas-jura.ch\/index.php?rest_route=\/wp\/v2\/posts"}],"about":[{"href":"https:\/\/cas-jura.ch\/index.php?rest_route=\/wp\/v2\/types\/post"}],"author":[{"embeddable":true,"href":"https:\/\/cas-jura.ch\/index.php?rest_route=\/wp\/v2\/users\/975901"}],"replies":[{"embeddable":true,"href":"https:\/\/cas-jura.ch\/index.php?rest_route=%2Fwp%2Fv2%2Fcomments&post=1914"}],"version-history":[{"count":3,"href":"https:\/\/cas-jura.ch\/index.php?rest_route=\/wp\/v2\/posts\/1914\/revisions"}],"predecessor-version":[{"id":1941,"href":"https:\/\/cas-jura.ch\/index.php?rest_route=\/wp\/v2\/posts\/1914\/revisions\/1941"}],"wp:featuredmedia":[{"embeddable":true,"href":"https:\/\/cas-jura.ch\/index.php?rest_route=\/wp\/v2\/media\/1916"}],"wp:attachment":[{"href":"https:\/\/cas-jura.ch\/index.php?rest_route=%2Fwp%2Fv2%2Fmedia&parent=1914"}],"wp:term":[{"taxonomy":"category","embeddable":true,"href":"https:\/\/cas-jura.ch\/index.php?rest_route=%2Fwp%2Fv2%2Fcategories&post=1914"},{"taxonomy":"post_tag","embeddable":true,"href":"https:\/\/cas-jura.ch\/index.php?rest_route=%2Fwp%2Fv2%2Ftags&post=1914"}],"curies":[{"name":"wp","href":"https:\/\/api.w.org\/{rel}","templated":true}]}}