{"id":1921,"date":"2021-07-09T14:27:33","date_gmt":"2021-07-09T12:27:33","guid":{"rendered":"https:\/\/cas-jura.ch\/?p=1921"},"modified":"2021-07-26T15:41:20","modified_gmt":"2021-07-26T13:41:20","slug":"creation-dune-mini-step-au-chalet-des-ordons-resultats","status":"publish","type":"post","link":"https:\/\/cas-jura.ch\/?p=1921","title":{"rendered":"Cr\u00e9ation d&rsquo;une mini step au chalet des Ordons : r\u00e9sultats"},"content":{"rendered":"\n<p>Les participants ont vot\u00e9 comme suit : <\/p>\n\n\n\n<ul class=\"wp-block-list\"><li>101 OUI<\/li><li>1 NON<\/li><li>3 bulletins blancs<\/li><li>2 nuls<\/li><\/ul>\n\n\n\n<p>La proposition de mettre en place un petite step individuelle au chalet des Ordons est donc <strong>accept\u00e9e<\/strong>. <\/p>\n\n\n\n<p>Le d\u00e9pouillement a eu lieu le mercredi 7 juillet 2021 \u00e0 Porrentruy, en pr\u00e9sence du pr\u00e9sident et de six autres membres du <strong>comit\u00e9, qui vous remercie chaleureusement de votre pr\u00e9cieuse participation<\/strong>. <\/p>\n\n\n\n<h3 class=\"wp-block-heading\">Et maintenant ?<\/h3>\n\n\n\n<p>La section a obtenu un d\u00e9lai suppl\u00e9mentaire (fin ao\u00fbt) pour le d\u00e9p\u00f4t de la demande de permis. Les travaux devront \u00eatre ensuite r\u00e9alis\u00e9s dans un d\u00e9lai de deux ans.  Vous serez r\u00e9guli\u00e8rement tenus au courant ici m\u00eame de l&rsquo;\u00e9volution du chantier.<\/p>\n","protected":false},"excerpt":{"rendered":"<p>Les participants ont vot\u00e9 comme suit : 101 OUI 1 NON 3 bulletins blancs 2 nuls La proposition de mettre en place un petite step &#8230;<\/p>\n","protected":false},"author":975901,"featured_media":1922,"comment_status":"closed","ping_status":"closed","sticky":false,"template":"","format":"standard","meta":{"_jetpack_memberships_contains_paid_content":false,"footnotes":""},"categories":[3],"tags":[],"class_list":["post-1921","post","type-post","status-publish","format-standard","has-post-thumbnail","hentry","category-communication"],"jetpack_featured_media_url":"https:\/\/cas-jura.ch\/wordpress\/wp-content\/uploads\/2021\/07\/OrdonsPAJU1.jpg","jetpack_sharing_enabled":true,"_links":{"self":[{"href":"https:\/\/cas-jura.ch\/index.php?rest_route=\/wp\/v2\/posts\/1921","targetHints":{"allow":["GET"]}}],"collection":[{"href":"https:\/\/cas-jura.ch\/index.php?rest_route=\/wp\/v2\/posts"}],"about":[{"href":"https:\/\/cas-jura.ch\/index.php?rest_route=\/wp\/v2\/types\/post"}],"author":[{"embeddable":true,"href":"https:\/\/cas-jura.ch\/index.php?rest_route=\/wp\/v2\/users\/975901"}],"replies":[{"embeddable":true,"href":"https:\/\/cas-jura.ch\/index.php?rest_route=%2Fwp%2Fv2%2Fcomments&post=1921"}],"version-history":[{"count":3,"href":"https:\/\/cas-jura.ch\/index.php?rest_route=\/wp\/v2\/posts\/1921\/revisions"}],"predecessor-version":[{"id":1925,"href":"https:\/\/cas-jura.ch\/index.php?rest_route=\/wp\/v2\/posts\/1921\/revisions\/1925"}],"wp:featuredmedia":[{"embeddable":true,"href":"https:\/\/cas-jura.ch\/index.php?rest_route=\/wp\/v2\/media\/1922"}],"wp:attachment":[{"href":"https:\/\/cas-jura.ch\/index.php?rest_route=%2Fwp%2Fv2%2Fmedia&parent=1921"}],"wp:term":[{"taxonomy":"category","embeddable":true,"href":"https:\/\/cas-jura.ch\/index.php?rest_route=%2Fwp%2Fv2%2Fcategories&post=1921"},{"taxonomy":"post_tag","embeddable":true,"href":"https:\/\/cas-jura.ch\/index.php?rest_route=%2Fwp%2Fv2%2Ftags&post=1921"}],"curies":[{"name":"wp","href":"https:\/\/api.w.org\/{rel}","templated":true}]}}