{"id":1926,"date":"2021-07-09T14:27:38","date_gmt":"2021-07-09T12:27:38","guid":{"rendered":"https:\/\/cas-jura.ch\/?p=1926"},"modified":"2021-08-10T16:05:16","modified_gmt":"2021-08-10T14:05:16","slug":"ouverture-estivale-de-la-cabane-des-ordons","status":"publish","type":"post","link":"https:\/\/cas-jura.ch\/?p=1926","title":{"rendered":"Ouverture estivale de la cabane des Ordons"},"content":{"rendered":"\n<p>Du 30 juillet au 1er ao\u00fbt 2021 <\/p>\n\n\n\n<ul class=\"wp-block-list\"><li>Programme d\u2019ACTIVIT\u00c9S <br>Randonn\u00e9e p\u00e9destre th\u00e9matique, parcours VTT, escalade. <\/li><li>RESTAURATION midi et soir <br>Fondue glareyarde, raclette, grillades. <\/li><li>LOGEMENT sur place en dortoirs <br><\/li><li>Descriptif complet : <a rel=\"noreferrer noopener\" href=\"https:\/\/cas-jura.ch\/wordpress\/wp-content\/uploads\/2021\/07\/2021-ouverture-estivale-de-la-Cabane-des-ORDONS.pdf\" target=\"_blank\">Programme Ordons 2021<\/a> <\/li><li>Inscriptions : <a rel=\"noreferrer noopener\" href=\"https:\/\/forms.gle\/V3P48PF5XkeTjJV27\" target=\"_blank\">Inscriptions Ordons 2021<\/a> <\/li><\/ul>\n","protected":false},"excerpt":{"rendered":"<p>Du 30 juillet au 1er ao\u00fbt 2021 Programme d\u2019ACTIVIT\u00c9S Randonn\u00e9e p\u00e9destre th\u00e9matique, parcours VTT, escalade. RESTAURATION midi et soir Fondue glareyarde, raclette, grillades. LOGEMENT sur &#8230;<\/p>\n","protected":false},"author":975901,"featured_media":0,"comment_status":"closed","ping_status":"closed","sticky":false,"template":"","format":"standard","meta":{"_jetpack_memberships_contains_paid_content":false,"footnotes":""},"categories":[3],"tags":[],"class_list":["post-1926","post","type-post","status-publish","format-standard","hentry","category-communication"],"jetpack_featured_media_url":"","jetpack_sharing_enabled":true,"_links":{"self":[{"href":"https:\/\/cas-jura.ch\/index.php?rest_route=\/wp\/v2\/posts\/1926","targetHints":{"allow":["GET"]}}],"collection":[{"href":"https:\/\/cas-jura.ch\/index.php?rest_route=\/wp\/v2\/posts"}],"about":[{"href":"https:\/\/cas-jura.ch\/index.php?rest_route=\/wp\/v2\/types\/post"}],"author":[{"embeddable":true,"href":"https:\/\/cas-jura.ch\/index.php?rest_route=\/wp\/v2\/users\/975901"}],"replies":[{"embeddable":true,"href":"https:\/\/cas-jura.ch\/index.php?rest_route=%2Fwp%2Fv2%2Fcomments&post=1926"}],"version-history":[{"count":2,"href":"https:\/\/cas-jura.ch\/index.php?rest_route=\/wp\/v2\/posts\/1926\/revisions"}],"predecessor-version":[{"id":1930,"href":"https:\/\/cas-jura.ch\/index.php?rest_route=\/wp\/v2\/posts\/1926\/revisions\/1930"}],"wp:attachment":[{"href":"https:\/\/cas-jura.ch\/index.php?rest_route=%2Fwp%2Fv2%2Fmedia&parent=1926"}],"wp:term":[{"taxonomy":"category","embeddable":true,"href":"https:\/\/cas-jura.ch\/index.php?rest_route=%2Fwp%2Fv2%2Fcategories&post=1926"},{"taxonomy":"post_tag","embeddable":true,"href":"https:\/\/cas-jura.ch\/index.php?rest_route=%2Fwp%2Fv2%2Ftags&post=1926"}],"curies":[{"name":"wp","href":"https:\/\/api.w.org\/{rel}","templated":true}]}}