{"id":1932,"date":"2021-07-26T16:28:01","date_gmt":"2021-07-26T14:28:01","guid":{"rendered":"https:\/\/cas-jura.ch\/?p=1932"},"modified":"2021-07-26T16:28:01","modified_gmt":"2021-07-26T14:28:01","slug":"initiation-a-lalpinisme-4-modules","status":"publish","type":"post","link":"https:\/\/cas-jura.ch\/?p=1932","title":{"rendered":"Initiation \u00e0 l&rsquo;alpinisme &#8211; 4 modules"},"content":{"rendered":"\n<p>Les participants\u00a0: Cassandra, Tamara, Valerie, Bastien, Cl\u00e9ment, Guillaume, Lloyd, Pascal et Vincent. Pour la sortie \u00e0 Saleinaz, Agn\u00e8s et Jos\u00e9. Pour la sortie \u00e0 l\u2019Allalinhorn, Carlos. <br>Sous la conduite de Fabrice et JB<\/p>\n\n\n\n<hr class=\"wp-block-separator is-style-wide\"\/>\n\n\n\n<h2 class=\"wp-block-heading\">Module I : Raimeux, grande ar\u00eate, 8 mai 2021<\/h2>\n\n\n\n<p>Pour notre premier module de cette initiation \u00e0 l\u2019alpinisme 2021, nous nous retrouvons samedi matin 5 juin dans les gorges de Moutier.<\/p>\n\n\n\n<figure class=\"wp-block-image size-large is-resized\"><img loading=\"lazy\" decoding=\"async\" src=\"https:\/\/cas-jura.ch\/wordpress\/wp-content\/uploads\/2021\/07\/HM1-768x1024.jpeg\" alt=\"\" class=\"wp-image-1933\" width=\"461\" height=\"615\" srcset=\"https:\/\/cas-jura.ch\/wordpress\/wp-content\/uploads\/2021\/07\/HM1-768x1024.jpeg 768w, https:\/\/cas-jura.ch\/wordpress\/wp-content\/uploads\/2021\/07\/HM1-225x300.jpeg 225w, https:\/\/cas-jura.ch\/wordpress\/wp-content\/uploads\/2021\/07\/HM1-1152x1536.jpeg 1152w, https:\/\/cas-jura.ch\/wordpress\/wp-content\/uploads\/2021\/07\/HM1-1536x2048.jpeg 1536w, https:\/\/cas-jura.ch\/wordpress\/wp-content\/uploads\/2021\/07\/HM1-scaled.jpeg 1920w\" sizes=\"auto, (max-width: 461px) 100vw, 461px\" \/><figcaption>Pour d&rsquo;autres photos de cette sortie, <a href=\"https:\/\/onedrive.live.com\/?authkey=%21AOmugHDvSKMLC%2DI&amp;id=9DDD2946AD38F825%216823&amp;cid=9DDD2946AD38F825\" target=\"_blank\" rel=\"noreferrer noopener\">cliquez ici<\/a>.<\/figcaption><\/figure>\n\n\n\n<p>Nous avons d\u00e9but\u00e9 par un contr\u00f4le du mat\u00e9riel avant de nous diriger vers l\u2019arr\u00eate du Raimeux. Cette sortie a permis \u00e0 certains d\u2019entre nous de tester son mat\u00e9riel pour la premi\u00e8re fois en conditions r\u00e9elles (mousquetons, chaussures, baudrier, cordelette prussik).<\/p>\n\n\n\n<p>Pour escalader et \u00e9voluer sur l\u2019arr\u00eate, nous avons mis en application les n\u0153uds de base qui nous ont \u00e9t\u00e9 montr\u00e9s lors de la s\u00e9ance d\u2019information (n\u0153ud de huit, n\u0153ud d\u2019amarre et demi n\u0153ud d\u2019amarre).<\/p>\n\n\n\n<p>Les techniques pour \u00e9voluer au mieux sur rocher nous ont \u00e9t\u00e9 expliqu\u00e9es et mises en pratique. Nous avons notamment vu le maniement de la corde, comment faire un raccourcissement de corde, les diff\u00e9rentes mani\u00e8res d\u2019\u00e9voluer sur rocher (corde courte, corde longue) et les techniques d\u2019assurage.<\/p>\n\n\n\n<p>Nous avons appris comment faire un rappel et la sortie s\u2019est termin\u00e9 avec deux magnifiques descentes en rappel.<\/p>\n\n\n\n<p>Tamara<\/p>\n\n\n\n<hr class=\"wp-block-separator is-style-wide\"\/>\n\n\n\n<h2 class=\"wp-block-heading\">Module II : Arpelistock (Geltenh\u00fctte), 5 et 6 juin 2021<\/h2>\n\n\n\n<p>Apr\u00e8s quelques heures de voiture et un indispensable caf\u00e9, nous voil\u00e0 partis samedi matin de Gstaad pour monter \u00e0 la Geltenh\u00fctte, les sacs \u00e0 dos remplis \u00e0 craquer et le sourire sur (presque toutes) les l\u00e8vres malgr\u00e9 un temps pluvieux. Heureusement pour notre \u00e9quipe de motiv\u00e9s, le ciel s\u2019est rapidement d\u00e9couvert et nous avons pu tester les glissades, les \u00ab&nbsp;bo\u00eetes aux lettres&nbsp;\u00bb et autres manipulations en ext\u00e9rieur sans \u00eatre trop tremp\u00e9s.<\/p>\n\n\n\n<p>Arriv\u00e9s \u00e0 la cabane, nous avons eu droit \u00e0 un petit d\u00e9briefing, un ap\u00e9ro made in Jura et une bonne fondue de chez nous. Une soir\u00e9e tr\u00e8s sympa qui se terminera tard pour certains, notamment \u00e0 cause des tron\u00e7onneuses planqu\u00e9es dans le dortoir (malheur \u00e0 ceux qui ont oubli\u00e9 leurs boules quies \u00e0 la maison&nbsp;!).<\/p>\n\n\n\n<p>Le lendemain, apr\u00e8s avoir chauss\u00e9 les crampons, nous nous sommes encord\u00e9s pour faire une partie de l\u2019ar\u00eate Rottalegg, une roche escarp\u00e9e qui n\u2019a pas laiss\u00e9 tout le monde indiff\u00e9rent au vide. Au retour, nous avons pu exp\u00e9rimenter les diff\u00e9rentes techniques de mouflage ainsi que la descente sur les fesses (\u00e9conomique en \u00e9nergie, mais pas en rires).<\/p>\n\n\n\n<figure class=\"wp-block-image size-large is-resized\"><img loading=\"lazy\" decoding=\"async\" src=\"https:\/\/cas-jura.ch\/wordpress\/wp-content\/uploads\/2021\/07\/HM2-768x1024.jpeg\" alt=\"\" class=\"wp-image-1934\" width=\"397\" height=\"529\" srcset=\"https:\/\/cas-jura.ch\/wordpress\/wp-content\/uploads\/2021\/07\/HM2-768x1024.jpeg 768w, https:\/\/cas-jura.ch\/wordpress\/wp-content\/uploads\/2021\/07\/HM2-225x300.jpeg 225w, https:\/\/cas-jura.ch\/wordpress\/wp-content\/uploads\/2021\/07\/HM2-1152x1536.jpeg 1152w, https:\/\/cas-jura.ch\/wordpress\/wp-content\/uploads\/2021\/07\/HM2-1536x2048.jpeg 1536w, https:\/\/cas-jura.ch\/wordpress\/wp-content\/uploads\/2021\/07\/HM2-scaled.jpeg 1920w\" sizes=\"auto, (max-width: 397px) 100vw, 397px\" \/><figcaption>Pour d&rsquo;autres photos de cette sortie, <a href=\"https:\/\/onedrive.live.com\/?authkey=%21AOmugHDvSKMLC%2DI&amp;id=9DDD2946AD38F825%216811&amp;cid=9DDD2946AD38F825\" target=\"_blank\" rel=\"noreferrer noopener\">cliquez ici<\/a>.<\/figcaption><\/figure>\n\n\n\n<p>Le sommet n\u2019\u00e9tant pas accessible ce jour-l\u00e0, ce f\u00fbt finalement un retour en plaine sans pluie mais pas sans une petite frayeur de Pascal, qui a d\u00e9cid\u00e9 sans pr\u00e9venir de mettre la glissade en pratique&nbsp;! Heureusement, plus de peur que de mal \u2026 et ce f\u00fbt autour d\u2019une d\u00e9licieuse glace et de plusieurs \u00ab&nbsp;normal Beer&nbsp;\u00bb que s\u2019est conclue cette premi\u00e8re jolie exp\u00e9rience en altitude. Merci \u00e0 JB et Fabrice&nbsp;!<\/p>\n\n\n\n<p>Cassandra<\/p>\n\n\n\n<hr class=\"wp-block-separator is-style-wide\"\/>\n\n\n\n<h2 class=\"wp-block-heading\">Module III\u00a0: Travers\u00e9e de la Fen\u00eatre de Saleinaz \u2013 Petite Fourche \u2013 T\u00eate Blanche, 19 et 20 juin 2021<\/h2>\n\n\n\n<p>C\u2019est au moyen de trois voitures que le groupe de onze participants se d\u00e9pla\u00e7a, t\u00f4t ce samedi matin dans le Val ferret. Le point de ralliement \u00e9tait la terrasse du Caf\u00e9 \u00ab&nbsp;le Quai de l\u2019Ours&nbsp;\u00bb \u00e0 Orsi\u00e8res. Cassandra n\u2019est malheureusement pas des n\u00f4tres, une mauvaise grippe la cloue au lit. Le temps d\u2019un petit caf\u00e9, nous faisons connaissance d\u2019Agn\u00e8s et de Jos\u00e9 qui nous accompagnent ce week-end afin de pr\u00e9parer une course qu\u2019ils planifient mi-juillet.<\/p>\n\n\n\n<p>Vers 11h, les voitures sont stationn\u00e9es \u00e0 la prise d\u2019eau dans les hauteurs de Praz-de-Fort. L\u2019endroit est interdit \u00e0 la circulation, mais les autochtones sont, para\u00eet-il, indulgents\u2026 Reconna\u00eetraient-ils la voiture \u00e0 JB&nbsp;?!<\/p>\n\n\n\n<p>La mont\u00e9e \u00e0 la cabane est raide et le soleil de plomb. Le premier tiers de l\u2019ascension ressemble \u00e0 une via ferrata, beaucoup de chaines et de marches m\u00e9talliques. A partir de 2400m nous traversons plusieurs n\u00e9v\u00e9s pour terminer notre p\u00e9riple en gravissant une courte ar\u00eate facile. Le dernier relais se trouvant au pied du mat du drapeau helv\u00e9tique plant\u00e9 \u00e0 une dizaine de m\u00e8tres en contre-bas de la cabane de Saleinaz. Il n\u2019est pas loin de 15h30, les gardiennes nous accueillent chaleureusement avec un th\u00e9 de bienvenue, bienvenu&nbsp;\ud83d\ude09<\/p>\n\n\n\n<p>Le reste de l\u2019apr\u00e8s-midi est consacr\u00e9 \u00e0 des exercices de mouflage. Nous redescendons \u00e0 la cabane vers 18h15, juste le temps d\u2019un ap\u00e9ritif sur la terrasse avant le repas du soir. Un inoubliable souffl\u00e9 glac\u00e9 \u00e0 l\u2019absinthe viendra couronner l\u2019excellent souper.<\/p>\n\n\n\n<figure class=\"wp-block-image size-large is-resized\"><img loading=\"lazy\" decoding=\"async\" src=\"https:\/\/cas-jura.ch\/wordpress\/wp-content\/uploads\/2021\/07\/HM3-1024x768.jpeg\" alt=\"\" class=\"wp-image-1935\" width=\"542\" height=\"407\" srcset=\"https:\/\/cas-jura.ch\/wordpress\/wp-content\/uploads\/2021\/07\/HM3-1024x768.jpeg 1024w, https:\/\/cas-jura.ch\/wordpress\/wp-content\/uploads\/2021\/07\/HM3-300x225.jpeg 300w, https:\/\/cas-jura.ch\/wordpress\/wp-content\/uploads\/2021\/07\/HM3-768x576.jpeg 768w, https:\/\/cas-jura.ch\/wordpress\/wp-content\/uploads\/2021\/07\/HM3-1536x1152.jpeg 1536w, https:\/\/cas-jura.ch\/wordpress\/wp-content\/uploads\/2021\/07\/HM3-2048x1536.jpeg 2048w\" sizes=\"auto, (max-width: 542px) 100vw, 542px\" \/><figcaption>Pour d&rsquo;autres photos de cette sortie, <a href=\"https:\/\/onedrive.live.com\/?authkey=%21AOmugHDvSKMLC%2DI&amp;id=9DDD2946AD38F825%216785&amp;cid=9DDD2946AD38F825\" target=\"_blank\" rel=\"noreferrer noopener\">cliquez ici<\/a>.<\/figcaption><\/figure>\n\n\n\n<p>Les pr\u00e9visions m\u00e9t\u00e9o du lendemain ne sont pas optimales, mais l\u2019optimisme reste de mise et nous esp\u00e9rons tous pouvoir partir en direction de la fen\u00eatre de Saleinaz dans la nuit. La diane est sonn\u00e9e \u00e0 2h45, on passe en quelques secondes de la qui\u00e9tude d\u2019un sommeil r\u00e9parateur \u00e0 l\u2019effervescence d\u2019un hall de gare. Malheureusement, la pluie tombe \u00e0 verse et les pr\u00e9visions m\u00e9t\u00e9o n\u2019annoncent que peu de r\u00e9pit. De gros orages sont pr\u00e9vus en d\u00e9but d\u2019apr\u00e8s-midi. JB consulte le groupe et la d\u00e9cision est prise de ne pas partir dans ces conditions. Nous retournons au lit, certes un peu d\u00e9\u00e7u, mais la d\u00e9cision est sage et fait l\u2019unanimit\u00e9.<\/p>\n\n\n\n<p>Le petit d\u00e9jeuner de 6h30 est suivi d\u2019un cours en int\u00e9rieur. Orientation et lecture de carte sont \u00e0 l\u2019ordre du jour. La seconde partie de la matin\u00e9e se d\u00e9roule sur une cr\u00eate rocheuse \u00e0 quelques encablures de la cabane. Nous apprenons \u00e0 mettre en place des relais improvis\u00e9s dans les rochers et descendons en rappel \u00e0 plusieurs reprises.<\/p>\n\n\n\n<p>Les orages annonc\u00e9s pour l\u2019apr\u00e8s-midi nous obligent \u00e0 partir t\u00f4t pour la vall\u00e9e. Vers midi, apr\u00e8s une collation sur la terrasse de la cabane, nous entamons la descente. Le n\u00e9v\u00e9 assez raide situ\u00e9 juste sous la cabane donne lieu \u00e0 quelques belles glissades, presque toutes volontaires. Nous descendons dans de bonnes conditions, les rochers et les passages d\u00e9licats sont secs.<\/p>\n\n\n\n<p>Retour aux voitures vers 14h30, nous nous retrouvons ensuite pour un dernier verre \u00e0 Orsi\u00e8res et rentrons dans le Jura\u2026 Il est 18h, pile-poil pour le match de la Suisse&nbsp;\uf04a<br>Merci \u00e0 JB et Fabrice&nbsp;!<\/p>\n\n\n\n<p>Bastien<\/p>\n\n\n\n<hr class=\"wp-block-separator is-style-wide\"\/>\n\n\n\n<h2 class=\"wp-block-heading\">Module IV\u00a0: Premier 4000m \u00e0 l\u2019Allalinhorn (Hohlaubgrat)$<\/h2>\n\n\n\n<p><em>Samedi 3 Juillet<\/em><br>Apr\u00e8s un d\u00e9part matinal du Jura, nous nous retrouvons tous \u00e0 la gare de Saas Fee. Avant le traditionnel caf\u00e9 en terrasse, un point m\u00e9t\u00e9o par JB ne nous rassure gu\u00e8re .. la m\u00e9t\u00e9o (pluvieuse et potentiellement orageuse), nous rappelle la m\u00e9saventure de la pr\u00e9c\u00e9dente sortie \u00e0 Saleinaz, au cours de laquelle nous avions d\u00fb renoncer \u00e0 cause de la pluie nocturne et des orages.<\/p>\n\n\n\n<p>Peu importe, nous nous mettons en route, en prenant garde \u00e0 ne pas nous enflammer comme au d\u00e9but de la sortie pr\u00e9c\u00e9dente, o\u00f9 l\u2019homme de t\u00eate (un \u00ab&nbsp;diesel&nbsp;\u00bb lent au d\u00e9marrage pour le citer), \u00e9tait en fait parti \u00e0 tr\u00e8s vive allure&nbsp;! Nous avalons sans d\u00e9tour la mont\u00e9e jusqu\u2019\u00e0 la Britannia H\u00fctte, et parvenons m\u00eame \u00e0 \u00e9viter la pluie annonc\u00e9e pour l\u2019apr\u00e8s-midi&nbsp;: la m\u00e9t\u00e9o nous fit l\u00e0 son premier cadeau.<\/p>\n\n\n\n<p>Arriv\u00e9 \u00e0 la cabane, nous sommes accueillis par quelques bouquetins, et allons prendre nos quartiers au dernier \u00e9tage. Apr\u00e8s quelques exercices pratiques en int\u00e9rieur, nous nous sommes rendus au r\u00e9fectoire et avons appr\u00e9ci\u00e9 un souper typique de cabane. Rien de tel qu\u2019une petite mirabelle tir\u00e9e du sac pour aider \u00e0 dig\u00e9rer et s\u2019assurer une bonne nuit de repos&nbsp;!Malgr\u00e9 le r\u00e9veil annonc\u00e9 pour 3h45, nous succombons \u00e0 l\u2019accent canadien de nos voisins de tables, et quelques-uns d\u2019entre nous passent la soir\u00e9e \u00e0 discuter avec eux.<\/p>\n\n\n\n<p><em>Dimanche 4 Juillet<br><\/em>3h45 \u00ab\u00a0Morge Zamme\u00a0\u00bb nous lance joyeusement la gardienne de cabane venue nous r\u00e9veiller. Cl\u00e9ment saute sans tarder de son lit pour ouvrir les volets et contr\u00f4ler la m\u00e9t\u00e9o\u00a0: le brouillard de la veille s\u2019est lev\u00e9, tout est calme, il ne pleut pas, et l\u2019on aper\u00e7oit d\u00e9j\u00e0 un groupe sur le d\u00e9part.<\/p>\n\n\n\n<p>Apr\u00e8s un bon petit-d\u00e9jeuner, nous nous \u00e9quipons et partons en direction du Hohlaubgletscher. Arriv\u00e9 sur celui-ci, nous chaussons nos crampons et entamons l\u2019ascension. La montagne nous gratifie d\u2019un lev\u00e9 de soleil magistral qui illumine l\u2019objectif du jour\u00a0: l\u2019Allalinhorn.<\/p>\n\n\n\n<figure class=\"wp-block-image size-large\"><img loading=\"lazy\" decoding=\"async\" width=\"1024\" height=\"472\" src=\"https:\/\/cas-jura.ch\/wordpress\/wp-content\/uploads\/2021\/07\/HM4-1024x472.jpeg\" alt=\"\" class=\"wp-image-1936\" srcset=\"https:\/\/cas-jura.ch\/wordpress\/wp-content\/uploads\/2021\/07\/HM4-1024x472.jpeg 1024w, https:\/\/cas-jura.ch\/wordpress\/wp-content\/uploads\/2021\/07\/HM4-300x138.jpeg 300w, https:\/\/cas-jura.ch\/wordpress\/wp-content\/uploads\/2021\/07\/HM4-768x354.jpeg 768w, https:\/\/cas-jura.ch\/wordpress\/wp-content\/uploads\/2021\/07\/HM4-1536x707.jpeg 1536w, https:\/\/cas-jura.ch\/wordpress\/wp-content\/uploads\/2021\/07\/HM4-2048x943.jpeg 2048w\" sizes=\"auto, (max-width: 1024px) 100vw, 1024px\" \/><figcaption> Pour d&rsquo;autres photos de cette sortie, <a href=\"https:\/\/onedrive.live.com\/?authkey=%21AOmugHDvSKMLC%2DI&amp;id=9DDD2946AD38F825%216710&amp;cid=9DDD2946AD38F825\" target=\"_blank\" rel=\"noreferrer noopener\">cliquez ici<\/a> ou encore <a href=\"https:\/\/onedrive.live.com\/?authkey=%21AOmugHDvSKMLC%2DI&amp;id=9DDD2946AD38F825%216764&amp;cid=9DDD2946AD38F825\" target=\"_blank\" rel=\"noreferrer noopener\">l\u00e0<\/a>.<\/figcaption><\/figure>\n\n\n\n<p>Nous progressons \u00e0 un rythme mod\u00e9r\u00e9 mais constant, et nous rendons compte des effets de l\u2019altitude sur notre corps. Arriv\u00e9s au pas d\u2019escalade final, le mauvais temps se l\u00e8ve et nous enjoint \u00e0 relier le sommet sans tarder. Tous nos efforts et la pr\u00e9paration entreprise au cours des pr\u00e9c\u00e9dentes sorties nous aurons permis d\u2019atteindre notre objectif et notre \u00ab&nbsp;premier 4000&nbsp;\u00bb<br>&nbsp;<br>S\u2019en est suivi une descente \u00e0 travers le Feegletscher, sous les flocons et dans le brouillard. Apr\u00e8s une heure de marche, JB nous propose deux itin\u00e9raires pour rallier Saas Fee&nbsp;: l\u2019un continuant la travers\u00e9e du glacier \u00e0 pied jusqu\u2019\u00e0 L\u00e4ngflue, et l\u2019autre, via le m\u00e9tro alpin. Le groupe se s\u00e9pare en deux, et sera finalement r\u00e9uni plus vite que pr\u00e9vu, le m\u00e9tro alpin n\u2019ayant pas encore ouvert ses portes&nbsp;\u00e0 la derni\u00e8re station !<br>Apr\u00e8s ce dernier rebondissement, nous regagnons Saas Fee en cabine.<\/p>\n\n\n\n<p>Nous terminons notre initiation par le duo d\u00e9sormais incontournable \u00ab&nbsp;bi\u00e8re \u2013 glace&nbsp;\u00bb en terrasse et un dernier d\u00e9briefing de nos chers formateurs JB et Fabrice. Nous tenons encore une fois \u00e0 les remercier pour leurs temps, conseils, patience, et bonne humeur au cours de cette initiation.<\/p>\n\n\n\n<p>Cl\u00e9ment et Vincent<\/p>\n","protected":false},"excerpt":{"rendered":"<p>Les participants\u00a0: Cassandra, Tamara, Valerie, Bastien, Cl\u00e9ment, Guillaume, Lloyd, Pascal et Vincent. Pour la sortie \u00e0 Saleinaz, Agn\u00e8s et Jos\u00e9. Pour la sortie \u00e0 l\u2019Allalinhorn, &#8230;<\/p>\n","protected":false},"author":975901,"featured_media":1938,"comment_status":"closed","ping_status":"closed","sticky":false,"template":"","format":"standard","meta":{"_jetpack_memberships_contains_paid_content":false,"footnotes":""},"categories":[22,1],"tags":[],"class_list":["post-1932","post","type-post","status-publish","format-standard","has-post-thumbnail","hentry","category-recits-de-courses","category-uncategorized"],"jetpack_featured_media_url":"https:\/\/cas-jura.ch\/wordpress\/wp-content\/uploads\/2021\/07\/HM_haute-scaled.jpeg","jetpack_sharing_enabled":true,"_links":{"self":[{"href":"https:\/\/cas-jura.ch\/index.php?rest_route=\/wp\/v2\/posts\/1932","targetHints":{"allow":["GET"]}}],"collection":[{"href":"https:\/\/cas-jura.ch\/index.php?rest_route=\/wp\/v2\/posts"}],"about":[{"href":"https:\/\/cas-jura.ch\/index.php?rest_route=\/wp\/v2\/types\/post"}],"author":[{"embeddable":true,"href":"https:\/\/cas-jura.ch\/index.php?rest_route=\/wp\/v2\/users\/975901"}],"replies":[{"embeddable":true,"href":"https:\/\/cas-jura.ch\/index.php?rest_route=%2Fwp%2Fv2%2Fcomments&post=1932"}],"version-history":[{"count":1,"href":"https:\/\/cas-jura.ch\/index.php?rest_route=\/wp\/v2\/posts\/1932\/revisions"}],"predecessor-version":[{"id":1937,"href":"https:\/\/cas-jura.ch\/index.php?rest_route=\/wp\/v2\/posts\/1932\/revisions\/1937"}],"wp:featuredmedia":[{"embeddable":true,"href":"https:\/\/cas-jura.ch\/index.php?rest_route=\/wp\/v2\/media\/1938"}],"wp:attachment":[{"href":"https:\/\/cas-jura.ch\/index.php?rest_route=%2Fwp%2Fv2%2Fmedia&parent=1932"}],"wp:term":[{"taxonomy":"category","embeddable":true,"href":"https:\/\/cas-jura.ch\/index.php?rest_route=%2Fwp%2Fv2%2Fcategories&post=1932"},{"taxonomy":"post_tag","embeddable":true,"href":"https:\/\/cas-jura.ch\/index.php?rest_route=%2Fwp%2Fv2%2Ftags&post=1932"}],"curies":[{"name":"wp","href":"https:\/\/api.w.org\/{rel}","templated":true}]}}