{"id":1945,"date":"2021-08-25T14:21:31","date_gmt":"2021-08-25T12:21:31","guid":{"rendered":"https:\/\/cas-jura.ch\/?p=1945"},"modified":"2021-08-25T14:22:29","modified_gmt":"2021-08-25T12:22:29","slug":"diemtigtal-juillet-2021","status":"publish","type":"post","link":"https:\/\/cas-jura.ch\/?p=1945","title":{"rendered":"Diemtigtal juillet 2021"},"content":{"rendered":"\n<p><strong>Samedi 10 juillet \/ Wiriehorn<\/strong> <br>M\u00e9t\u00e9o id\u00e9ale et prometteuse au d\u00e9part de Porrentruy ce samedi. Rapide contr\u00f4le\u00a0: Jos\u00e9, Ars\u00e8ne, Corinne, Fr\u00e9d\u00e9rique, Sandrine et moi, tout le monde est l\u00e0. D\u00e9part pour le Diemtigtal, vall\u00e9e lat\u00e9rale du Simmental et parc naturel dont le nom traduit du patois local signifie\u00a0:\u00a0\u00ab\u00a0Pays des hommes au large cou o\u00f9 rien n\u2019est plat\u00a0\u00bb.<br>C\u2019est \u00e0 Oey qu\u2019Agn\u00e8s, notre cheffe de course, nous a donn\u00e9 rendez-vous dans le d\u00e9j\u00e0 connu Gasthof Hirschen . Narcisse, Pauline et Cristel arrivent \u00e0 leur tour. Groupe complet\u00a0!<br>D\u00e9placement en voiture jusqu\u2019\u00e0 Riedli o\u00f9 nous d\u00e9butons cette premi\u00e8re journ\u00e9e en prenant un peu de hauteur gr\u00e2ce au t\u00e9l\u00e9si\u00e8ge qui nous propulse jusqu\u2019\u00e0 N\u00fcegg \u00e0 1420m. La randonn\u00e9e peut commencer. Premiers hectom\u00e8tres pour faire connaissance et trouver le rythme de marche du groupe. Mais puisqu\u2019ici rien n\u2019est plat, le silence revient d\u00e8s la premi\u00e8re mont\u00e9e. M\u00e9t\u00e9o magnifique, temp\u00e9rature id\u00e9ale, paysages de carte postale, vaches \u00e0 cloches, fleurs \u00e0 profusion, tout y est\u00a0! Vive les vacances et oubli\u00e9es les grisailles jurassiennes de ce d\u00e9but de juillet.<br>Apr\u00e8s une premi\u00e8re pause et quelques adaptations vestimentaires, le chemin blanc nous am\u00e8ne \u00e0 Wirie (1857m). A partir de l\u00e0, place aux sentiers de montagne. Quelques lacets au milieu d\u2019un tapis de fleurs et nous cheminons le long de l\u2019arr\u00eate pour atteindre le sommet du Wiriehorn \u00e0 2304m.<br>Repas de midi devant un panorama magnifique fait de \u00ab\u00a0\u2026horn\u00a0\u00bb et de\u00a0 \u00ab\u00a0\u2026grat\u00a0\u00bb encore inconnus. Au Sud \u00ab\u00a0les bernoises\u00a0\u00bb \u00e0 l\u2019Ouest la silhouette si reconnaissable des Gastlosen et m\u00eame au Nord-est un petit bout du lac de Thoune. Contemplation, discussions, digestion.<br>Retour sur nos pas pour la premi\u00e8re partie de la descente puis nous continuons vers le Sud pour contourner notre sommet du jour. Apr\u00e8s une descente r\u00e9guli\u00e8re dans les alpages nous voici attabl\u00e9s au restaurant Alp Schwartzenberg dont les meringues \u00e0 la cr\u00e8me vent\u00e9es par Agn\u00e8s tiennent leurs promesses. R\u00e9hydrat\u00e9s et rassasi\u00e9s, un Twint et \u00e7a repart\u00a0! A la station sup\u00e9rieure du t\u00e9l\u00e9si\u00e8ge, il n\u2019est pas n\u00e9cessaire de beaucoup d\u00e9battre pour choisir l\u2019option trottinettes pour la descente. Casques ajust\u00e9s, freins test\u00e9s, nous voil\u00e0 pr\u00eats \u00e0 nous laisser rouler sans effort et avec bonheur vers notre point de d\u00e9part du matin.<br>Pour une premi\u00e8re journ\u00e9e, quelle r\u00e9ussite\u00a0!<br>Il nous reste \u00e0 rejoindre notre camp de base du week-end au Gasthof Rothbad situ\u00e9 dans le village d\u2019adoption d\u2019Agn\u00e8s. Tr\u00e8s belle \u00ab\u00a0\u00dcberraschung\u00a0\u00bb que ce lieu typique, sympathique et hors du temps qui nous est presque enti\u00e8rement r\u00e9serv\u00e9. Repas mijot\u00e9, petit verre de rouge (un), des \u00e9clats de rire et d\u00e9j\u00e0 l\u2019appel du lit. Vivement demain\u00a0!<\/p>\n\n\n\n<p>Xavier<\/p>\n\n\n\n<hr class=\"wp-block-separator is-style-wide\"\/>\n\n\n\n<p><strong>Dimanche 11 juillet 2021 &#8211; M\u00e4nnliflue 2652 m<\/strong><br>Pour ce deuxi\u00e8me jour, Agn\u00e8s nous propose le M\u00e4nnliflue, le plus haut sommet du Diemtigtal.<br>Nous partons de Fieldrich&nbsp;1360 m. L\u00e0,&nbsp;une fromagerie et une ferme isol\u00e9e o\u00f9 vit une famille avec de jeunes enfants. L&rsquo;habitat est tr\u00e8s \u00e9pars au Diemtigtal. La fa\u00e7ade de cette ferme est tr\u00e8s belle, typique, avec ses petites fen\u00eatres, ses fleurs et ses boilles&nbsp;\u00e0 lait, le tout sous un immense toit. Nous rep\u00e9rons d\u00e9j\u00e0 les frigos devant la ferme, en pensant au retour et \u00e0 l&rsquo;heure du go\u00fbter!<br>Au d\u00e9but de la randonn\u00e9e, peu de d\u00e9nivel\u00e9, ce qui permet de discuter. Nous sommes enchant\u00e9-e-s de d\u00e9couvrir ces vastes paysages vallonn\u00e9s, les prairies, les for\u00eats. Nous longeons et traversons \u00e9galement plusieurs fois des ruisseaux. Apr\u00e8s 600 m de d\u00e9nivel\u00e9, nous&nbsp;faisons une petite pause \u00e0 Oberberg. Il reste encore deux bonnes heures pour atteindre le sommet.<br>On est \u00e0 peu pr\u00e8s \u00e0 mi-parcours et la difficult\u00e9 s&rsquo;accentue. La derni\u00e8re mont\u00e9e sera un peu plus physique, m\u00eame raide \u00e0 la fin\u2026 L&rsquo;intensit\u00e9 de l&rsquo;effort se fait ressentir, on termine en silence. Le groupe s&rsquo;\u00e9tire un peu, chacun-e allant \u00e0 son rythme. Arriv\u00e9-e-s au sommet, magnifique panorama, parfois envelopp\u00e9 par un ballet de nuages. On sort une petite veste et le pique-nique. Souvent, en haut des sommets du Diemtigtal, on d\u00e9couvre une bo\u00eete m\u00e9tallique, \u00e0 l&rsquo;int\u00e9rieur de laquelle se trouve une bible et un cahier. Sur une de&nbsp;ses pages, nous exprimons notre gratitude.&nbsp; &nbsp;<br>Descente par le m\u00eame chemin, pause bain de pied dans un torrent, bien appr\u00e9ci\u00e9e.<br>La boucle est boucl\u00e9e\u2026 Nous retrouvons les bonnes glaces, les fromages et les saucisses dans les frigos devant la ferme. Nous avons tous bien du plaisir \u00e0 montrer solidarit\u00e9 et reconnaissance envers les paysans de montagne et nous appr\u00e9cions beaucoup ces produits locaux d&rsquo;excellente qualit\u00e9.<br>Merci Agn\u00e8s pour cette magnifique journ\u00e9e.<\/p>\n\n\n\n<p><br>Cristel<\/p>\n\n\n\n<hr class=\"wp-block-separator is-style-wide\"\/>\n\n\n\n<figure class=\"wp-block-image size-large\"><img loading=\"lazy\" decoding=\"async\" width=\"1024\" height=\"574\" src=\"https:\/\/cas-jura.ch\/wordpress\/wp-content\/uploads\/2021\/08\/diem-1024x574.png\" alt=\"\" class=\"wp-image-1946\" srcset=\"https:\/\/cas-jura.ch\/wordpress\/wp-content\/uploads\/2021\/08\/diem-1024x574.png 1024w, https:\/\/cas-jura.ch\/wordpress\/wp-content\/uploads\/2021\/08\/diem-300x168.png 300w, https:\/\/cas-jura.ch\/wordpress\/wp-content\/uploads\/2021\/08\/diem-768x431.png 768w, https:\/\/cas-jura.ch\/wordpress\/wp-content\/uploads\/2021\/08\/diem.png 1329w\" sizes=\"auto, (max-width: 1024px) 100vw, 1024px\" \/><figcaption><strong>Fieldrich, &nbsp;point de d\u00e9part<\/strong><\/figcaption><\/figure>\n\n\n\n<p><strong>Dimanche 11 juillet 2021 &#8211; M\u00e4ggisserehore 2347 m<\/strong><br>Je devrais vous raconter qu\u2019apr\u00e8s un d\u00e9jeuner dans la bonne humeur, le groupe se r\u00e9partit dans les voitures et roule jusqu\u2019\u00e0 Springenboden. Que la randonn\u00e9e d\u00e9bute \u00e0 8h50 avec un temps qui promet d\u2019\u00eatre magnifique. Mais l\u00e0 je regarde cette \u00e9quipe qui attaque la premi\u00e8re c\u00f4te et ce que je vois, c\u2019est l\u2019amiti\u00e9 d\u00e9velopp\u00e9e ces derniers jours qui transpire d\u00e9j\u00e0. Comme \u00e0 chaque fois, chacun prend son rythme et des duos ou des trios se forment. Les discussions et les \u00e9clats de rires commencent.<br>Quel bonheur.<\/p>\n\n\n\n<p>Nous nous arr\u00eatons vers une jolie fontaine et Agn\u00e8s, notre merveilleuse et appliqu\u00e9e guide, commente un panneau et nous indique qu\u2019on est sur la terre des lutteurs. Qu\u2019ici un parcours leur est d\u00e9di\u00e9. Et de nouveau des rires et des blagues.<br>Qu\u2019il fait bon \u00eatre l\u00e0.<\/p>\n\n\n\n<p>Il faudrait que j\u2019\u00e9crive qu\u2019apr\u00e8s une travers\u00e9e de for\u00eat, nous entamons un bout sur le bitume et que nous sommes interrompus dans notre \u00e9lan, juste \u00e0 c\u00f4t\u00e9 d\u2019une ferme, par un tracteur qui d\u00e9verse du purin dans les champs bordant la route. Pourtant ce qui me frappe c\u2019est la joie qui r\u00e8gne. Chacun y va de son commentaire et les sourires sont sur tous les visages.<br>Quel plaisir.<br>L\u00e0 je sens que la montagne nous gagne et que d\u00e9j\u00e0 elle transmet ses bienfaits.<br>Que la montagne est humble.<\/p>\n\n\n\n<p>La mont\u00e9e se fait \u00e0 travers des paysages majestueux, des p\u00e2turages o\u00f9 les vaches sont reines, des cascades qui nous appellent \u00e0 la trempette.<br>Que la montagne est belle.<br>Je regarde devant et je devine les discussions qui prennent une forme plus personnelle. Je me retourne et les groupes \u00e0 l\u2019arri\u00e8re sont dans la m\u00eame dynamique.<br>Quel pouvoir cette montagne.<br>La suite devrait ressembler \u00e0 la narration de notre ascension sur un chemin parsem\u00e9 de grosses pierres et l\u2019incroyable fiert\u00e9 d\u2019atteindre le sommet \u00e0 2347 m\u00e8tres d\u2019altitude, le M\u00e4ggisserehore, apr\u00e8s plus de 3h30 de marche et 1000m de d\u00e9nivel\u00e9. L\u00e0, j\u2019\u00e9coute notre a\u00een\u00e9 qui partage avec passion et fougue ses connaissances sur les sommets qui nous entourent.<br>Que la montagne est g\u00e9n\u00e9reuse.<\/p>\n\n\n\n<p>Un 360 degr\u00e9s vertigineux. Eiger M\u00f6nch Jungfrau pour les plus connus. Par temps plus d\u00e9couvert on pourrait m\u00eame apercevoir notre Chasseral. Apr\u00e8s une pause repas o\u00f9 chacun se repose \u00e0 sa fa\u00e7on, nous entamons la descente. Il pourrait n\u2019y avoir rien \u00e0 conter puisque l\u2019itin\u00e9raire retour est le m\u00eame que celui emprunt\u00e9 \u00e0 l\u2019aller. Mais je suis surprise de constater que rien n\u2019est pareil. L\u2019angle est diff\u00e9rent et tout semble nouveau \u00e0 d\u00e9couvrir. Je remarque aussi que mes compagnons marcheurs ressentent le besoin de vivre un moment de solitude. Prendre un peu de cette montagne pour soi.<br>Que la montagne est ressour\u00e7ante.<\/p>\n\n\n\n<p>Nous nous approchons de la fin de notre incroyable randonn\u00e9e apr\u00e8s une descente de 2h30 environ. J\u2019ai envie de marcher \u00e0 reculons pour faire durer le plaisir et m\u00eame qu\u2019il ne s\u2019arr\u00eate jamais.<br>Que la montagne est envo\u00fbtante.<br>Apr\u00e8s une pause m\u00e9rit\u00e9e sur la terrasse d\u2019un restaurant, nous nous s\u00e9parons avec \u00e9motion et la promesse de se revoir\u2026<br>Que la montagne est rassembleuse\u2026<\/p>\n\n\n\n<p><br>Sandrine<\/p>\n","protected":false},"excerpt":{"rendered":"<p>Samedi 10 juillet \/ Wiriehorn M\u00e9t\u00e9o id\u00e9ale et prometteuse au d\u00e9part de Porrentruy ce samedi. Rapide contr\u00f4le\u00a0: Jos\u00e9, Ars\u00e8ne, Corinne, Fr\u00e9d\u00e9rique, Sandrine et moi, tout &#8230;<\/p>\n","protected":false},"author":975901,"featured_media":0,"comment_status":"closed","ping_status":"closed","sticky":false,"template":"","format":"standard","meta":{"_jetpack_memberships_contains_paid_content":false,"footnotes":""},"categories":[29,22,30],"tags":[],"class_list":["post-1945","post","type-post","status-publish","format-standard","hentry","category-p","category-recits-de-courses","category-rmm"],"jetpack_featured_media_url":"","jetpack_sharing_enabled":true,"_links":{"self":[{"href":"https:\/\/cas-jura.ch\/index.php?rest_route=\/wp\/v2\/posts\/1945","targetHints":{"allow":["GET"]}}],"collection":[{"href":"https:\/\/cas-jura.ch\/index.php?rest_route=\/wp\/v2\/posts"}],"about":[{"href":"https:\/\/cas-jura.ch\/index.php?rest_route=\/wp\/v2\/types\/post"}],"author":[{"embeddable":true,"href":"https:\/\/cas-jura.ch\/index.php?rest_route=\/wp\/v2\/users\/975901"}],"replies":[{"embeddable":true,"href":"https:\/\/cas-jura.ch\/index.php?rest_route=%2Fwp%2Fv2%2Fcomments&post=1945"}],"version-history":[{"count":3,"href":"https:\/\/cas-jura.ch\/index.php?rest_route=\/wp\/v2\/posts\/1945\/revisions"}],"predecessor-version":[{"id":1949,"href":"https:\/\/cas-jura.ch\/index.php?rest_route=\/wp\/v2\/posts\/1945\/revisions\/1949"}],"wp:attachment":[{"href":"https:\/\/cas-jura.ch\/index.php?rest_route=%2Fwp%2Fv2%2Fmedia&parent=1945"}],"wp:term":[{"taxonomy":"category","embeddable":true,"href":"https:\/\/cas-jura.ch\/index.php?rest_route=%2Fwp%2Fv2%2Fcategories&post=1945"},{"taxonomy":"post_tag","embeddable":true,"href":"https:\/\/cas-jura.ch\/index.php?rest_route=%2Fwp%2Fv2%2Ftags&post=1945"}],"curies":[{"name":"wp","href":"https:\/\/api.w.org\/{rel}","templated":true}]}}