{"id":1954,"date":"2021-09-16T09:06:09","date_gmt":"2021-09-16T07:06:09","guid":{"rendered":"https:\/\/cas-jura.ch\/?p=1954"},"modified":"2021-09-16T09:06:09","modified_gmt":"2021-09-16T07:06:09","slug":"cours-dinitiation-escalade-2021","status":"publish","type":"post","link":"https:\/\/cas-jura.ch\/?p=1954","title":{"rendered":"Cours d\u2019initiation escalade 2021"},"content":{"rendered":"\n<p>Le cours de l\u2019ann\u00e9e derni\u00e8re ayant \u00e9t\u00e9 report\u00e9 \u00e0 cause des conditions actuelles, nous \u00e9tions plus que motiv\u00e9s&nbsp;\u00e0 apprendre les bases de l\u2019escalade ce printemps. Notre groupe a \u00e9t\u00e9 compl\u00e9t\u00e9 par quelques nouvelles t\u00eates durant l\u2019initiation, et men\u00e9 de mani\u00e8re s\u00e9rieuse et professionnelle par notre cher Fabrice.<\/p>\n\n\n\n<p>Lors de nos deux premi\u00e8res sorties, nous nous sommes retrouv\u00e9s au Vaferdeau pour prendre connaissance du mat\u00e9riel, des n\u0153uds et d\u00e9buter l\u2019escalade \u2026 pas facile de tout retenir&nbsp;du premier coup ! Le beau temps n\u2019\u00e9tant plus de la partie, les deux sorties suivantes ont \u00e9t\u00e9 organis\u00e9es indoor, \u00e0 la salle des Tilleuls et \u00e0 la salle de Colombier. Cela nous a permis de faire quelques exercices sp\u00e9cifiques et de travailler notre technique de grimpe et d\u2019assurage.<\/p>\n\n\n\n<p>Fabrice nous a ensuite propos\u00e9 d\u2019ajouter d\u2019autres dates \u00e0 l\u2019initiation, pour les beaux jours. Nous nous sommes donc retrouv\u00e9s tant\u00f4t \u00e0 Calabri (sous la pluie, petit clin d\u2019\u0153il \u00e0 ceux qui sont venus \u00e0 v\u00e9lo&nbsp;!), \u00e0 Clairbief ou encore aux Somm\u00eatres pour finir en beaut\u00e9 cette initiation 2021. Tout cela s\u2019est termin\u00e9 (non pas par des grillades comme pr\u00e9vu, mais) sur une terrasse Covid-norm\u00e9e, et Fabrice nous a m\u00eame fait une d\u00e9monstration de ses talents de danseur. Merci \u00e0 toute l\u2019\u00e9quipe et \u00e0 Fabrice pour les partages, les rires et l\u2019exp\u00e9rience v\u00e9cue&nbsp;!<\/p>\n","protected":false},"excerpt":{"rendered":"<p>Le cours de l\u2019ann\u00e9e derni\u00e8re ayant \u00e9t\u00e9 report\u00e9 \u00e0 cause des conditions actuelles, nous \u00e9tions plus que motiv\u00e9s&nbsp;\u00e0 apprendre les bases de l\u2019escalade ce printemps. &#8230;<\/p>\n","protected":false},"author":975901,"featured_media":0,"comment_status":"closed","ping_status":"closed","sticky":false,"template":"","format":"standard","meta":{"_jetpack_memberships_contains_paid_content":false,"footnotes":""},"categories":[22],"tags":[],"class_list":["post-1954","post","type-post","status-publish","format-standard","hentry","category-recits-de-courses"],"jetpack_featured_media_url":"","jetpack_sharing_enabled":true,"_links":{"self":[{"href":"https:\/\/cas-jura.ch\/index.php?rest_route=\/wp\/v2\/posts\/1954","targetHints":{"allow":["GET"]}}],"collection":[{"href":"https:\/\/cas-jura.ch\/index.php?rest_route=\/wp\/v2\/posts"}],"about":[{"href":"https:\/\/cas-jura.ch\/index.php?rest_route=\/wp\/v2\/types\/post"}],"author":[{"embeddable":true,"href":"https:\/\/cas-jura.ch\/index.php?rest_route=\/wp\/v2\/users\/975901"}],"replies":[{"embeddable":true,"href":"https:\/\/cas-jura.ch\/index.php?rest_route=%2Fwp%2Fv2%2Fcomments&post=1954"}],"version-history":[{"count":1,"href":"https:\/\/cas-jura.ch\/index.php?rest_route=\/wp\/v2\/posts\/1954\/revisions"}],"predecessor-version":[{"id":1955,"href":"https:\/\/cas-jura.ch\/index.php?rest_route=\/wp\/v2\/posts\/1954\/revisions\/1955"}],"wp:attachment":[{"href":"https:\/\/cas-jura.ch\/index.php?rest_route=%2Fwp%2Fv2%2Fmedia&parent=1954"}],"wp:term":[{"taxonomy":"category","embeddable":true,"href":"https:\/\/cas-jura.ch\/index.php?rest_route=%2Fwp%2Fv2%2Fcategories&post=1954"},{"taxonomy":"post_tag","embeddable":true,"href":"https:\/\/cas-jura.ch\/index.php?rest_route=%2Fwp%2Fv2%2Ftags&post=1954"}],"curies":[{"name":"wp","href":"https:\/\/api.w.org\/{rel}","templated":true}]}}