{"id":1957,"date":"2021-09-22T13:31:30","date_gmt":"2021-09-22T11:31:30","guid":{"rendered":"https:\/\/cas-jura.ch\/?p=1957"},"modified":"2021-09-24T16:53:13","modified_gmt":"2021-09-24T14:53:13","slug":"rmm-region-grand-saint-bernard-du-13-au-15-aout","status":"publish","type":"post","link":"https:\/\/cas-jura.ch\/?p=1957","title":{"rendered":"RMM \u2013 R\u00e9gion Grand Saint-Bernard du 13 au 15 ao\u00fbt"},"content":{"rendered":"\n<p>Chef de course X. B\u00e9dat<\/p>\n\n\n\n<p><strong>Vendredi 13 ao\u00fbt \u2013 Catogne (2598 m).<\/strong><\/p>\n\n\n\n<p>Apr\u00e8s un bon petit d\u00e9jeuner servi au compte-goutte et un transfert en bus jusqu&rsquo;\u00e0 Champey-Lac, nous voici 12 vaillants cubistes et amis, pr\u00eats \u00e0 9h45 pour la mont\u00e9e jusqu&rsquo;au sommet du Catogne. Le chef nous annonce pr\u00e8s de 1300 m\u00e8tres de mont\u00e9e en 4 heures. Il nous en a fallu un peu plus, compte tenu des pauses et arr\u00eats\u00a0; le pique-nique aura lieu quelque peu apr\u00e8s le sommet vers 15h&#8230; Et quel beau spectacle! Une vue splendide sur 360 degr\u00e9s, des chamois avec leurs petits gambadant dans les rochers et un peu plus loin, une clique d&rsquo;au moins 12 bouquetins tr\u00e8s paisibles, sans compter les fleurs, les rochers et tutti quanti. La descente sera mouvement\u00e9e et bien raide jusqu\u2019\u00e0 Champex d\u2019en Bas. Puis, c\u2019est un joli chemin de for\u00eat qui nous ram\u00e8ne \u00e0 Champex-Lac o\u00f9 une bonne bi\u00e8re nous attendait sur une terrasse. \u00a0<\/p>\n\n\n\n<p>Arriv\u00e9e a l&rsquo;h\u00f4tel vers 19h30, douches int\u00e9rieure et ext\u00e9rieure bien m\u00e9rit\u00e9es et repas \u00e0 20h30&#8230; et un au revoir \u00e0 Savina, Corine, Am\u00e9lie, Julien et Denis<\/p>\n\n\n\n<p>Merci \u00e0 tous pour cette magnifique journ\u00e9e !<\/p>\n\n\n\n<p>Joseph<\/p>\n\n\n\n<figure class=\"wp-block-image size-large\"><img loading=\"lazy\" decoding=\"async\" width=\"1024\" height=\"673\" src=\"https:\/\/cas-jura.ch\/wordpress\/wp-content\/uploads\/2021\/09\/120210813_140653-1024x673.jpg\" alt=\"\" class=\"wp-image-1958\" srcset=\"https:\/\/cas-jura.ch\/wordpress\/wp-content\/uploads\/2021\/09\/120210813_140653-1024x673.jpg 1024w, https:\/\/cas-jura.ch\/wordpress\/wp-content\/uploads\/2021\/09\/120210813_140653-300x197.jpg 300w, https:\/\/cas-jura.ch\/wordpress\/wp-content\/uploads\/2021\/09\/120210813_140653-768x505.jpg 768w, https:\/\/cas-jura.ch\/wordpress\/wp-content\/uploads\/2021\/09\/120210813_140653-1536x1010.jpg 1536w, https:\/\/cas-jura.ch\/wordpress\/wp-content\/uploads\/2021\/09\/120210813_140653-2048x1346.jpg 2048w\" sizes=\"auto, (max-width: 1024px) 100vw, 1024px\" \/><\/figure>\n\n\n\n<hr class=\"wp-block-separator\"\/>\n\n\n\n<p><strong>Samedi 14 ao\u00fbt \u2013 La Pointe de Dr\u00f4ne (2950 m)<\/strong><\/p>\n\n\n\n<p>C\u2019est en milieu de matin\u00e9e que le bus rouge et blanc d\u00e9pose les 7 clubistes du jour dans le haut du hameau de Ferret. La m\u00e9t\u00e9o radieuse fait esp\u00e9rer une journ\u00e9e parfaite. Malgr\u00e9 quelques petites courbatures h\u00e9rit\u00e9es du Catogne, le groupe se met en route d\u2019un bon pas. La premi\u00e8re partie du trajet, fr\u00e9quent\u00e9 en ce samedi, se passe entre les alpages et les vaches \u00e0 cloches. Le sentier \u00e0 flanc de coteaux offre en permanence une vue imprenable sur une vall\u00e9e sauvage qui s\u2019\u00e9tire \u00e0 l\u2019Ouest. La pente s\u2019accentue un peu avant l\u2019arriv\u00e9e aux lacs de Fen\u00eatre. Ces trois miroirs d\u2019eau limpide qui occupent par palier une vaste \u00e9tendue en pente l\u00e9g\u00e8re m\u00e9ritent bien leur surnom de \u00ab&nbsp;perles&nbsp;\u00bb du Val Ferret. La plupart des promeneurs se pr\u00e9lassent aux abords du premier ou au second qui se trouvent dans la ligne du sentier habituel pour rejoindre le Grand Saint-Bernard par la fen\u00eatre de Ferret au Sud-ouest. Il est temps de quitter la \u00ab&nbsp;foule&nbsp;\u00bb. Nous nous dirigeons vers le Sud-est et le troisi\u00e8me lac, le plus haut, le plus calme. Pause repas. Plusieurs d\u2019entre nous se rafraichissent mollets et cuisses dans l\u2019eau claire et un courageux entreprend son bapt\u00eame de lac de montagne. S\u00e9ch\u00e9 et rassasi\u00e9, le groupe reprend l\u2019ascension jusqu\u2019\u00e0 la fen\u00eatre d\u2019en haut. Conciliabule sur le col.<\/p>\n\n\n\n<p>Finalement tout le monde choisit de monter au sommet malgr\u00e9 les difficult\u00e9s techniques annonc\u00e9es et la fatigue. Commencent alors une mont\u00e9e raide entre les rochers et une succession de chaines, de marches et de c\u00e2bles. Un peu de \u00ab&nbsp;gaz&nbsp;\u00bb, quelques passages d\u2019escalade et nous voici au sommet de la Pointe de Dr\u00f4ne. Magnifique vue \u00e0 360\u00b0, le Mont-Blanc, l\u2019Italie, au Sud le col du Grand Saint-Bernard. Vus d\u2019ici, les lacs de Fen\u00eatre ressemblent \u00e0 trois petites taches brillantes dispos\u00e9es en triangle.<\/p>\n\n\n\n<p>La descente prend parfois des allures de via ferrata dont nous franchissons les obstacles avec joie et bonne humeur. A la Grande Chenalette succ\u00e8de la Petite, orn\u00e9e de son drapeau italien.<\/p>\n\n\n\n<p>Un coup d\u2019\u0153il sur la montre nous informe qu\u2019il faut presser le pas car le dernier bus au d\u00e9part de l\u2019hospice ne nous attendra pas. En t\u00eate du groupe, Ars\u00e8ne donne le pas. C\u2019est bon, &nbsp;tout le monde est \u00e0 bord, on roule&nbsp;! Retour \u00e0 Orsi\u00e8res et son ap\u00e9ro bien m\u00e9rit\u00e9. Bravo \u00e0 toutes et tous et merci pour cette excellente journ\u00e9e.<\/p>\n\n\n\n<p>Xavier<\/p>\n\n\n\n<figure class=\"wp-block-image size-large\"><img loading=\"lazy\" decoding=\"async\" width=\"1024\" height=\"577\" src=\"https:\/\/cas-jura.ch\/wordpress\/wp-content\/uploads\/2021\/09\/220210814_142513-1024x577.jpg\" alt=\"\" class=\"wp-image-1959\" srcset=\"https:\/\/cas-jura.ch\/wordpress\/wp-content\/uploads\/2021\/09\/220210814_142513-1024x577.jpg 1024w, https:\/\/cas-jura.ch\/wordpress\/wp-content\/uploads\/2021\/09\/220210814_142513-300x169.jpg 300w, https:\/\/cas-jura.ch\/wordpress\/wp-content\/uploads\/2021\/09\/220210814_142513-768x433.jpg 768w, https:\/\/cas-jura.ch\/wordpress\/wp-content\/uploads\/2021\/09\/220210814_142513-1536x866.jpg 1536w, https:\/\/cas-jura.ch\/wordpress\/wp-content\/uploads\/2021\/09\/220210814_142513-2048x1154.jpg 2048w\" sizes=\"auto, (max-width: 1024px) 100vw, 1024px\" \/><\/figure>\n\n\n\n<hr class=\"wp-block-separator\"\/>\n\n\n\n<p><strong>Dimanche 15 ao\u00fbt \u2013 Lac de Salanfe (1925 m)<\/strong><\/p>\n\n\n\n<p>Pour cette derni\u00e8re randonn\u00e9e d&rsquo;un programme de trois jours, nous bouclons nos sacs et quittons l\u2019h\u00f4tel pour nous rendre \u00e0 Martigny o\u00f9 le train en direction de Chamonix nous attend \u00e0 9h18.&nbsp;<\/p>\n\n\n\n<p>Notre objectif du jour nous fait descendre \u00e0 la gare de Salvan. Notre destination est le barrage et le lac de Salanfe en d\u00e9couvrant au passage les gorges du Dailley.&nbsp;<\/p>\n\n\n\n<p>Au d\u00e9part de Salvan, le chemin se d\u00e9roule sur une quinzaine de minutes de plat en for\u00eat. D\u00e9bute ensuite une mont\u00e9e de 600 marches. Les caillebotis de bois ou de m\u00e9tal, qui s\u2019entrem\u00ealent autour d\u2019une cascade principale, ouvrent parfois sur un vide impressionnant et donnent une vue plongeante sur la vall\u00e9e du Rh\u00f4ne.&nbsp;<\/p>\n\n\n\n<p>Malheureusement, nous n\u2019arriverons pas \u00e0 finir le trac\u00e9 des gorges, ferm\u00e9es sur la derni\u00e8re portion. C\u2019est donc un autre chemin, entre for\u00eat et route, qui nous conduit \u00e0 Van d\u2019en Bas, puis \u00e0 Van d\u2019en Haut comme vous l\u2019aurez devin\u00e9\u2026 non sans oublier de manger les framboises sur notre chemin, m\u00eame s\u2019il faudra ensuite augmenter la cadence pour rattraper les autres.&nbsp;<\/p>\n\n\n\n<p>De l\u00e0, en levant la t\u00eate, on aper\u00e7oit notre objectif.&nbsp;<\/p>\n\n\n\n<p>C\u2019est donc parti pour la mont\u00e9e.&nbsp;<\/p>\n\n\n\n<p>Au fur et \u00e0 mesure, le barrage se profile et se rapproche. Arriv\u00e9e au lac, il est temps de se ravitailler au soleil.<\/p>\n\n\n\n<p>Apr\u00e8s avoir rempli les gourdes, il est d\u00e9j\u00e0 l\u2019heure de redescendre. Pendant que Joseph et Ars\u00e8ne galopent jusqu\u2019\u00e0 Van d\u2019en Haut, le reste du groupe ne r\u00e9siste pas \u00e0 tremper les pieds dans la Salanfe. Chaussures remises aux pieds, certaines regardent o\u00f9 poser les b\u00e2tons pendant que d\u2019autres sautillent de cailloux en cailloux.&nbsp;<\/p>\n\n\n\n<p>Tous r\u00e9unis autour d\u2019une table, ce sera la derni\u00e8re halte de la journ\u00e9e. Nous nous remettons en route par un autre itin\u00e9raire que pr\u00e9vu qui nous am\u00e8ne \u00e0 Salvan pour reprendre le train.<\/p>\n\n\n\n<p>Le temps de ce trajet retour sera propice au d\u00e9briefing de ces trois jours.&nbsp;<\/p>\n\n\n\n<p>Chargement des sacs dans les voitures, au revoir le Valais et retour dans le Jura.<\/p>\n\n\n\n<p>Merci \u00e0 Xavier, chef de course, pour cette superbe journ\u00e9e.<\/p>\n\n\n\n<p>Carine<\/p>\n\n\n\n<figure class=\"wp-block-image size-large\"><img loading=\"lazy\" decoding=\"async\" width=\"1024\" height=\"572\" src=\"https:\/\/cas-jura.ch\/wordpress\/wp-content\/uploads\/2021\/09\/320210815_131107-1024x572.jpg\" alt=\"\" class=\"wp-image-1960\" srcset=\"https:\/\/cas-jura.ch\/wordpress\/wp-content\/uploads\/2021\/09\/320210815_131107-1024x572.jpg 1024w, https:\/\/cas-jura.ch\/wordpress\/wp-content\/uploads\/2021\/09\/320210815_131107-300x168.jpg 300w, https:\/\/cas-jura.ch\/wordpress\/wp-content\/uploads\/2021\/09\/320210815_131107-768x429.jpg 768w, https:\/\/cas-jura.ch\/wordpress\/wp-content\/uploads\/2021\/09\/320210815_131107-1536x858.jpg 1536w, https:\/\/cas-jura.ch\/wordpress\/wp-content\/uploads\/2021\/09\/320210815_131107-2048x1144.jpg 2048w\" sizes=\"auto, (max-width: 1024px) 100vw, 1024px\" \/><\/figure>\n","protected":false},"excerpt":{"rendered":"<p>Chef de course X. B\u00e9dat Vendredi 13 ao\u00fbt \u2013 Catogne (2598 m). Apr\u00e8s un bon petit d\u00e9jeuner servi au compte-goutte et un transfert en bus &#8230;<\/p>\n","protected":false},"author":975901,"featured_media":0,"comment_status":"closed","ping_status":"closed","sticky":false,"template":"","format":"standard","meta":{"_jetpack_memberships_contains_paid_content":false,"footnotes":""},"categories":[22,1],"tags":[],"class_list":["post-1957","post","type-post","status-publish","format-standard","hentry","category-recits-de-courses","category-uncategorized"],"jetpack_featured_media_url":"","jetpack_sharing_enabled":true,"_links":{"self":[{"href":"https:\/\/cas-jura.ch\/index.php?rest_route=\/wp\/v2\/posts\/1957","targetHints":{"allow":["GET"]}}],"collection":[{"href":"https:\/\/cas-jura.ch\/index.php?rest_route=\/wp\/v2\/posts"}],"about":[{"href":"https:\/\/cas-jura.ch\/index.php?rest_route=\/wp\/v2\/types\/post"}],"author":[{"embeddable":true,"href":"https:\/\/cas-jura.ch\/index.php?rest_route=\/wp\/v2\/users\/975901"}],"replies":[{"embeddable":true,"href":"https:\/\/cas-jura.ch\/index.php?rest_route=%2Fwp%2Fv2%2Fcomments&post=1957"}],"version-history":[{"count":2,"href":"https:\/\/cas-jura.ch\/index.php?rest_route=\/wp\/v2\/posts\/1957\/revisions"}],"predecessor-version":[{"id":1969,"href":"https:\/\/cas-jura.ch\/index.php?rest_route=\/wp\/v2\/posts\/1957\/revisions\/1969"}],"wp:attachment":[{"href":"https:\/\/cas-jura.ch\/index.php?rest_route=%2Fwp%2Fv2%2Fmedia&parent=1957"}],"wp:term":[{"taxonomy":"category","embeddable":true,"href":"https:\/\/cas-jura.ch\/index.php?rest_route=%2Fwp%2Fv2%2Fcategories&post=1957"},{"taxonomy":"post_tag","embeddable":true,"href":"https:\/\/cas-jura.ch\/index.php?rest_route=%2Fwp%2Fv2%2Ftags&post=1957"}],"curies":[{"name":"wp","href":"https:\/\/api.w.org\/{rel}","templated":true}]}}