{"id":1963,"date":"2021-09-24T16:13:25","date_gmt":"2021-09-24T14:13:25","guid":{"rendered":"https:\/\/cas-jura.ch\/?p=1963"},"modified":"2021-09-24T16:13:25","modified_gmt":"2021-09-24T14:13:25","slug":"cinemajoie-cas-jura","status":"publish","type":"post","link":"https:\/\/cas-jura.ch\/?p=1963","title":{"rendered":"Cin\u00e9majoie &#8211; CAS Jura"},"content":{"rendered":"\n<p>Le CAS Jura poursuit sa collaboration avec Cin\u00e9majoie \u00e0 Porrentruy. Ce jeudi 7 octobre \u00e0 20h, venez assister \u00e0 la projection de <a rel=\"noreferrer noopener\" href=\"https:\/\/cas-jura.ch\/wordpress\/wp-content\/uploads\/2021\/09\/THE-LAST-MOUNTAIN-de-Darius-Zaluski-2019.pdf\" target=\"_blank\">The Last Mountain<\/a>.<\/p>\n\n\n\n<p>Bon film !<\/p>\n\n\n","protected":false},"excerpt":{"rendered":"<p>Le CAS Jura poursuit sa collaboration avec Cin\u00e9majoie \u00e0 Porrentruy. Ce jeudi 7 octobre \u00e0 20h, venez assister \u00e0 la projection de The Last Mountain. &#8230;<\/p>\n","protected":false},"author":975901,"featured_media":1967,"comment_status":"closed","ping_status":"closed","sticky":false,"template":"","format":"standard","meta":{"_jetpack_memberships_contains_paid_content":false,"footnotes":""},"categories":[1],"tags":[],"class_list":["post-1963","post","type-post","status-publish","format-standard","has-post-thumbnail","hentry","category-uncategorized"],"jetpack_featured_media_url":"https:\/\/cas-jura.ch\/wordpress\/wp-content\/uploads\/2021\/09\/cinemajoie-1.png","jetpack_sharing_enabled":true,"_links":{"self":[{"href":"https:\/\/cas-jura.ch\/index.php?rest_route=\/wp\/v2\/posts\/1963","targetHints":{"allow":["GET"]}}],"collection":[{"href":"https:\/\/cas-jura.ch\/index.php?rest_route=\/wp\/v2\/posts"}],"about":[{"href":"https:\/\/cas-jura.ch\/index.php?rest_route=\/wp\/v2\/types\/post"}],"author":[{"embeddable":true,"href":"https:\/\/cas-jura.ch\/index.php?rest_route=\/wp\/v2\/users\/975901"}],"replies":[{"embeddable":true,"href":"https:\/\/cas-jura.ch\/index.php?rest_route=%2Fwp%2Fv2%2Fcomments&post=1963"}],"version-history":[{"count":2,"href":"https:\/\/cas-jura.ch\/index.php?rest_route=\/wp\/v2\/posts\/1963\/revisions"}],"predecessor-version":[{"id":1968,"href":"https:\/\/cas-jura.ch\/index.php?rest_route=\/wp\/v2\/posts\/1963\/revisions\/1968"}],"wp:featuredmedia":[{"embeddable":true,"href":"https:\/\/cas-jura.ch\/index.php?rest_route=\/wp\/v2\/media\/1967"}],"wp:attachment":[{"href":"https:\/\/cas-jura.ch\/index.php?rest_route=%2Fwp%2Fv2%2Fmedia&parent=1963"}],"wp:term":[{"taxonomy":"category","embeddable":true,"href":"https:\/\/cas-jura.ch\/index.php?rest_route=%2Fwp%2Fv2%2Fcategories&post=1963"},{"taxonomy":"post_tag","embeddable":true,"href":"https:\/\/cas-jura.ch\/index.php?rest_route=%2Fwp%2Fv2%2Ftags&post=1963"}],"curies":[{"name":"wp","href":"https:\/\/api.w.org\/{rel}","templated":true}]}}