{"id":1978,"date":"2021-11-01T13:29:41","date_gmt":"2021-11-01T12:29:41","guid":{"rendered":"https:\/\/cas-jura.ch\/?p=1978"},"modified":"2021-11-24T20:13:18","modified_gmt":"2021-11-24T19:13:18","slug":"inscription-pour-lag-2021","status":"publish","type":"post","link":"https:\/\/cas-jura.ch\/?p=1978","title":{"rendered":"Inscription pour l&rsquo;AG 2021"},"content":{"rendered":"\n<p>L&rsquo;Assembl\u00e9e g\u00e9n\u00e9rale 2021 du CAS Jura aura lieu<\/p>\n\n\n\n<p><strong>le samedi 27 novembre 2021<\/strong><\/p>\n\n\n\n<p><strong>\u00e0 16h30<\/strong><\/p>\n\n\n\n<p><strong>au restaurant de la Cigogne \u00e0 Mi\u00e9court.<\/strong><\/p>\n\n\n\n<p><\/p>\n\n\n\n<p>Vous pouvez vous y inscrire \u00e0 l&rsquo;aide du formulaire suivant :<\/p>\n\n\n\n<p><a href=\"https:\/\/forms.gle\/URPFaJ1Fd5kWJiZm8\">https:\/\/forms.gle\/URPFaJ1Fd5kWJiZm8<\/a><\/p>\n\n\n\n<h4 class=\"has-vivid-red-color has-text-color wp-block-heading\">D\u00e9lai pour l&rsquo;inscription : 15 novembre. Certificat COVID obligatoire !<\/h4>\n\n\n\n<p><\/p>\n","protected":false},"excerpt":{"rendered":"<p>L&rsquo;Assembl\u00e9e g\u00e9n\u00e9rale 2021 du CAS Jura aura lieu le samedi 27 novembre 2021 \u00e0 16h30 au restaurant de la Cigogne \u00e0 Mi\u00e9court. Vous pouvez vous &#8230;<\/p>\n","protected":false},"author":975901,"featured_media":0,"comment_status":"closed","ping_status":"closed","sticky":false,"template":"","format":"standard","meta":{"_jetpack_memberships_contains_paid_content":false,"footnotes":""},"categories":[1],"tags":[],"class_list":["post-1978","post","type-post","status-publish","format-standard","hentry","category-uncategorized"],"jetpack_featured_media_url":"","jetpack_sharing_enabled":true,"_links":{"self":[{"href":"https:\/\/cas-jura.ch\/index.php?rest_route=\/wp\/v2\/posts\/1978","targetHints":{"allow":["GET"]}}],"collection":[{"href":"https:\/\/cas-jura.ch\/index.php?rest_route=\/wp\/v2\/posts"}],"about":[{"href":"https:\/\/cas-jura.ch\/index.php?rest_route=\/wp\/v2\/types\/post"}],"author":[{"embeddable":true,"href":"https:\/\/cas-jura.ch\/index.php?rest_route=\/wp\/v2\/users\/975901"}],"replies":[{"embeddable":true,"href":"https:\/\/cas-jura.ch\/index.php?rest_route=%2Fwp%2Fv2%2Fcomments&post=1978"}],"version-history":[{"count":3,"href":"https:\/\/cas-jura.ch\/index.php?rest_route=\/wp\/v2\/posts\/1978\/revisions"}],"predecessor-version":[{"id":1988,"href":"https:\/\/cas-jura.ch\/index.php?rest_route=\/wp\/v2\/posts\/1978\/revisions\/1988"}],"wp:attachment":[{"href":"https:\/\/cas-jura.ch\/index.php?rest_route=%2Fwp%2Fv2%2Fmedia&parent=1978"}],"wp:term":[{"taxonomy":"category","embeddable":true,"href":"https:\/\/cas-jura.ch\/index.php?rest_route=%2Fwp%2Fv2%2Fcategories&post=1978"},{"taxonomy":"post_tag","embeddable":true,"href":"https:\/\/cas-jura.ch\/index.php?rest_route=%2Fwp%2Fv2%2Ftags&post=1978"}],"curies":[{"name":"wp","href":"https:\/\/api.w.org\/{rel}","templated":true}]}}