{"id":2007,"date":"2021-11-27T20:00:00","date_gmt":"2021-11-27T19:00:00","guid":{"rendered":"https:\/\/cas-jura.ch\/?p=2007"},"modified":"2021-11-24T20:13:00","modified_gmt":"2021-11-24T19:13:00","slug":"bus-des-neiges","status":"publish","type":"post","link":"https:\/\/cas-jura.ch\/?p=2007","title":{"rendered":"Bus des neiges"},"content":{"rendered":"\n<p><strong>Le Bus des neiges te conduit en montagne de mani\u00e8re durable en transports publics<\/strong><\/p>\n\n\n\n<p>Cet hiver, le Bus des neiges circule sur <a href=\"https:\/\/sac-cas.us15.list-manage.com\/track\/click?u=3db741855bf588bbd24f7ed65&amp;id=953b02f4f2&amp;e=986311ceaf\" target=\"_blank\" rel=\"noreferrer noopener\">huit itin\u00e9raires<\/a> entre le col du Julier et le Val-de-Travers. Le service relie le dernier arr\u00eat de TP aux diff\u00e9rents points de d\u00e9part pour les excursions en montagne.<\/p>\n\n\n\n<p>Les bus circulent d\u00e9sormais sur (presque) tous les itin\u00e9raires \u00e0 partir d\u2019un minimum de deux passagers, ce qui donne aux amateurs et amatrices de sports de montagne une plus grande fiabilit\u00e9 pour la planification de leurs excursions. Toutes les informations sont disponibles sur <a href=\"https:\/\/sac-cas.us15.list-manage.com\/track\/click?u=3db741855bf588bbd24f7ed65&amp;id=9c5d4e94f0&amp;e=986311ceaf\" target=\"_blank\" rel=\"noreferrer noopener\">busdesneiges.ch<\/a> (horaires, prix, informations) et les voyages peuvent y \u00eatre r\u00e9serv\u00e9s directement.<\/p>\n\n\n\n<p>Apr\u00e8s trois saisons d&rsquo;exploitation pilote, le Club Alpin Suisse CAS reprend le service \u2013 en collaboration avec l\u2019ATE Association transports et environnement.<\/p>\n\n\n\n<p>Soutenez le bus des neiges et profitez de ses offres pour des excusions sportives respectueuses de l\u2019environnement.<\/p>\n\n\n\n<figure class=\"wp-block-image size-large\"><img loading=\"lazy\" decoding=\"async\" width=\"1024\" height=\"683\" src=\"https:\/\/cas-jura.ch\/wordpress\/wp-content\/uploads\/2021\/11\/1600-1067-max-1024x683.jpg\" alt=\"\" class=\"wp-image-2005\" srcset=\"https:\/\/cas-jura.ch\/wordpress\/wp-content\/uploads\/2021\/11\/1600-1067-max-1024x683.jpg 1024w, https:\/\/cas-jura.ch\/wordpress\/wp-content\/uploads\/2021\/11\/1600-1067-max-300x200.jpg 300w, https:\/\/cas-jura.ch\/wordpress\/wp-content\/uploads\/2021\/11\/1600-1067-max-768x512.jpg 768w, https:\/\/cas-jura.ch\/wordpress\/wp-content\/uploads\/2021\/11\/1600-1067-max-1536x1024.jpg 1536w, https:\/\/cas-jura.ch\/wordpress\/wp-content\/uploads\/2021\/11\/1600-1067-max.jpg 1600w\" sizes=\"auto, (max-width: 1024px) 100vw, 1024px\" \/><\/figure>\n","protected":false},"excerpt":{"rendered":"<p>Le Bus des neiges te conduit en montagne de mani\u00e8re durable en transports publics Cet hiver, le Bus des neiges circule sur huit itin\u00e9raires entre &#8230;<\/p>\n","protected":false},"author":975901,"featured_media":2008,"comment_status":"closed","ping_status":"closed","sticky":false,"template":"","format":"standard","meta":{"_jetpack_memberships_contains_paid_content":false,"footnotes":""},"categories":[1],"tags":[],"class_list":["post-2007","post","type-post","status-publish","format-standard","has-post-thumbnail","hentry","category-uncategorized"],"jetpack_featured_media_url":"https:\/\/cas-jura.ch\/wordpress\/wp-content\/uploads\/2021\/11\/1600-1067-max-1.jpg","jetpack_sharing_enabled":true,"_links":{"self":[{"href":"https:\/\/cas-jura.ch\/index.php?rest_route=\/wp\/v2\/posts\/2007","targetHints":{"allow":["GET"]}}],"collection":[{"href":"https:\/\/cas-jura.ch\/index.php?rest_route=\/wp\/v2\/posts"}],"about":[{"href":"https:\/\/cas-jura.ch\/index.php?rest_route=\/wp\/v2\/types\/post"}],"author":[{"embeddable":true,"href":"https:\/\/cas-jura.ch\/index.php?rest_route=\/wp\/v2\/users\/975901"}],"replies":[{"embeddable":true,"href":"https:\/\/cas-jura.ch\/index.php?rest_route=%2Fwp%2Fv2%2Fcomments&post=2007"}],"version-history":[{"count":1,"href":"https:\/\/cas-jura.ch\/index.php?rest_route=\/wp\/v2\/posts\/2007\/revisions"}],"predecessor-version":[{"id":2009,"href":"https:\/\/cas-jura.ch\/index.php?rest_route=\/wp\/v2\/posts\/2007\/revisions\/2009"}],"wp:featuredmedia":[{"embeddable":true,"href":"https:\/\/cas-jura.ch\/index.php?rest_route=\/wp\/v2\/media\/2008"}],"wp:attachment":[{"href":"https:\/\/cas-jura.ch\/index.php?rest_route=%2Fwp%2Fv2%2Fmedia&parent=2007"}],"wp:term":[{"taxonomy":"category","embeddable":true,"href":"https:\/\/cas-jura.ch\/index.php?rest_route=%2Fwp%2Fv2%2Fcategories&post=2007"},{"taxonomy":"post_tag","embeddable":true,"href":"https:\/\/cas-jura.ch\/index.php?rest_route=%2Fwp%2Fv2%2Ftags&post=2007"}],"curies":[{"name":"wp","href":"https:\/\/api.w.org\/{rel}","templated":true}]}}