{"id":2010,"date":"2021-11-30T20:00:00","date_gmt":"2021-11-30T19:00:00","guid":{"rendered":"https:\/\/cas-jura.ch\/?p=2010"},"modified":"2021-12-11T09:27:36","modified_gmt":"2021-12-11T08:27:36","slug":"dernier-3000-m-de-la-saison-pigne-de-la-le","status":"publish","type":"post","link":"https:\/\/cas-jura.ch\/?p=2010","title":{"rendered":"Dernier 3000 m de la saison : Pigne de la L\u00e9"},"content":{"rendered":"\n<h3 class=\"wp-block-heading\">journ\u00e9e du samedi 16.10.2021<\/h3>\n\n\n\n<p>Nous voil\u00e0 partis pour ce dernier 3000 de la saison, samedi matin \u00e0 6h30 en 2 voitures : Christel et Carlos, Catherine, Loyd, Cl\u00e9ment, Cassandra, Vincent, Carine et notre super GO Jean-Bernard!<\/p>\n\n\n\n<p>Petit arr\u00eat in\u00e9vitable au restoroute du Grand-St Bernard o\u00f9 Carine \u00e9tait aux anges d\u2019avoir crois\u00e9 son idole, Denis, le guide de l\u2019\u00e9mission de la TSR \u00ab en route vers les sommets \u00bb.<\/p>\n\n\n\n<p>Puis, arriv\u00e9s au bout du lac de Moiry, nous avons r\u00e9parti le mat\u00e9riel en vue des activit\u00e9s pr\u00e9vues : escalade, ap\u00e9ro, souper, nuit\u00e9e, randonn\u00e9e haute montagne, picnic\u2026<\/p>\n\n\n\n<p>Donc c\u2019est avec des sacs bien charg\u00e9s que nous sommes arriv\u00e9s vers 12h30 \u00e0 la cabane de Moiry.<\/p>\n\n\n\n<p>Apr\u00e8s un d\u00eener vite aval\u00e9, nous sommes all\u00e9s nous d\u00e9gourdir les muscles sur une jolie falaise au-dessus de la cabane o\u00f9 nous avons fait une voie de 3 longueurs sous un ciel bleu \u00e9clatant.<\/p>\n\n\n\n<p>La journ\u00e9e s\u2019est termin\u00e9e avec un d\u00e9licieux ap\u00e9ro sur la terrasse de la cabane dans les derniers rayons de soleil suivi d\u2019une fondue \u00e0 l\u2019int\u00e9rieur.<\/p>\n\n\n\n<p>La cabane \u00e9tant non gardienn\u00e9e, mais bien remplie, la soir\u00e9e s\u2019est vite transform\u00e9e en ambiance l\u00e9g\u00e8rement festive, kirsch et mirabelle aidant \u00e0 une bonne communication entre tous\u2026<\/p>\n\n\n\n<p>Carine Parrat<\/p>\n\n\n\n<figure class=\"wp-block-image size-large\"><img loading=\"lazy\" decoding=\"async\" width=\"1024\" height=\"472\" src=\"https:\/\/cas-jura.ch\/wordpress\/wp-content\/uploads\/2021\/12\/IMG_20211017_060544-1024x472.jpg\" alt=\"\" class=\"wp-image-2059\" srcset=\"https:\/\/cas-jura.ch\/wordpress\/wp-content\/uploads\/2021\/12\/IMG_20211017_060544-1024x472.jpg 1024w, https:\/\/cas-jura.ch\/wordpress\/wp-content\/uploads\/2021\/12\/IMG_20211017_060544-300x138.jpg 300w, https:\/\/cas-jura.ch\/wordpress\/wp-content\/uploads\/2021\/12\/IMG_20211017_060544-768x354.jpg 768w, https:\/\/cas-jura.ch\/wordpress\/wp-content\/uploads\/2021\/12\/IMG_20211017_060544-1536x707.jpg 1536w, https:\/\/cas-jura.ch\/wordpress\/wp-content\/uploads\/2021\/12\/IMG_20211017_060544-2048x943.jpg 2048w\" sizes=\"auto, (max-width: 1024px) 100vw, 1024px\" \/><\/figure>\n\n\n\n<hr class=\"wp-block-separator\"\/>\n\n\n\n<h3 class=\"wp-block-heading\">journ\u00e9e du dimanche 17.10.2021<\/h3>\n\n\n\n<p>Samedi soir, nous avons d\u00e9cid\u00e9; ce sera de nuit que nous attaquerons l\u2019ascension du Pigne de la L\u00e9 pour pouvoir profiter du lever du soleil une fois au sommet.<\/p>\n\n\n\n<p>Apr\u00e8s avoir d\u00e9jeun\u00e9, nous quittons la cabane. Il est 5 heures du matin, la nuit est fra\u00eeche, le ciel est d\u00e9gag\u00e9, la Voie lact\u00e9e s\u2019offre \u00e0 nous, le d\u00e9cor est magnifique.<\/p>\n\n\n\n<p>Notre groupe progresse \u00e0 la lampe frontale sur un petit sentier caillouteux.<br>Le silence r\u00e8gne, personne ne parle, peut-\u00eatre \u00e0 cause de la fatigue ou alors pour regarder o\u00f9 poser les pieds.<\/p>\n\n\n\n<p>Quelques instants et un petit d\u00e9tour plus tard, le groupe que nous formons entame la mont\u00e9e qui permet d\u2019acc\u00e9der au d\u00e9but de l\u2019arr\u00eate menant au sommet.<br>L\u2019arr\u00eate n\u2019est pas tr\u00e8s difficile, quelques passages un peu escarp\u00e9s mais rien d\u2019insurmontable. Il fait encore nuit mais nous progressons bien.<\/p>\n\n\n\n<p>Nous voil\u00e0 maintenant presque au sommet. Le ciel commence \u00e0 s\u2019\u00e9claircir, les lampes frontales ne servent plus vraiment, nous les \u00e9teignons pour pouvoir profiter pleinement du spectacle que la nature nous offre.<\/p>\n\n\n\n<p>Voil\u00e0 un peu plus de 2 heures que notre groupe s\u2019est mis en route quand nous atteignons le sommet d\u2019o\u00f9 il ne nous reste plus qu\u2019\u00e0 admirer la vue. Magnifique !<br>Rapidement les rayons du soleil illuminent le ciel et les montagnes de couleurs orang\u00e9es se m\u00ealant \u00e0 l\u2019obscurit\u00e9.<br>Autour de nous, nous pouvons admirer le Cervin et des alpinistes tentant d\u2019atteindre son sommet, la Dent Blanche, le Zinalrothorn, le Bishorn, le Weisshorn, enfin bref, c\u2019est un d\u00e9cor de r\u00eave devant lequel nous oublions le froid qui nous gagne peu \u00e0 peu.<\/p>\n\n\n\n<p>Apr\u00e8s plusieurs minutes pass\u00e9es au sommet, nous entamons la descente qui m\u00e8ne sur le glacier de Moiry que notre groupe passe rapidement et sans encombre. Nous sommes enfin r\u00e9chauff\u00e9s.<\/p>\n\n\n\n<figure class=\"wp-block-image size-large\"><img loading=\"lazy\" decoding=\"async\" width=\"1024\" height=\"472\" src=\"https:\/\/cas-jura.ch\/wordpress\/wp-content\/uploads\/2021\/12\/IMG_20211016_132953-1024x472.jpg\" alt=\"\" class=\"wp-image-2057\" srcset=\"https:\/\/cas-jura.ch\/wordpress\/wp-content\/uploads\/2021\/12\/IMG_20211016_132953-1024x472.jpg 1024w, https:\/\/cas-jura.ch\/wordpress\/wp-content\/uploads\/2021\/12\/IMG_20211016_132953-300x138.jpg 300w, https:\/\/cas-jura.ch\/wordpress\/wp-content\/uploads\/2021\/12\/IMG_20211016_132953-768x354.jpg 768w, https:\/\/cas-jura.ch\/wordpress\/wp-content\/uploads\/2021\/12\/IMG_20211016_132953-1536x707.jpg 1536w, https:\/\/cas-jura.ch\/wordpress\/wp-content\/uploads\/2021\/12\/IMG_20211016_132953-2048x943.jpg 2048w\" sizes=\"auto, (max-width: 1024px) 100vw, 1024px\" \/><\/figure>\n\n\n\n<p>Il est 8 heures et demi quand nous croisons un petit groupe rencontr\u00e9 \u00e0 la cabane le soir avant. L\u2019un d\u2019eux demande si personne d\u2019entre nous porte une paire de chaussures trop grande pour lui et constate au m\u00eame moment que quelqu\u2019un porte la m\u00eame paire que lui.<br>Tout le monde se met \u00e0 rigoler et pendant ce temps, les deux alpinistes \u00e9changent leurs chaussures, puis nous poursuivons notre route jusqu\u2019\u00e0 la cabane.<br>Une fois arriv\u00e9, nous d\u00e9cidons de manger et boire quelque chose, rangeons ce qu\u2019il reste \u00e0 ranger puis repartons en direction des voitures.<\/p>\n\n\n\n<p>Apr\u00e8s un rapide d\u00e9briefing sur le parking, nous d\u00e9cidons de finir le week-end autour d\u2019une bi\u00e8re dans un restaurant au village de Grimentz.<\/p>\n\n\n\n<p>Il ne reste plus qu\u2019\u00e0 nous dire au revoir, il est 15 heures et nous sommes maintenant au terme de cette sortie qui \u00e9tait \u201cle dernier 3000\u201d de l\u2019ann\u00e9e.<\/p>\n\n\n\n<p>Nous repartons tous un peu plus riche de souvenirs, heureux de ce week-end et impatients de nous retrouver sur les sommets ou ailleurs.<\/p>\n\n\n\n<figure class=\"wp-block-image size-full\"><img loading=\"lazy\" decoding=\"async\" width=\"1019\" height=\"765\" src=\"https:\/\/cas-jura.ch\/wordpress\/wp-content\/uploads\/2021\/12\/BD3E5AF45D6E4073ABE20F1E025457A6.jpg\" alt=\"\" class=\"wp-image-2060\" srcset=\"https:\/\/cas-jura.ch\/wordpress\/wp-content\/uploads\/2021\/12\/BD3E5AF45D6E4073ABE20F1E025457A6.jpg 1019w, https:\/\/cas-jura.ch\/wordpress\/wp-content\/uploads\/2021\/12\/BD3E5AF45D6E4073ABE20F1E025457A6-300x225.jpg 300w, https:\/\/cas-jura.ch\/wordpress\/wp-content\/uploads\/2021\/12\/BD3E5AF45D6E4073ABE20F1E025457A6-768x577.jpg 768w\" sizes=\"auto, (max-width: 1019px) 100vw, 1019px\" \/><\/figure>\n\n\n\n<p>Lloyd Willemin<\/p>\n","protected":false},"excerpt":{"rendered":"<p>journ\u00e9e du samedi 16.10.2021 Nous voil\u00e0 partis pour ce dernier 3000 de la saison, samedi matin \u00e0 6h30 en 2 voitures : Christel et Carlos, &#8230;<\/p>\n","protected":false},"author":975901,"featured_media":2056,"comment_status":"closed","ping_status":"closed","sticky":false,"template":"","format":"standard","meta":{"_jetpack_memberships_contains_paid_content":false,"footnotes":""},"categories":[28,22,1],"tags":[],"class_list":["post-2010","post","type-post","status-publish","format-standard","has-post-thumbnail","hentry","category-course","category-recits-de-courses","category-uncategorized"],"jetpack_featured_media_url":"https:\/\/cas-jura.ch\/wordpress\/wp-content\/uploads\/2021\/11\/IMG_20211016_161529-scaled.jpg","jetpack_sharing_enabled":true,"_links":{"self":[{"href":"https:\/\/cas-jura.ch\/index.php?rest_route=\/wp\/v2\/posts\/2010","targetHints":{"allow":["GET"]}}],"collection":[{"href":"https:\/\/cas-jura.ch\/index.php?rest_route=\/wp\/v2\/posts"}],"about":[{"href":"https:\/\/cas-jura.ch\/index.php?rest_route=\/wp\/v2\/types\/post"}],"author":[{"embeddable":true,"href":"https:\/\/cas-jura.ch\/index.php?rest_route=\/wp\/v2\/users\/975901"}],"replies":[{"embeddable":true,"href":"https:\/\/cas-jura.ch\/index.php?rest_route=%2Fwp%2Fv2%2Fcomments&post=2010"}],"version-history":[{"count":3,"href":"https:\/\/cas-jura.ch\/index.php?rest_route=\/wp\/v2\/posts\/2010\/revisions"}],"predecessor-version":[{"id":2061,"href":"https:\/\/cas-jura.ch\/index.php?rest_route=\/wp\/v2\/posts\/2010\/revisions\/2061"}],"wp:featuredmedia":[{"embeddable":true,"href":"https:\/\/cas-jura.ch\/index.php?rest_route=\/wp\/v2\/media\/2056"}],"wp:attachment":[{"href":"https:\/\/cas-jura.ch\/index.php?rest_route=%2Fwp%2Fv2%2Fmedia&parent=2010"}],"wp:term":[{"taxonomy":"category","embeddable":true,"href":"https:\/\/cas-jura.ch\/index.php?rest_route=%2Fwp%2Fv2%2Fcategories&post=2010"},{"taxonomy":"post_tag","embeddable":true,"href":"https:\/\/cas-jura.ch\/index.php?rest_route=%2Fwp%2Fv2%2Ftags&post=2010"}],"curies":[{"name":"wp","href":"https:\/\/api.w.org\/{rel}","templated":true}]}}