{"id":2108,"date":"2022-03-24T14:00:41","date_gmt":"2022-03-24T13:00:41","guid":{"rendered":"https:\/\/cas-jura.ch\/?p=2108"},"modified":"2022-03-27T13:41:57","modified_gmt":"2022-03-27T11:41:57","slug":"formation-securite-hiver-9-janvier-2022","status":"publish","type":"post","link":"https:\/\/cas-jura.ch\/?p=2108","title":{"rendered":"Formation \u00ab S\u00e9curit\u00e9 hiver \u00bb 9 janvier 2022"},"content":{"rendered":"\n<p><em>Chefs de course : Jean-Bernard Bandelier, Carlos Mu\u00f1oz, Xavier B\u00e9dat<\/em><\/p>\n\n\n\n<p><em>Avec l\u2019aide pr\u00e9cieuse de Delphine Riat et Rapha\u00ebl Seuret<\/em><\/p>\n\n\n\n<p>Grand succ\u00e8s pour cette premi\u00e8re \u00e9dition puisque pas moins de 15 participantes et participants ont rejoint les 5 organisateurs aux Savagni\u00e8res ce dimanche matin.<\/p>\n\n\n\n<figure class=\"wp-block-image size-full\"><img loading=\"lazy\" decoding=\"async\" width=\"562\" height=\"316\" src=\"https:\/\/cas-jura.ch\/wordpress\/wp-content\/uploads\/2022\/03\/b254ecb9-96e8-4a91-b685-c0e20688b701.jpeg\" alt=\"\" class=\"wp-image-2109\" srcset=\"https:\/\/cas-jura.ch\/wordpress\/wp-content\/uploads\/2022\/03\/b254ecb9-96e8-4a91-b685-c0e20688b701.jpeg 562w, https:\/\/cas-jura.ch\/wordpress\/wp-content\/uploads\/2022\/03\/b254ecb9-96e8-4a91-b685-c0e20688b701-300x169.jpeg 300w\" sizes=\"auto, (max-width: 562px) 100vw, 562px\" \/><\/figure>\n\n\n\n<p>M\u00e9t\u00e9o des grands d\u2019hivers d\u2019antan, chutes de neige abondantes toute la journ\u00e9e et grosse couche de poudreuse sur la r\u00e9gion du Chasseral.<\/p>\n\n\n\n<p>Skis aux pieds, par groupes, toute la troupe se d\u00e9place au Pr\u00e9 aux Auges pour rejoindre les animateurs du jour.<\/p>\n\n\n\n<p>Au travers de diff\u00e9rents ateliers minutieusement pr\u00e9par\u00e9s par les chefs de course, chacune et chacun a pu compl\u00e9ter et r\u00e9viser ses connaissances en mati\u00e8re de s\u00e9curit\u00e9. Les exercices de recherche de victimes avec DVA et les notions de premiers secours ont \u00e9t\u00e9 particuli\u00e8rement appr\u00e9ci\u00e9s.<\/p>\n\n\n\n<p>Apr\u00e8s un pique-nique hivernal, vient le moment de la mise en pratique des enseignements du matin. Gr\u00e2ce \u00e0 un sc\u00e9nario tr\u00e8s r\u00e9aliste, notre metteur en sc\u00e8ne Jean-Bernard et ses \u00ab figurants-cascadeurs-acteurs \u00bb ont plong\u00e9 le groupe au c\u0153ur d\u2019une avalanche pour l\u2019exercice final.<\/p>\n\n\n\n<figure class=\"wp-block-image size-full\"><img loading=\"lazy\" decoding=\"async\" width=\"562\" height=\"316\" src=\"https:\/\/cas-jura.ch\/wordpress\/wp-content\/uploads\/2022\/03\/223c29d3-5a57-4853-ae78-e2c0424cd6ac.jpeg\" alt=\"\" class=\"wp-image-2111\" srcset=\"https:\/\/cas-jura.ch\/wordpress\/wp-content\/uploads\/2022\/03\/223c29d3-5a57-4853-ae78-e2c0424cd6ac.jpeg 562w, https:\/\/cas-jura.ch\/wordpress\/wp-content\/uploads\/2022\/03\/223c29d3-5a57-4853-ae78-e2c0424cd6ac-300x169.jpeg 300w\" sizes=\"auto, (max-width: 562px) 100vw, 562px\" \/><\/figure>\n\n\n\n<p>Pas si facile de g\u00e9rer un grand nombre de sauveteurs et plusieurs victimes mais tout le monde a parfaitement jou\u00e9 le jeu. L\u2019occasion de se rendre compte, si besoin \u00e9tait, de l\u2019importance d\u2019entrainer ce genre de situations pour exercer les comportements et les gestes qui sauvent.<\/p>\n\n\n\n<p>L\u2019exercice termin\u00e9, la joyeuse bande se remet en mode randonn\u00e9e pour une balade en direction des pistes de ski et profiter, enfin, de toute la jolie poudre accumul\u00e9e durant la journ\u00e9e.<\/p>\n\n\n\n<p>De l\u2019avis g\u00e9n\u00e9ral, au moment du bilan, ce type de journ\u00e9e est \u00e0 renouveler et \u00e0 suivre r\u00e9guli\u00e8rement.<\/p>\n\n\n\n<p>C\u2019est donc sous les applaudissements que se termine cette premi\u00e8re formation \u00ab s\u00e9curit\u00e9 hiver \u00bb.<\/p>\n\n\n\n<p>Grand merci aux animateurs et aux participants et\u2026.\u00e0 l\u2019ann\u00e9e prochaine ?<\/p>\n\n\n\n<p>Xavier<\/p>\n","protected":false},"excerpt":{"rendered":"<p>Chefs de course : Jean-Bernard Bandelier, Carlos Mu\u00f1oz, Xavier B\u00e9dat Avec l\u2019aide pr\u00e9cieuse de Delphine Riat et Rapha\u00ebl Seuret Grand succ\u00e8s pour cette premi\u00e8re \u00e9dition &#8230;<\/p>\n","protected":false},"author":975901,"featured_media":2112,"comment_status":"closed","ping_status":"closed","sticky":false,"template":"","format":"standard","meta":{"_jetpack_memberships_contains_paid_content":false,"footnotes":""},"categories":[22,1],"tags":[],"class_list":["post-2108","post","type-post","status-publish","format-standard","has-post-thumbnail","hentry","category-recits-de-courses","category-uncategorized"],"jetpack_featured_media_url":"https:\/\/cas-jura.ch\/wordpress\/wp-content\/uploads\/2022\/03\/78ab03a3-53e8-44f5-b4ec-a5c82b09cdd0.jpeg","jetpack_sharing_enabled":true,"_links":{"self":[{"href":"https:\/\/cas-jura.ch\/index.php?rest_route=\/wp\/v2\/posts\/2108","targetHints":{"allow":["GET"]}}],"collection":[{"href":"https:\/\/cas-jura.ch\/index.php?rest_route=\/wp\/v2\/posts"}],"about":[{"href":"https:\/\/cas-jura.ch\/index.php?rest_route=\/wp\/v2\/types\/post"}],"author":[{"embeddable":true,"href":"https:\/\/cas-jura.ch\/index.php?rest_route=\/wp\/v2\/users\/975901"}],"replies":[{"embeddable":true,"href":"https:\/\/cas-jura.ch\/index.php?rest_route=%2Fwp%2Fv2%2Fcomments&post=2108"}],"version-history":[{"count":1,"href":"https:\/\/cas-jura.ch\/index.php?rest_route=\/wp\/v2\/posts\/2108\/revisions"}],"predecessor-version":[{"id":2113,"href":"https:\/\/cas-jura.ch\/index.php?rest_route=\/wp\/v2\/posts\/2108\/revisions\/2113"}],"wp:featuredmedia":[{"embeddable":true,"href":"https:\/\/cas-jura.ch\/index.php?rest_route=\/wp\/v2\/media\/2112"}],"wp:attachment":[{"href":"https:\/\/cas-jura.ch\/index.php?rest_route=%2Fwp%2Fv2%2Fmedia&parent=2108"}],"wp:term":[{"taxonomy":"category","embeddable":true,"href":"https:\/\/cas-jura.ch\/index.php?rest_route=%2Fwp%2Fv2%2Fcategories&post=2108"},{"taxonomy":"post_tag","embeddable":true,"href":"https:\/\/cas-jura.ch\/index.php?rest_route=%2Fwp%2Fv2%2Ftags&post=2108"}],"curies":[{"name":"wp","href":"https:\/\/api.w.org\/{rel}","templated":true}]}}