{"id":2127,"date":"2022-04-08T05:15:34","date_gmt":"2022-04-08T03:15:34","guid":{"rendered":"https:\/\/cas-jura.ch\/?p=2127"},"modified":"2022-04-08T05:15:34","modified_gmt":"2022-04-08T03:15:34","slug":"aventures-au-grand-saint-bernard","status":"publish","type":"post","link":"https:\/\/cas-jura.ch\/?p=2127","title":{"rendered":"Aventures au Grand-Saint-Bernard"},"content":{"rendered":"\n<p>Participants : Sandrine Crelier, Yves Meyer, Xavier B\u00e9dat, Michel Stauffer (cdc)<\/p>\n\n\n\n<p><br>Le week-end de ski de randonn\u00e9e au Grand-Saint-Bernard s\u2019est d\u00e9roul\u00e9 dans des conditions<br>tr\u00e8s sportives par les d\u00e9fis et la m\u00e9t\u00e9o. Il a n\u00e9anmoins r\u00e9joui les participants qui semblent<br>avoir eu besoin de plusieurs jours pour caser les souvenirs dans \u00ab leur valise \u00bb. Il faut dire<br>que la r\u00e9gion a vraiment quelque chose de mystique. Par le site de l\u2019hospice, fond\u00e9e par St<br>Bernard de Menthon au XIe si\u00e8cle, a toujours \u00e9t\u00e9 occup\u00e9 jusqu\u2019\u00e0 ce jour. Lieu de spiritualit\u00e9<br>et d\u2019accueil, son histoire est aussi li\u00e9e \u00e0 l\u2019aventure d\u2019une race de chien dont le plus c\u00e9l\u00e8bre<br>Barry a donn\u00e9 son nom \u00e0 une marque de DVA bien connu \u00ab Barryvox \u00bb.<br>Si le plateau suisse et le Jura est baign\u00e9 de soleil ce samedi, la r\u00e9gion amont de l\u2019Entremont<br>est balay\u00e9e par un petit vent assez froid. Peu importe, le groupe est motiv\u00e9 et pr\u00eat pour le<br>d\u00e9part au parc du tunnel, bien connu des randonneurs du CAS Jura, surtout lorsque la neige<br>est souffl\u00e9e \u00e0 l\u2019horizontal. L\u2019objectif est clair est bien visible car plus on avance vers le sud<br>par le Pont de Maringo, La Pointe de Babylone s\u2019impose comme une destination bien pris\u00e9e.<br>Le coup d\u2019\u0153il sur les sommets voisins comme le Mont Mort, la Pte de Dr\u00f4ne ou l\u2019Aiguille du<br>Velan forme une superbe couronne qui semble nous prot\u00e9ger malgr\u00e9 l\u2019hostilit\u00e9 des parois<br>tr\u00e8s peu enneig\u00e9es pour la saison.<\/p>\n\n\n\n<figure class=\"wp-block-image size-full is-resized\"><img loading=\"lazy\" decoding=\"async\" src=\"https:\/\/cas-jura.ch\/wordpress\/wp-content\/uploads\/2022\/04\/Sommet-Monts-Telliers.jpg\" alt=\"\" class=\"wp-image-2128\" width=\"328\" height=\"437\" srcset=\"https:\/\/cas-jura.ch\/wordpress\/wp-content\/uploads\/2022\/04\/Sommet-Monts-Telliers.jpg 768w, https:\/\/cas-jura.ch\/wordpress\/wp-content\/uploads\/2022\/04\/Sommet-Monts-Telliers-225x300.jpg 225w\" sizes=\"auto, (max-width: 328px) 100vw, 328px\" \/><\/figure>\n\n\n\n<p><br>D\u00e8s que l\u2019on quitte la trace bien dam\u00e9e sur la route du col, la neige devient changeante et<br>alterne entre poudre et glace. Les couteaux s\u2019imposent pour une marche plus s\u00fbre et<br>confortable jusqu\u2019au sommet. C\u2019est d\u00e9j\u00e0 le moment du pique-nique montagnard qui<br>s\u2019effectue dans une petite d\u00e9pression \u00e0 l\u2019abri du vent. Le groupe repart, r\u00e9joui unanimement<br>par un d\u00e9cor magnifique o\u00f9 l\u2019on aper\u00e7oit au loin l\u2019hospice et la Combe des morts. Le rythme<br>est bon, surtout dans les pentes montantes douces, qui doit nous conduire \u00e0 la derni\u00e8re<br>difficult\u00e9 \u2013 un peu raide &#8211; du sommet.<br>Le groupe qui nous pr\u00e9c\u00e8de d\u00e9cide de renoncer \u00e0 poursuivre. Nous d\u00e9couvrons plus tard la<br>justesse de cette d\u00e9cision. Une longue s\u00e9rie de conversions, pas toutes simples, nous permet<br>d\u2019atteindre enfin le sommet \u00e0 2804 m sur une pente d\u2019env. 40o. Une grande volont\u00e9 anime<br>le groupe, m\u00eame les moins aguerris. Bravo ! Le panorama \u2013 c\u00f4t\u00e9 suisse et italien, avec le<br>Grand Paradiso\u2013 est tellement splendide qu\u2019il comble chacune et chacun. Malgr\u00e9 les<br>diff\u00e9rents types de neige \u2013 par place de couleur saharienne &#8211; et quelques cailloux, la<br>descente est un v\u00e9ritable plaisir.<br>Le retour et le r\u00e9tablissement \u00e0 l\u2019h\u00f4tel du Grd St Bernard de Liddes sont bien appr\u00e9ci\u00e9s.<br>Sp\u00e9cialement un repas qui compensera ais\u00e9ment la quantit\u00e9 de calories d\u00e9pens\u00e9es durant la<br>journ\u00e9e. Une belle entrec\u00f4te, accidentellement nomm\u00e9e Grd St Bernard(!) r\u00e9jouit le groupe.<br>C\u2019est le moment de motiver la troupe pour la journ\u00e9e du lendemain qui doit nous conduire \u00e0<br>l\u2019hospice et au Mont Fourchon, voisin du Pain de Sucre pour les connaisseurs. D\u2019apr\u00e8s les<br>annonces, la nuit s\u2019annonce bruyante (!). Heureusement, il n\u2019en fut rien ou presque\u2026<br>Le dimanche, un coup de t\u00e9l\u00e9phone t\u00f4t le matin, aux fr\u00e8res de l\u2019hospice, nous indique qu\u2019il<br>neige au Col et que le vent souffle avec une temp\u00e9rature de -12. Le plan B se pr\u00e9cise et c\u2019est<br>une fois franchi le Pont Maringo que l\u2019on d\u00e9cidera de l\u2019objectif du jour.<br>Ce qui est fait vers 9h30 avec un peu de vent, une temp\u00e9rature acceptable et des<br>\u00e9claircissements du ciel. Nous d\u00e9cidons de monter en direction des Monts Telliers ou de la<br>Dent du Grand L\u00e9. Selon l\u2019\u00e9volution de la m\u00e9t\u00e9o nous pourrons toujours redescendre et<br>couper en direction de l\u2019hospice. Heureusement, le ciel se d\u00e9gage et l\u2019intensit\u00e9 du vent<br>faiblit. Cap sur les Monts Telliers, un peu plus long que la Dent mais une mont\u00e9e plus<br>accessible. Pour certains, l\u2019approche s\u2019effectue plus facilement avec les couteaux et tr\u00e8s vite<br>c\u2019est le pique-nique avant d\u2019attaquer la derni\u00e8re mont\u00e9e. Un vent froid a gel\u00e9 le sommet et<br>c\u2019est \u00e0 pied que nous terminons l\u2019approche finale. Les conditions exigent une bonne<br>concentration si on veut \u00e9viter une glissade dangereuse. Plusieurs autres randonneurs<br>avaient m\u00eame chauss\u00e9 les crampons. Une vue magnifique sur les lacs de Fen\u00eatre,<br>naturellement gel\u00e9s, et sur la Dotse, connue des randonneurs jurassiens, s\u2019offre \u00e0 nous.<br>De l\u00e0, nous pouvons quand m\u00eame admirer le c\u00f4t\u00e9 W du Mont Fourchon. L\u2019objectif est<br>atteint. Bravo aux participant(e)s pour leur excellent \u00e9tat d\u2019esprit et la qualit\u00e9 de leur<br>technique de ski. Tous m\u00e9ritent un joyeux retour au foyer. A l\u2019ann\u00e9e prochaine pour une<br>nouvelle d\u00e9couverte avec pourquoi pas une nuit chez les chanoines de la Congr\u00e9gation du<br>Grand Saint-Bernard. <\/p>\n\n\n\n<p class=\"has-text-align-right\">Michel<\/p>\n","protected":false},"excerpt":{"rendered":"<p>Participants : Sandrine Crelier, Yves Meyer, Xavier B\u00e9dat, Michel Stauffer (cdc) Le week-end de ski de randonn\u00e9e au Grand-Saint-Bernard s\u2019est d\u00e9roul\u00e9 dans des conditionstr\u00e8s sportives &#8230;<\/p>\n","protected":false},"author":975901,"featured_media":2129,"comment_status":"closed","ping_status":"closed","sticky":false,"template":"","format":"standard","meta":{"_jetpack_memberships_contains_paid_content":false,"footnotes":""},"categories":[22],"tags":[],"class_list":["post-2127","post","type-post","status-publish","format-standard","has-post-thumbnail","hentry","category-recits-de-courses"],"jetpack_featured_media_url":"https:\/\/cas-jura.ch\/wordpress\/wp-content\/uploads\/2022\/04\/Sommet-Monts-Telliers-1.jpg","jetpack_sharing_enabled":true,"_links":{"self":[{"href":"https:\/\/cas-jura.ch\/index.php?rest_route=\/wp\/v2\/posts\/2127","targetHints":{"allow":["GET"]}}],"collection":[{"href":"https:\/\/cas-jura.ch\/index.php?rest_route=\/wp\/v2\/posts"}],"about":[{"href":"https:\/\/cas-jura.ch\/index.php?rest_route=\/wp\/v2\/types\/post"}],"author":[{"embeddable":true,"href":"https:\/\/cas-jura.ch\/index.php?rest_route=\/wp\/v2\/users\/975901"}],"replies":[{"embeddable":true,"href":"https:\/\/cas-jura.ch\/index.php?rest_route=%2Fwp%2Fv2%2Fcomments&post=2127"}],"version-history":[{"count":1,"href":"https:\/\/cas-jura.ch\/index.php?rest_route=\/wp\/v2\/posts\/2127\/revisions"}],"predecessor-version":[{"id":2130,"href":"https:\/\/cas-jura.ch\/index.php?rest_route=\/wp\/v2\/posts\/2127\/revisions\/2130"}],"wp:featuredmedia":[{"embeddable":true,"href":"https:\/\/cas-jura.ch\/index.php?rest_route=\/wp\/v2\/media\/2129"}],"wp:attachment":[{"href":"https:\/\/cas-jura.ch\/index.php?rest_route=%2Fwp%2Fv2%2Fmedia&parent=2127"}],"wp:term":[{"taxonomy":"category","embeddable":true,"href":"https:\/\/cas-jura.ch\/index.php?rest_route=%2Fwp%2Fv2%2Fcategories&post=2127"},{"taxonomy":"post_tag","embeddable":true,"href":"https:\/\/cas-jura.ch\/index.php?rest_route=%2Fwp%2Fv2%2Ftags&post=2127"}],"curies":[{"name":"wp","href":"https:\/\/api.w.org\/{rel}","templated":true}]}}