{"id":2148,"date":"2022-04-26T17:48:22","date_gmt":"2022-04-26T15:48:22","guid":{"rendered":"https:\/\/cas-jura.ch\/?p=2148"},"modified":"2022-04-26T17:48:22","modified_gmt":"2022-04-26T15:48:22","slug":"de-bourg-st-bernard-a-arolla-en-passant-par-quelques-sommets-17-au-20-mars-2022","status":"publish","type":"post","link":"https:\/\/cas-jura.ch\/?p=2148","title":{"rendered":"De Bourg-St-Bernard \u00e0 Arolla en passant par quelques sommets, 17 au 20 mars 2022"},"content":{"rendered":"\n<p>Participant-e-s<em>\u00a0: Carine, Lydie, Patrick, Th\u00e9odore, JB<\/em><\/p>\n\n\n\n<h4 class=\"wp-block-heading\">1er jour&nbsp;: de Bourg-St-Bernard \u00e0 la cabane Valsorey<\/h4>\n\n\n\n<p>Nous nous sommes lev\u00e9s t\u00f4t ce jeudi 17 mars, toute la petite troupe va prendre le train pour se retrouver pour notre p\u00e9riple de 4 jours entre Bourg Saint-Bernard et Arolla.<br>Le groupe se forme au fur et \u00e0 mesure du trajet, Carine Jean-Bernard et moi retrouvons Th\u00e9odore \u00e0 Vevey, Lydie nous rejoint \u00e0 Martigny.<br>Apr\u00e8s un caf\u00e9 rapide \u00e0 la Gare d&rsquo;Orsi\u00e8res, toute l&rsquo;\u00e9quipe embarque dans le bus qui nous emm\u00e8ne \u00e0 Bourg Saint-Bernard, point de d\u00e9part de notre course.<br>Petit programme insolite, nous devons r\u00e9cup\u00e9rer avant de partir, le livre d&rsquo;Or de la cabane de Valsorey afin de l&rsquo;apporter aux gardiennes qui l&rsquo;ont oubli\u00e9 quand elles sont mont\u00e9es le jour avant.<br>Il est environ 10h00 quand nous arrivons sur le parking, heureusement les conditions de neiges nous permettent de chausser les skis imm\u00e9diatement. Nous voici en route en direction la Croix de Tsousse pour ensuite rejoindre la cabane de Valsorey (3034 m) ou nous passerons notre premi\u00e8re nuit.<br>Le soleil est pr\u00e9sent, mais un peu voil\u00e9 par les sables du Sahara, la premi\u00e8re partie de la mont\u00e9e se fait facilement en \u00e9vitant quelques t\u00e2ches herbeuses et quelques cailloux que le soleil a d\u00e9j\u00e0 fait apparaitre. La neige n&rsquo;est pas abondante, mais toute la course du jour pourra se faire sans d\u00e9chausser les skis.<br>Apr\u00e8s un pique-nique \u00e0 la Croix de Tsousse et une courte descente, nous remettons les peaux pour attaquer la deuxi\u00e8me partie de la mont\u00e9e. Les 1600 m\u00e8tres de D+ mettent \u00e0 rude \u00e9preuve les organismes, mais nous arrivons toutes et tous \u00e0 la cabane ou les deux gardiennes nous attendent devant la porte.<br>Le po\u00eale de la salle principale a du mal \u00e0 r\u00e9chauffer les corps et les \u00e9quipements, mais le repas du soir est servi et nous permet de nous r\u00e9chauffer un peu et de r\u00e9cup\u00e9rer des forces. Apr\u00e8s le repas et un bon caf\u00e9, Th\u00e9odore et JB s&rsquo;attaquent \u00e0 la vaisselle, les gardiennes accueillent avec plaisir les deux commis du jour. Une bonne nuit de sommeil va nous permettre de r\u00e9cup\u00e9rer pour la suite de notre voyage.<\/p>\n\n\n\n<p>Patrick<\/p>\n\n\n\n<h4 class=\"wp-block-heading\">2\u00e8me jour&nbsp;: de la cabane Valsorey \u00e0 la cabane Chanrion<\/h4>\n\n\n\n<p>Voil\u00e0 notre premier r\u00e9veil en cabane, 5h20 ! H\u00e9 oui, si la vie en montagne a un prix, c&rsquo;est avant tout celui des grasses mat&rsquo;.<\/p>\n\n\n\n<p>Nous partons sans encombre une heure apr\u00e8s, aujourd&rsquo;hui est une journ\u00e9e de \u00ab\u00a0r\u00e9cup\u00e9ration active\u00a0\u00bb para\u00eet-il. Les deux premi\u00e8res heures sont les plus intenses, passage d&rsquo;un col avec portage qui br\u00fble bien les cuisses ! Une fois ce passage pass\u00e9, nous nous dirigeons plus tranquillement vers la grande t\u00eate de By, sommet culminant \u00e0 3587m.<\/p>\n\n\n\n<p>L&rsquo;horizon est encore bien satur\u00e9 de sable du d\u00e9sert mais le ciel est au beau fixe ! Nous descendons ensuite le glacier du Mont Durand, nous amusant sur son terrain vallonn\u00e9. Pause pique-nique avec vu sur le mont gel\u00e9 et la cabane Chanrion; prochaine \u00e9tape en vue !<\/p>\n\n\n\n<p>Arriv\u00e9e \u00e0 la cabane vers les 15h, \u00e9bahi par les locaux, baies vitr\u00e9es, douches chaudes, accueil en or, sans parler des talents des cuisini\u00e8r.es! Nous prenons le temps de profiter de ce confort, au vu de la suite !<\/p>\n\n\n\n<p>Lydie<\/p>\n\n\n\n<h4 class=\"wp-block-heading\">3\u00e8me jour&nbsp;: de la cabane&nbsp;Chanrion au bivouac de l\u2019Aiguillette \u00e0 la Singla<\/h4>\n\n\n\n<p>Nous sommes partis au lever du jour en commen\u00e7ant par une petite descente bien glac\u00e9e suivie d&rsquo;une longue remont\u00e9e du glacier d&rsquo;Otemma.<\/p>\n\n\n\n<p>Puis nous avons bifurqu\u00e9 et gravi le glacier de Blanchen un peu plus pentu, pour atteindre le bivouac de l&rsquo;Aiguillette \u00e0 la Singla juste avant midi.<\/p>\n\n\n\n<figure class=\"wp-block-image size-large is-resized\"><img loading=\"lazy\" decoding=\"async\" src=\"https:\/\/cas-jura.ch\/wordpress\/wp-content\/uploads\/2022\/04\/bivouac-La-Singla-768x1024.jpeg\" alt=\"\" class=\"wp-image-2151\" width=\"384\" height=\"512\" srcset=\"https:\/\/cas-jura.ch\/wordpress\/wp-content\/uploads\/2022\/04\/bivouac-La-Singla-768x1024.jpeg 768w, https:\/\/cas-jura.ch\/wordpress\/wp-content\/uploads\/2022\/04\/bivouac-La-Singla-225x300.jpeg 225w, https:\/\/cas-jura.ch\/wordpress\/wp-content\/uploads\/2022\/04\/bivouac-La-Singla-1152x1536.jpeg 1152w, https:\/\/cas-jura.ch\/wordpress\/wp-content\/uploads\/2022\/04\/bivouac-La-Singla-1536x2048.jpeg 1536w, https:\/\/cas-jura.ch\/wordpress\/wp-content\/uploads\/2022\/04\/bivouac-La-Singla-scaled.jpeg 1920w\" sizes=\"auto, (max-width: 384px) 100vw, 384px\" \/><figcaption>Bivouac la Singla<\/figcaption><\/figure>\n\n\n\n<p>C&rsquo;est une magnifique cabane de 12 lits,situ\u00e9e sur un \u00e9peron rocheux&nbsp; ,dominant le cirque de glaciers . Personne n&rsquo;y \u00e9tait venu durant les derniers jours, donc il a fallu recr\u00e9er le chemin d&rsquo;acc\u00e8s aux commodit\u00e9s. Ce qui n&rsquo;\u00e9tait pas une mince affaire vu la pente neigeuse et la longueur. Merci \u00e0 l&rsquo;\u00e9nergie d\u00e9bordante de Th\u00e9odore, assur\u00e9 par JB et aid\u00e9 de Patrick, pendant que les dames s&rsquo;affairaient \u00e0 la cuisine pour faire fondre de la neige.<\/p>\n\n\n\n<p>Apr\u00e8s une l\u00e9g\u00e8re collation, on a d\u00e9cid\u00e9 de gravir Aouille Tseuque 3554m (rien que le nom en vaut la peine), un sommet juste \u00e0 c\u00f4t\u00e9 du bivouac.<\/p>\n\n\n\n<p>Les gars ont d\u00fb un peu lutter pour trouver et r\u00e9ussir \u00e0 passer la premi\u00e8re pente d&rsquo;acc\u00e8s, pendant que Lydie et moi nous les regardions assez dubitativement\u2026 Mais apr\u00e8s avoir entendu JB crier :\u00a0\u00bbc&rsquo;est bon, \u00e7a passe..Facile !\u00a0\u00bb, plus moyen de reculer !<\/p>\n\n\n\n<p>Nous avons atteint le col (pendant que Th\u00e9odore est mont\u00e9 au sommet) et sommes redescendus car le brouillard mena\u00e7ait et la descente \u00e9tait assez raide.<\/p>\n\n\n\n<p>Puis nous avons pass\u00e9 la soir\u00e9e en compagnie de 5 personnes de la section du Chasseron (\u00e0 qui appartient cette cabane) qui venaient faire un peu d&rsquo;intendance. L&rsquo;ambiance \u00e9tait tr\u00e8s sympathique et \u00e7a a r\u00e9chauff\u00e9 un peu la temp\u00e9rature glaciale du lieu. Et de terminer en constatant que personne ne s&rsquo;est d\u00e9shabill\u00e9 pour passer la nuit !!<\/p>\n\n\n\n<p>Carine<\/p>\n\n\n\n<h4 class=\"wp-block-heading\">4\u00e8me jour\u00a0: du bivouac de l\u2019Aiguillette jusqu\u2019\u00e0 l\u2019Ev\u00eaque, puis Arolla<\/h4>\n\n\n\n<p>Dimanche matin r\u00e9veil difficile. Le thermom\u00e8tre affiche -3\u00b0C\u2026 dans le refuge.<br>Exceptionnellement, le r\u00e9flexe de chacun.e au r\u00e9veil est d&rsquo;enfiler ses chaussures de skis. Le d\u00e9jeuner est compos\u00e9 de caf\u00e9 soluble et de cracottes nature, le Nutella \u00e9tant gel\u00e9 et in\u00e9talable.<br>Le d\u00e9part se fait en crampons pour quitter le bivouac de l&rsquo;Aiguillette \u00e0 la Singla. La descente qui suit \u00e0 skis finit de nous congeler et c&rsquo;est avec bonheur que nous pouvons enfin mettre les peaux et entamer la mont\u00e9e.<\/p>\n\n\n\n<figure class=\"wp-block-image size-large is-resized\"><img loading=\"lazy\" decoding=\"async\" src=\"https:\/\/cas-jura.ch\/wordpress\/wp-content\/uploads\/2022\/04\/en-direction-de-l-eveque-1-1024x461.jpg\" alt=\"\" class=\"wp-image-2150\" width=\"840\" height=\"378\" srcset=\"https:\/\/cas-jura.ch\/wordpress\/wp-content\/uploads\/2022\/04\/en-direction-de-l-eveque-1-1024x461.jpg 1024w, https:\/\/cas-jura.ch\/wordpress\/wp-content\/uploads\/2022\/04\/en-direction-de-l-eveque-1-300x135.jpg 300w, https:\/\/cas-jura.ch\/wordpress\/wp-content\/uploads\/2022\/04\/en-direction-de-l-eveque-1-768x346.jpg 768w, https:\/\/cas-jura.ch\/wordpress\/wp-content\/uploads\/2022\/04\/en-direction-de-l-eveque-1-1536x691.jpg 1536w, https:\/\/cas-jura.ch\/wordpress\/wp-content\/uploads\/2022\/04\/en-direction-de-l-eveque-1-2048x922.jpg 2048w\" sizes=\"auto, (max-width: 840px) 100vw, 840px\" \/><figcaption>En direction de l&rsquo;Ev\u00eaque<\/figcaption><\/figure>\n\n\n\n<p>Apr\u00e8s deux heures de balade pour atteindre le bout du glacier d&rsquo;Otemma, nous faisons route non sans appr\u00e9hension vers l&rsquo;Ev\u00eaque 3716m qui nous domine de toute sa splendeur. Arriv\u00e9s au col, la vue se d\u00e9gage sur le Cervin et la Dent d&rsquo;H\u00e9rens. Les trois gar\u00e7ons se h\u00e2te d\u2019enfiler leurs crampons. En effet les filles pr\u00e9f\u00e8rent bronzer au col et J-B a comme objectif de d\u00e9passer les deux cord\u00e9es qui nous devancent. La premi\u00e8re est d\u00e9pass\u00e9e au forceps, la seconde gr\u00e2ce \u00e0 la finesse tactique du chef de course (foncer tout droit dans la face).<\/p>\n\n\n\n<p>Nous arrivons donc sur un sommet vierge, duquel toute les Alpes sont visibles. La cerise sur le g\u00e2teau de la haute route !<\/p>\n\n\n\n<p>Le reste de la journ\u00e9e consiste en rejoindre les Vignettes, puis Arolla. Deuxi\u00e8me cerise pour notre g\u00e2teau, la Yourt est ouverte et nous avons une heure \u00e0 attendre le bus. Jamais une bi\u00e8re n&rsquo;aura autant \u00e9t\u00e9 m\u00e9rit\u00e9e (s\u00fbrement).<\/p>\n\n\n\n<p>Th\u00e9odore<\/p>\n\n\n\n<figure class=\"wp-block-image size-large is-resized\"><img loading=\"lazy\" decoding=\"async\" src=\"https:\/\/cas-jura.ch\/wordpress\/wp-content\/uploads\/2022\/04\/l-equipe-au-complet-a-la-fin-du-periple-1024x768.jpeg\" alt=\"\" class=\"wp-image-2152\" width=\"768\" height=\"576\" srcset=\"https:\/\/cas-jura.ch\/wordpress\/wp-content\/uploads\/2022\/04\/l-equipe-au-complet-a-la-fin-du-periple-1024x768.jpeg 1024w, https:\/\/cas-jura.ch\/wordpress\/wp-content\/uploads\/2022\/04\/l-equipe-au-complet-a-la-fin-du-periple-300x225.jpeg 300w, https:\/\/cas-jura.ch\/wordpress\/wp-content\/uploads\/2022\/04\/l-equipe-au-complet-a-la-fin-du-periple-768x576.jpeg 768w, https:\/\/cas-jura.ch\/wordpress\/wp-content\/uploads\/2022\/04\/l-equipe-au-complet-a-la-fin-du-periple-1536x1152.jpeg 1536w, https:\/\/cas-jura.ch\/wordpress\/wp-content\/uploads\/2022\/04\/l-equipe-au-complet-a-la-fin-du-periple-2048x1536.jpeg 2048w\" sizes=\"auto, (max-width: 768px) 100vw, 768px\" \/><figcaption>L&rsquo;\u00e9quipe au complet \u00e0 la fin du p\u00e9riple<\/figcaption><\/figure>\n","protected":false},"excerpt":{"rendered":"<p>Participant-e-s\u00a0: Carine, Lydie, Patrick, Th\u00e9odore, JB 1er jour&nbsp;: de Bourg-St-Bernard \u00e0 la cabane Valsorey Nous nous sommes lev\u00e9s t\u00f4t ce jeudi 17 mars, toute la &#8230;<\/p>\n","protected":false},"author":975901,"featured_media":2149,"comment_status":"closed","ping_status":"closed","sticky":false,"template":"","format":"standard","meta":{"_jetpack_memberships_contains_paid_content":false,"footnotes":""},"categories":[22],"tags":[],"class_list":["post-2148","post","type-post","status-publish","format-standard","has-post-thumbnail","hentry","category-recits-de-courses"],"jetpack_featured_media_url":"https:\/\/cas-jura.ch\/wordpress\/wp-content\/uploads\/2022\/04\/en-direction-de-l-eveque-scaled.jpg","jetpack_sharing_enabled":true,"_links":{"self":[{"href":"https:\/\/cas-jura.ch\/index.php?rest_route=\/wp\/v2\/posts\/2148","targetHints":{"allow":["GET"]}}],"collection":[{"href":"https:\/\/cas-jura.ch\/index.php?rest_route=\/wp\/v2\/posts"}],"about":[{"href":"https:\/\/cas-jura.ch\/index.php?rest_route=\/wp\/v2\/types\/post"}],"author":[{"embeddable":true,"href":"https:\/\/cas-jura.ch\/index.php?rest_route=\/wp\/v2\/users\/975901"}],"replies":[{"embeddable":true,"href":"https:\/\/cas-jura.ch\/index.php?rest_route=%2Fwp%2Fv2%2Fcomments&post=2148"}],"version-history":[{"count":1,"href":"https:\/\/cas-jura.ch\/index.php?rest_route=\/wp\/v2\/posts\/2148\/revisions"}],"predecessor-version":[{"id":2153,"href":"https:\/\/cas-jura.ch\/index.php?rest_route=\/wp\/v2\/posts\/2148\/revisions\/2153"}],"wp:featuredmedia":[{"embeddable":true,"href":"https:\/\/cas-jura.ch\/index.php?rest_route=\/wp\/v2\/media\/2149"}],"wp:attachment":[{"href":"https:\/\/cas-jura.ch\/index.php?rest_route=%2Fwp%2Fv2%2Fmedia&parent=2148"}],"wp:term":[{"taxonomy":"category","embeddable":true,"href":"https:\/\/cas-jura.ch\/index.php?rest_route=%2Fwp%2Fv2%2Fcategories&post=2148"},{"taxonomy":"post_tag","embeddable":true,"href":"https:\/\/cas-jura.ch\/index.php?rest_route=%2Fwp%2Fv2%2Ftags&post=2148"}],"curies":[{"name":"wp","href":"https:\/\/api.w.org\/{rel}","templated":true}]}}