{"id":2209,"date":"2022-05-29T09:10:37","date_gmt":"2022-05-29T07:10:37","guid":{"rendered":"https:\/\/cas-jura.ch\/?p=2209"},"modified":"2022-05-29T09:10:37","modified_gmt":"2022-05-29T07:10:37","slug":"sortie-cas-st-hippolyte","status":"publish","type":"post","link":"https:\/\/cas-jura.ch\/?p=2209","title":{"rendered":"Sortie CAS St-Hippolyte"},"content":{"rendered":"\n<ul class=\"wp-block-list\"><li>Date\u00a0: 30 avril 2022 <\/li><li>12 participants <\/li><li>chef de course\u00a0: Alain Ott<\/li><li>Environ 15 km en un peu + de 4 h<\/li><\/ul>\n\n\n\n<p>Apr\u00e8s un covoiturage depuis Courgenay et St-Ursanne, nous sommes arriv\u00e9s \u00e0 St-Hippolyte, lieu du d\u00e9part de notre randonn\u00e9e en boucle de l\u2019apr\u00e8s-midi.<br>D\u00e9buts sous les meilleurs auspices avec le soleil et la chaleur. Apr\u00e8s un peu de mont\u00e9e, nous avons pu visiter la grotte du Ch\u00e2teau de la Roche. Lampes frontales et b\u00e2tons \u00e9taient forts utiles. Nous avons eu la chance aussi d\u2019observer des chauves-souris.<br>Malheureusement, durant la suite du parcours, nous avons \u00e9t\u00e9 bien douch\u00e9s et la grotte du Bisontin \u00e9tait encore un peu loin pour nous y abriter\u00a0!<\/p>\n\n\n\n<p>Cette rando nous a permis de d\u00e9couvrir un joli coin de nature et des grottes fort int\u00e9ressantes, tout cela \u00e0 seulement quelques dizaines de kilom\u00e8tres de chez nous.<br>Merci \u00e0 Alain pour cette belle course ainsi qu\u2019\u00e0 tous les participants pour leur sympathie et leur bonne humeur.<\/p>\n\n\n\n<p>Corinne Allimann<\/p>\n\n\n\n<figure class=\"wp-block-image size-large\"><img loading=\"lazy\" decoding=\"async\" width=\"768\" height=\"1024\" src=\"https:\/\/cas-jura.ch\/wordpress\/wp-content\/uploads\/2022\/05\/sortie1-768x1024.jpg\" alt=\"\" class=\"wp-image-2211\" srcset=\"https:\/\/cas-jura.ch\/wordpress\/wp-content\/uploads\/2022\/05\/sortie1-768x1024.jpg 768w, https:\/\/cas-jura.ch\/wordpress\/wp-content\/uploads\/2022\/05\/sortie1-225x300.jpg 225w, https:\/\/cas-jura.ch\/wordpress\/wp-content\/uploads\/2022\/05\/sortie1-1152x1536.jpg 1152w, https:\/\/cas-jura.ch\/wordpress\/wp-content\/uploads\/2022\/05\/sortie1.jpg 1536w\" sizes=\"auto, (max-width: 768px) 100vw, 768px\" \/><\/figure>\n","protected":false},"excerpt":{"rendered":"<p>Date\u00a0: 30 avril 2022 12 participants chef de course\u00a0: Alain Ott Environ 15 km en un peu + de 4 h Apr\u00e8s un covoiturage depuis &#8230;<\/p>\n","protected":false},"author":975901,"featured_media":2210,"comment_status":"closed","ping_status":"closed","sticky":false,"template":"","format":"standard","meta":{"_jetpack_memberships_contains_paid_content":false,"footnotes":""},"categories":[22,1],"tags":[],"class_list":["post-2209","post","type-post","status-publish","format-standard","has-post-thumbnail","hentry","category-recits-de-courses","category-uncategorized"],"jetpack_featured_media_url":"https:\/\/cas-jura.ch\/wordpress\/wp-content\/uploads\/2022\/05\/image_6483441.jpg","jetpack_sharing_enabled":true,"_links":{"self":[{"href":"https:\/\/cas-jura.ch\/index.php?rest_route=\/wp\/v2\/posts\/2209","targetHints":{"allow":["GET"]}}],"collection":[{"href":"https:\/\/cas-jura.ch\/index.php?rest_route=\/wp\/v2\/posts"}],"about":[{"href":"https:\/\/cas-jura.ch\/index.php?rest_route=\/wp\/v2\/types\/post"}],"author":[{"embeddable":true,"href":"https:\/\/cas-jura.ch\/index.php?rest_route=\/wp\/v2\/users\/975901"}],"replies":[{"embeddable":true,"href":"https:\/\/cas-jura.ch\/index.php?rest_route=%2Fwp%2Fv2%2Fcomments&post=2209"}],"version-history":[{"count":2,"href":"https:\/\/cas-jura.ch\/index.php?rest_route=\/wp\/v2\/posts\/2209\/revisions"}],"predecessor-version":[{"id":2214,"href":"https:\/\/cas-jura.ch\/index.php?rest_route=\/wp\/v2\/posts\/2209\/revisions\/2214"}],"wp:featuredmedia":[{"embeddable":true,"href":"https:\/\/cas-jura.ch\/index.php?rest_route=\/wp\/v2\/media\/2210"}],"wp:attachment":[{"href":"https:\/\/cas-jura.ch\/index.php?rest_route=%2Fwp%2Fv2%2Fmedia&parent=2209"}],"wp:term":[{"taxonomy":"category","embeddable":true,"href":"https:\/\/cas-jura.ch\/index.php?rest_route=%2Fwp%2Fv2%2Fcategories&post=2209"},{"taxonomy":"post_tag","embeddable":true,"href":"https:\/\/cas-jura.ch\/index.php?rest_route=%2Fwp%2Fv2%2Ftags&post=2209"}],"curies":[{"name":"wp","href":"https:\/\/api.w.org\/{rel}","templated":true}]}}