{"id":2224,"date":"2022-07-05T07:12:23","date_gmt":"2022-07-05T05:12:23","guid":{"rendered":"https:\/\/cas-jura.ch\/?p=2224"},"modified":"2022-07-05T07:12:45","modified_gmt":"2022-07-05T05:12:45","slug":"diemtigthal","status":"publish","type":"post","link":"https:\/\/cas-jura.ch\/?p=2224","title":{"rendered":"Diemtigthal"},"content":{"rendered":"\n<p>Ce dimanche matin 26 juin, apr\u00e8s avoir pass\u00e9 une nuit dans la Fromatth\u00fctte (1820 m) et profit\u00e9 de l\u2019accueil royal des gardiens b\u00e9n\u00e9voles de la Section Wildhorn, 7 dames et 2 messieurs s\u2019\u00e9branlent vers 8h.<br>Premi\u00e8re et seule mont\u00e9e d\u2019importance jusqu\u2019au Col Scheidegg (1991 m) et descente sans fin au pied du Fromattgrat \u00e0 travers l\u2019Alpetli, nous avan\u00e7ons au milieu des p\u00e2turages fleuris o\u00f9 paissent quelques g\u00e9nisses. En face, sur un sentier \u00e9troit \u00e0 flanc de rocher, nous sommes intrigu\u00e9s par une colonne de moutons ou de vaches, mais non, il s\u2019agit d\u2019une centaine de ch\u00e8vres blanches \u00e0 la queue leu leu\u00a0: insolite et spectaculaire\u00a0!<br>Arr\u00eat \u00e0 la Station de Grimialp o\u00f9 nous visitons au passage la chapelle extr\u00eamement sobre et le parc de l\u2019H\u00f4tel Kurhaus o\u00f9 a s\u00e9journ\u00e9 Albert Schweitzer.<br>Nous poursuivons le long du ruisseau Senggibach avant de casser la cro\u00fbte dans un p\u00e2turage verdoyant et ombrag\u00e9. Nous red\u00e9marrons jusqu\u2019au t\u00e9l\u00e9si\u00e8ge de la Station du Wiriehorn. L\u00e0, 2 marcheuses pr\u00e9f\u00e8rent attendre le bus.<br>Nous reprenons le sentier en montagnes russes le long du ruisseau qui change de nom\u00a0(Fildrich) et nous m\u00e8ne \u00e0 Oey, terminal apr\u00e8s 25 km dont 395 m de mont\u00e9e et 1515 m de descente.<br>Merci \u00e0 l\u2019organisatrice Agn\u00e8s, aux participantes et participant pour ces 2 journ\u00e9es d\u2019exception pass\u00e9es ensemble.<\/p>\n\n\n\n<p>Ars\u00e8ne<\/p>\n","protected":false},"excerpt":{"rendered":"<p>Ce dimanche matin 26 juin, apr\u00e8s avoir pass\u00e9 une nuit dans la Fromatth\u00fctte (1820 m) et profit\u00e9 de l\u2019accueil royal des gardiens b\u00e9n\u00e9voles de la &#8230;<\/p>\n","protected":false},"author":975901,"featured_media":0,"comment_status":"closed","ping_status":"closed","sticky":false,"template":"","format":"standard","meta":{"_jetpack_memberships_contains_paid_content":false,"footnotes":""},"categories":[22,1],"tags":[],"class_list":["post-2224","post","type-post","status-publish","format-standard","hentry","category-recits-de-courses","category-uncategorized"],"jetpack_featured_media_url":"","jetpack_sharing_enabled":true,"_links":{"self":[{"href":"https:\/\/cas-jura.ch\/index.php?rest_route=\/wp\/v2\/posts\/2224","targetHints":{"allow":["GET"]}}],"collection":[{"href":"https:\/\/cas-jura.ch\/index.php?rest_route=\/wp\/v2\/posts"}],"about":[{"href":"https:\/\/cas-jura.ch\/index.php?rest_route=\/wp\/v2\/types\/post"}],"author":[{"embeddable":true,"href":"https:\/\/cas-jura.ch\/index.php?rest_route=\/wp\/v2\/users\/975901"}],"replies":[{"embeddable":true,"href":"https:\/\/cas-jura.ch\/index.php?rest_route=%2Fwp%2Fv2%2Fcomments&post=2224"}],"version-history":[{"count":1,"href":"https:\/\/cas-jura.ch\/index.php?rest_route=\/wp\/v2\/posts\/2224\/revisions"}],"predecessor-version":[{"id":2225,"href":"https:\/\/cas-jura.ch\/index.php?rest_route=\/wp\/v2\/posts\/2224\/revisions\/2225"}],"wp:attachment":[{"href":"https:\/\/cas-jura.ch\/index.php?rest_route=%2Fwp%2Fv2%2Fmedia&parent=2224"}],"wp:term":[{"taxonomy":"category","embeddable":true,"href":"https:\/\/cas-jura.ch\/index.php?rest_route=%2Fwp%2Fv2%2Fcategories&post=2224"},{"taxonomy":"post_tag","embeddable":true,"href":"https:\/\/cas-jura.ch\/index.php?rest_route=%2Fwp%2Fv2%2Ftags&post=2224"}],"curies":[{"name":"wp","href":"https:\/\/api.w.org\/{rel}","templated":true}]}}