{"id":2243,"date":"2022-08-17T14:46:15","date_gmt":"2022-08-17T12:46:15","guid":{"rendered":"https:\/\/cas-jura.ch\/?p=2243"},"modified":"2022-08-31T06:55:20","modified_gmt":"2022-08-31T04:55:20","slug":"bivouac-28-20-mai","status":"publish","type":"post","link":"https:\/\/cas-jura.ch\/?p=2243","title":{"rendered":"Bivouac, 28-30 mai"},"content":{"rendered":"\n<p>Xavier, Aline, Carine, Sandrine<br><\/p>\n\n\n\n<p>Trois f\u00e9es Flora \u00e0 initier<br>pour notre guide de la journ\u00e9e<br>un bivouac il est d\u00e9cid\u00e9<br><br>A Porrentruy sommes retrouv\u00e9s<br>du mat\u00e9riel encore charg\u00e9<br>dans nos sacs d\u00e9j\u00e0 \u00e9triqu\u00e9s<br><br>wouhaa super lourd il faut porter<br>nos moues peuvent maintenant t\u00e9moigner<br>de la plus grande difficult\u00e9<br><br>D\u00e9part par une belle journ\u00e9e<br>l\u00e9g\u00e8rement ensoleill\u00e9es<br>sur des pittoresques sentiers.<br><br>Fontenais, Villars travers\u00e9s<br>une combe magique r\u00e9v\u00e9l\u00e9e<br>par l\u00e0 une grotte est d\u00e9voil\u00e9e<br><br>Une belle for\u00eat escalad\u00e9e<br>par ici pieds sur la tranch\u00e9e<br>trois heures et demie march\u00e9<br><br>Pauses et boissons pas oubli\u00e9es<br>rires et partage se sont m\u00eal\u00e9s<br>et sur rocher sommes arriv\u00e9s<br><br>Bon emplacement est recherch\u00e9<br>ensemble et bien s\u00fbr entraid\u00e9s<br>le bivouac sera install\u00e9<br><br>Un hamac avec toile pos\u00e9s<br>par terre deux couches sont ancr\u00e9es<br>dont une moustiquaire est pos\u00e9e<br><br>l\u2019habitu\u00e9 des bivouaqu\u00e9es<br>\u00e0 m\u00eame le sol a d\u00e9cid\u00e9<br>pour toute la nuit s\u2019y reposer<\/p>\n\n\n\n<figure class=\"wp-block-image size-medium\"><img loading=\"lazy\" decoding=\"async\" width=\"300\" height=\"225\" src=\"https:\/\/cas-jura.ch\/wordpress\/wp-content\/uploads\/2022\/08\/IMG_7337-300x225.jpg\" alt=\"\" class=\"wp-image-2247\" srcset=\"https:\/\/cas-jura.ch\/wordpress\/wp-content\/uploads\/2022\/08\/IMG_7337-300x225.jpg 300w, https:\/\/cas-jura.ch\/wordpress\/wp-content\/uploads\/2022\/08\/IMG_7337-1024x768.jpg 1024w, https:\/\/cas-jura.ch\/wordpress\/wp-content\/uploads\/2022\/08\/IMG_7337-768x576.jpg 768w, https:\/\/cas-jura.ch\/wordpress\/wp-content\/uploads\/2022\/08\/IMG_7337-1536x1152.jpg 1536w, https:\/\/cas-jura.ch\/wordpress\/wp-content\/uploads\/2022\/08\/IMG_7337-2048x1536.jpg 2048w\" sizes=\"auto, (max-width: 300px) 100vw, 300px\" \/><\/figure>\n\n\n\n<p>Ap\u00e9ro bien m\u00e9rit\u00e9<br>une Lyrna bien appliqu\u00e9e<br>un feu est allum\u00e9<\/p>\n\n\n\n<figure class=\"wp-block-image size-medium\"><img loading=\"lazy\" decoding=\"async\" width=\"225\" height=\"300\" src=\"https:\/\/cas-jura.ch\/wordpress\/wp-content\/uploads\/2022\/08\/IMG_7342-225x300.jpg\" alt=\"\" class=\"wp-image-2246\" srcset=\"https:\/\/cas-jura.ch\/wordpress\/wp-content\/uploads\/2022\/08\/IMG_7342-225x300.jpg 225w, https:\/\/cas-jura.ch\/wordpress\/wp-content\/uploads\/2022\/08\/IMG_7342.jpg 768w\" sizes=\"auto, (max-width: 225px) 100vw, 225px\" \/><\/figure>\n\n\n\n<p><br>Un tr\u00e8s bon repas concoct\u00e9<br>par notre lutin tr\u00e8s inspir\u00e9<br>surprise risotto asperg\u00e9<\/p>\n\n\n\n<figure class=\"wp-block-image size-medium\"><img loading=\"lazy\" decoding=\"async\" width=\"300\" height=\"225\" src=\"https:\/\/cas-jura.ch\/wordpress\/wp-content\/uploads\/2022\/08\/IMG_7340-300x225.jpg\" alt=\"\" class=\"wp-image-2245\" srcset=\"https:\/\/cas-jura.ch\/wordpress\/wp-content\/uploads\/2022\/08\/IMG_7340-300x225.jpg 300w, https:\/\/cas-jura.ch\/wordpress\/wp-content\/uploads\/2022\/08\/IMG_7340-768x576.jpg 768w, https:\/\/cas-jura.ch\/wordpress\/wp-content\/uploads\/2022\/08\/IMG_7340.jpg 1024w\" sizes=\"auto, (max-width: 300px) 100vw, 300px\" \/><\/figure>\n\n\n\n<p><br>La nuit arrive sommes couch\u00e9s<br>cependant les oreilles alert\u00e9es<br>par la vie et les bruits forestiers<br><br>Lumi\u00e8re entre la canop\u00e9e<br>de froid et magie envelopp\u00e9es<br>pour les f\u00e9es nuit blanche assur\u00e9e<br><br>T\u00f4t le matin bien \u00e9veill\u00e9es<br>le feu \u00e0 nouveau allum\u00e9<br>et ronflements juste \u00e0 c\u00f4t\u00e9<br><br>Le meneur enfin s\u2019est lev\u00e9<br>il a \u00e9t\u00e9 fort de constater<br>qu\u2019habits chauds pas utilis\u00e9s<br><br>Et qu\u2019utiles ils auraient \u00e9t\u00e9<br>aux frileuses de la nuit pass\u00e9e<br>ben ma foi tant pis pas pens\u00e9<br><br>Un incroyable bon d\u00e9jeuner<br>de vrais express r\u00e9alis\u00e9s<br>par le grand chef de l\u2019\u00e9quip\u00e9e<br><br>Feu \u00e9teint bivouac remball\u00e9<br>trois heures de marche sont programm\u00e9es<br>en route de l\u2019entrain matinier<br><br>Dans la journ\u00e9e se s\u00e9parer<br>mais pas avant de d\u00e9briefer<br>de notre bivouac dans un caf\u00e9<br><br>Merveilleuse exp\u00e9rience \u00e0 faire absolument, merci \u00e0 Xavier<\/p>\n\n\n\n<p class=\"has-text-align-left\">Sandrine<\/p>\n\n\n\n<div class=\"wp-block-columns is-layout-flex wp-container-core-columns-is-layout-9d6595d7 wp-block-columns-is-layout-flex\">\n<div class=\"wp-block-column is-layout-flow wp-block-column-is-layout-flow\" style=\"flex-basis:100%\">\n<div class=\"wp-block-columns is-layout-flex wp-container-core-columns-is-layout-9d6595d7 wp-block-columns-is-layout-flex\">\n<div class=\"wp-block-column is-layout-flow wp-block-column-is-layout-flow\" style=\"flex-basis:100%\"><\/div>\n<\/div>\n<\/div>\n<\/div>\n","protected":false},"excerpt":{"rendered":"<p>Xavier, Aline, Carine, Sandrine Trois f\u00e9es Flora \u00e0 initierpour notre guide de la journ\u00e9eun bivouac il est d\u00e9cid\u00e9 A Porrentruy sommes retrouv\u00e9sdu mat\u00e9riel encore charg\u00e9dans &#8230;<\/p>\n","protected":false},"author":975904,"featured_media":2244,"comment_status":"closed","ping_status":"closed","sticky":false,"template":"","format":"standard","meta":{"_jetpack_memberships_contains_paid_content":false,"footnotes":""},"categories":[28,22],"tags":[],"class_list":["post-2243","post","type-post","status-publish","format-standard","has-post-thumbnail","hentry","category-course","category-recits-de-courses"],"jetpack_featured_media_url":"https:\/\/cas-jura.ch\/wordpress\/wp-content\/uploads\/2022\/08\/imgavantRICK0240.jpg","jetpack_sharing_enabled":true,"_links":{"self":[{"href":"https:\/\/cas-jura.ch\/index.php?rest_route=\/wp\/v2\/posts\/2243","targetHints":{"allow":["GET"]}}],"collection":[{"href":"https:\/\/cas-jura.ch\/index.php?rest_route=\/wp\/v2\/posts"}],"about":[{"href":"https:\/\/cas-jura.ch\/index.php?rest_route=\/wp\/v2\/types\/post"}],"author":[{"embeddable":true,"href":"https:\/\/cas-jura.ch\/index.php?rest_route=\/wp\/v2\/users\/975904"}],"replies":[{"embeddable":true,"href":"https:\/\/cas-jura.ch\/index.php?rest_route=%2Fwp%2Fv2%2Fcomments&post=2243"}],"version-history":[{"count":4,"href":"https:\/\/cas-jura.ch\/index.php?rest_route=\/wp\/v2\/posts\/2243\/revisions"}],"predecessor-version":[{"id":2255,"href":"https:\/\/cas-jura.ch\/index.php?rest_route=\/wp\/v2\/posts\/2243\/revisions\/2255"}],"wp:featuredmedia":[{"embeddable":true,"href":"https:\/\/cas-jura.ch\/index.php?rest_route=\/wp\/v2\/media\/2244"}],"wp:attachment":[{"href":"https:\/\/cas-jura.ch\/index.php?rest_route=%2Fwp%2Fv2%2Fmedia&parent=2243"}],"wp:term":[{"taxonomy":"category","embeddable":true,"href":"https:\/\/cas-jura.ch\/index.php?rest_route=%2Fwp%2Fv2%2Fcategories&post=2243"},{"taxonomy":"post_tag","embeddable":true,"href":"https:\/\/cas-jura.ch\/index.php?rest_route=%2Fwp%2Fv2%2Ftags&post=2243"}],"curies":[{"name":"wp","href":"https:\/\/api.w.org\/{rel}","templated":true}]}}