{"id":2256,"date":"2022-08-31T07:06:18","date_gmt":"2022-08-31T05:06:18","guid":{"rendered":"https:\/\/cas-jura.ch\/?p=2256"},"modified":"2022-10-08T08:59:17","modified_gmt":"2022-10-08T06:59:17","slug":"cinema-la-liste-2","status":"publish","type":"post","link":"https:\/\/cas-jura.ch\/?p=2256","title":{"rendered":"Cin\u00e9ma : La Liste 2"},"content":{"rendered":"\n<p>En collaboration avec le FIFAD et Cin\u00e9majoie, le CAS Jura vous propose <a href=\"https:\/\/cinemajoie.ch\/events\/la-liste-2-tout-ou-rien\/\">La Liste 2<\/a>, \u00e0 Cin\u00e9majoie le 29 septembre \u00e0 20h00.<\/p>\n\n\n\n<figure class=\"wp-block-image size-large\"><img loading=\"lazy\" decoding=\"async\" width=\"819\" height=\"1024\" src=\"https:\/\/cas-jura.ch\/wordpress\/wp-content\/uploads\/2022\/08\/laListe2-819x1024.jpeg\" alt=\"\" class=\"wp-image-2257\" srcset=\"https:\/\/cas-jura.ch\/wordpress\/wp-content\/uploads\/2022\/08\/laListe2-819x1024.jpeg 819w, https:\/\/cas-jura.ch\/wordpress\/wp-content\/uploads\/2022\/08\/laListe2-240x300.jpeg 240w, https:\/\/cas-jura.ch\/wordpress\/wp-content\/uploads\/2022\/08\/laListe2-768x960.jpeg 768w, https:\/\/cas-jura.ch\/wordpress\/wp-content\/uploads\/2022\/08\/laListe2.jpeg 1080w\" sizes=\"auto, (max-width: 819px) 100vw, 819px\" \/><\/figure>\n","protected":false},"excerpt":{"rendered":"<p>En collaboration avec le FIFAD et Cin\u00e9majoie, le CAS Jura vous propose La Liste 2, \u00e0 Cin\u00e9majoie le 29 septembre \u00e0 20h00.<\/p>\n","protected":false},"author":975901,"featured_media":2260,"comment_status":"closed","ping_status":"closed","sticky":false,"template":"","format":"standard","meta":{"_jetpack_memberships_contains_paid_content":false,"footnotes":""},"categories":[1],"tags":[],"class_list":["post-2256","post","type-post","status-publish","format-standard","has-post-thumbnail","hentry","category-uncategorized"],"jetpack_featured_media_url":"https:\/\/cas-jura.ch\/wordpress\/wp-content\/uploads\/2022\/08\/laListe2Horiz.jpg","jetpack_sharing_enabled":true,"_links":{"self":[{"href":"https:\/\/cas-jura.ch\/index.php?rest_route=\/wp\/v2\/posts\/2256","targetHints":{"allow":["GET"]}}],"collection":[{"href":"https:\/\/cas-jura.ch\/index.php?rest_route=\/wp\/v2\/posts"}],"about":[{"href":"https:\/\/cas-jura.ch\/index.php?rest_route=\/wp\/v2\/types\/post"}],"author":[{"embeddable":true,"href":"https:\/\/cas-jura.ch\/index.php?rest_route=\/wp\/v2\/users\/975901"}],"replies":[{"embeddable":true,"href":"https:\/\/cas-jura.ch\/index.php?rest_route=%2Fwp%2Fv2%2Fcomments&post=2256"}],"version-history":[{"count":1,"href":"https:\/\/cas-jura.ch\/index.php?rest_route=\/wp\/v2\/posts\/2256\/revisions"}],"predecessor-version":[{"id":2259,"href":"https:\/\/cas-jura.ch\/index.php?rest_route=\/wp\/v2\/posts\/2256\/revisions\/2259"}],"wp:featuredmedia":[{"embeddable":true,"href":"https:\/\/cas-jura.ch\/index.php?rest_route=\/wp\/v2\/media\/2260"}],"wp:attachment":[{"href":"https:\/\/cas-jura.ch\/index.php?rest_route=%2Fwp%2Fv2%2Fmedia&parent=2256"}],"wp:term":[{"taxonomy":"category","embeddable":true,"href":"https:\/\/cas-jura.ch\/index.php?rest_route=%2Fwp%2Fv2%2Fcategories&post=2256"},{"taxonomy":"post_tag","embeddable":true,"href":"https:\/\/cas-jura.ch\/index.php?rest_route=%2Fwp%2Fv2%2Ftags&post=2256"}],"curies":[{"name":"wp","href":"https:\/\/api.w.org\/{rel}","templated":true}]}}