{"id":2265,"date":"2022-09-04T14:47:33","date_gmt":"2022-09-04T12:47:33","guid":{"rendered":"https:\/\/cas-jura.ch\/?p=2265"},"modified":"2022-09-04T14:47:33","modified_gmt":"2022-09-04T12:47:33","slug":"weekend-ski-de-randonnee-dans-le-chalet-de-ma-cousine-carole","status":"publish","type":"post","link":"https:\/\/cas-jura.ch\/?p=2265","title":{"rendered":"Weekend ski de randonn\u00e9e dans le \u00ab Chalet de ma cousine Carole \u00bb"},"content":{"rendered":"\n<ul class=\"wp-block-list\"><li>Lieu : Au sud du village de Sembrancher<\/li><li>Date : weekend du 26-27 mars 2022<\/li><li>Participants : Sandrine, Alain Piquerez, C\u00e9dric Gigon, Xavier B\u00e9dat et Rapha\u00ebl Seuret<\/li><\/ul>\n\n\n\n<p>Le chalet de ma cousine Carole, qui est jurassienne d&rsquo;origine, se trouve entre Martigny et Champex \u00e0 900m d\u2019altitude. Il se situe non loin des portes du glacier du Trient. L\u2019id\u00e9e de la sortie de ce weekend est de refaire deux petits sommets que j\u2019ai r\u00e9alis\u00e9s l\u2019hiver pass\u00e9 : Le \u00ab\u00a0G\u00e9n\u00e9pi\u00a0\u00bb qui surplombe le massif de Chamonix et \u00ab\u00a0Pointe ronde\u00a0\u00bb qui domine la vall\u00e9e du Rh\u00f4ne.<\/p>\n\n\n\n<figure class=\"wp-block-image size-large\"><img loading=\"lazy\" decoding=\"async\" width=\"768\" height=\"1024\" src=\"https:\/\/cas-jura.ch\/wordpress\/wp-content\/uploads\/2022\/09\/raph3-768x1024.jpg\" alt=\"\" class=\"wp-image-2268\" srcset=\"https:\/\/cas-jura.ch\/wordpress\/wp-content\/uploads\/2022\/09\/raph3-768x1024.jpg 768w, https:\/\/cas-jura.ch\/wordpress\/wp-content\/uploads\/2022\/09\/raph3-225x300.jpg 225w, https:\/\/cas-jura.ch\/wordpress\/wp-content\/uploads\/2022\/09\/raph3-1152x1536.jpg 1152w, https:\/\/cas-jura.ch\/wordpress\/wp-content\/uploads\/2022\/09\/raph3-1536x2048.jpg 1536w, https:\/\/cas-jura.ch\/wordpress\/wp-content\/uploads\/2022\/09\/raph3-scaled.jpg 1920w\" sizes=\"auto, (max-width: 768px) 100vw, 768px\" \/><\/figure>\n\n\n\n<p>On se retrouve vendredi en milieu d\u2019apr\u00e8s-midi avec Sandrine et Xavier du c\u00f4t\u00e9 de Martigny pour faire les commissions du weekend, puis d\u00e9part direction Grand Saint-Bernard pour le Chalet de ma cousine. J\u2019avais d\u00e9j\u00e0 fait une reconnaissance des lieux la semaine pr\u00e9c\u00e9dente pour constater les conditions de neige et le chalet \u00e9tait joignable en voiture. Une fois sur place sur place, on organise le chalet : installation des chambres, mise en place des commissions et le feu commence de cr\u00e9piter dans le po\u00eale du salon\u2026 il ne manque rien pour passer un weekend des plus agr\u00e9able. C\u00e9dric fait le voyage avec Alain depuis les Reussilles et nous rejoignent en d\u00e9but de soir\u00e9e pour l\u2019ap\u00e9ro que nous prenons dehors sur la terrasse. Au menu du soir \u00ab P\u00e2tes du chalet \u00e0 la fa\u00e7on Xa \u00bb. Tout en prenant le caf\u00e9, je pr\u00e9sente l\u2019excursion de demain : \u00ab Le G\u00e9n\u00e9pi \u00bb.<\/p>\n\n\n\n<p>Nous nous levons le samedi vers les 7h30, nous prenons un d\u00e9jeuner copieux et pr\u00e9paration nos affaires pour la course. Xa et Sandrine d\u00e9cident d\u2019aller skier du c\u00f4t\u00e9 d\u2019Orsi\u00e8re car ils ne sont pas en super forme. Les trois autres personnes, Alain, C\u00e9dric et moi-m\u00eame prenons la voiture afin de poursuivre la mont\u00e9e qui longe le chalet et ainsi gagner un peu de temps sur la randonn\u00e9e de la journ\u00e9e. La premi\u00e8re partie de l\u2019ascension se fait avec les skis sur le sac, puis apr\u00e8s 300m de d\u00e9nivel\u00e9, nous continuons avec les skis aux pieds. Un magnifique soleil est de la partie et il fait d\u00e9j\u00e0 bien chaud. Apr\u00e8s trois heures de mont\u00e9e, on trouve une petite place pour prendre le repas de midi : la vue est magique sur les montagnes environnantes des \u00ab Dents du midi \u00bb. On repart pour la suite de l\u2019excursion en gravitant une pente bien raide sans danger pour le risque d\u2019avalanche. Les traces nous m\u00e8nent sur un petit plateau o\u00f9 l\u2019on devine au loin le sommet du G\u00e9n\u00e9pi. Plusieurs coul\u00e9es de neige recouvrent les traces du parcours qui nous m\u00e8nent au sommet. Apr\u00e8s une petite pose et discussion, je propose aux participants de ne pas continuer notre route : le danger d\u2019avalanche est bien marqu\u00e9 sur les versants sud et je ne veux pas prendre de risque. On aurait peut-\u00eatre d\u00fb partir plus t\u00f4t dans la matin\u00e9e. La descente est tr\u00e8s facile, on glisse sur une bonne neige de printemps, id\u00e9ale pour skier.<\/p>\n\n\n\n<figure class=\"wp-block-image size-large\"><img loading=\"lazy\" decoding=\"async\" width=\"1024\" height=\"768\" src=\"https:\/\/cas-jura.ch\/wordpress\/wp-content\/uploads\/2022\/09\/raph2-1024x768.jpg\" alt=\"\" class=\"wp-image-2266\" srcset=\"https:\/\/cas-jura.ch\/wordpress\/wp-content\/uploads\/2022\/09\/raph2-1024x768.jpg 1024w, https:\/\/cas-jura.ch\/wordpress\/wp-content\/uploads\/2022\/09\/raph2-300x225.jpg 300w, https:\/\/cas-jura.ch\/wordpress\/wp-content\/uploads\/2022\/09\/raph2-768x576.jpg 768w, https:\/\/cas-jura.ch\/wordpress\/wp-content\/uploads\/2022\/09\/raph2-1536x1152.jpg 1536w, https:\/\/cas-jura.ch\/wordpress\/wp-content\/uploads\/2022\/09\/raph2-2048x1536.jpg 2048w\" sizes=\"auto, (max-width: 1024px) 100vw, 1024px\" \/><\/figure>\n\n\n\n<p>De retour au chalet, Xa et Sandrine nous pr\u00e9parent l\u2019ap\u00e9ro. Au menu du soir : pizzas au feu de bois\u2026 la grande classe !<\/p>\n\n\n\n<p>Pour le deuxi\u00e8me jour, Xa qui n&rsquo;\u00e9tait toujours pas en forme, d\u00e9cide de nous conduire en bus au m\u00eame point de d\u00e9part que le jour pr\u00e9c\u00e9dent. On commence la course avec un itin\u00e9raire identique \u00e0 celui du \u00ab\u00a0G\u00e9n\u00e9pi\u00a0\u00bb, Sandrine nous accompagne au d\u00e9but de la randonn\u00e9e et rebrousse chemin dans les hauteurs de \u00ab Bovine \u00bb. Les trois personnes restantes prennent la direction de l&rsquo;ouest qui suit les cr\u00eates. Le sommet de \u00ab Pointe Ronde \u00bb est atteint dans le d\u00e9but d\u2019apr\u00e8s-midi. Un magnifique panorama s\u2019offre \u00e0 nous : le Mont-Blanc, le G\u00e9n\u00e9pi et une vue plongeante sur la vall\u00e9e du Rh\u00f4ne. La neige est identique au jour pr\u00e9c\u00e9dent, molle juste comme il faut sur les 20 premiers centim\u00e8tres : un vrai bonheur de descendre ces montagnes encore toutes blanches qui surplombent Martigny. Quel plaisir de skier dans de la pure neige vierge\u2026 nos belles traces de skis sur un fond de coucher de soleil !<\/p>\n\n\n\n<figure class=\"wp-block-image size-large\"><img loading=\"lazy\" decoding=\"async\" width=\"1024\" height=\"768\" src=\"https:\/\/cas-jura.ch\/wordpress\/wp-content\/uploads\/2022\/09\/raph1-1024x768.jpg\" alt=\"\" class=\"wp-image-2267\" srcset=\"https:\/\/cas-jura.ch\/wordpress\/wp-content\/uploads\/2022\/09\/raph1-1024x768.jpg 1024w, https:\/\/cas-jura.ch\/wordpress\/wp-content\/uploads\/2022\/09\/raph1-300x225.jpg 300w, https:\/\/cas-jura.ch\/wordpress\/wp-content\/uploads\/2022\/09\/raph1-768x576.jpg 768w, https:\/\/cas-jura.ch\/wordpress\/wp-content\/uploads\/2022\/09\/raph1-1536x1152.jpg 1536w, https:\/\/cas-jura.ch\/wordpress\/wp-content\/uploads\/2022\/09\/raph1-2048x1536.jpg 2048w\" sizes=\"auto, (max-width: 1024px) 100vw, 1024px\" \/><\/figure>\n\n\n\n<p>Retour dans nos chaumi\u00e8res respectives et des images plein la t\u00eate avec les splendides couleurs des montagnes du glacier du Trient. Super bonne ambiance dans le chalet de ma cousine Carole, en compagnie d&rsquo;une \u00e9quipe formidable\u2026 \u00e0 refaire l\u2019ann\u00e9e prochaine !<\/p>\n\n\n\n<p>Raph<\/p>\n","protected":false},"excerpt":{"rendered":"<p>Lieu : Au sud du village de Sembrancher Date : weekend du 26-27 mars 2022 Participants : Sandrine, Alain Piquerez, C\u00e9dric Gigon, Xavier B\u00e9dat et &#8230;<\/p>\n","protected":false},"author":975901,"featured_media":2270,"comment_status":"closed","ping_status":"closed","sticky":false,"template":"","format":"standard","meta":{"_jetpack_memberships_contains_paid_content":false,"footnotes":""},"categories":[22],"tags":[],"class_list":["post-2265","post","type-post","status-publish","format-standard","has-post-thumbnail","hentry","category-recits-de-courses"],"jetpack_featured_media_url":"https:\/\/cas-jura.ch\/wordpress\/wp-content\/uploads\/2022\/09\/raphavant-scaled.jpg","jetpack_sharing_enabled":true,"_links":{"self":[{"href":"https:\/\/cas-jura.ch\/index.php?rest_route=\/wp\/v2\/posts\/2265","targetHints":{"allow":["GET"]}}],"collection":[{"href":"https:\/\/cas-jura.ch\/index.php?rest_route=\/wp\/v2\/posts"}],"about":[{"href":"https:\/\/cas-jura.ch\/index.php?rest_route=\/wp\/v2\/types\/post"}],"author":[{"embeddable":true,"href":"https:\/\/cas-jura.ch\/index.php?rest_route=\/wp\/v2\/users\/975901"}],"replies":[{"embeddable":true,"href":"https:\/\/cas-jura.ch\/index.php?rest_route=%2Fwp%2Fv2%2Fcomments&post=2265"}],"version-history":[{"count":1,"href":"https:\/\/cas-jura.ch\/index.php?rest_route=\/wp\/v2\/posts\/2265\/revisions"}],"predecessor-version":[{"id":2269,"href":"https:\/\/cas-jura.ch\/index.php?rest_route=\/wp\/v2\/posts\/2265\/revisions\/2269"}],"wp:featuredmedia":[{"embeddable":true,"href":"https:\/\/cas-jura.ch\/index.php?rest_route=\/wp\/v2\/media\/2270"}],"wp:attachment":[{"href":"https:\/\/cas-jura.ch\/index.php?rest_route=%2Fwp%2Fv2%2Fmedia&parent=2265"}],"wp:term":[{"taxonomy":"category","embeddable":true,"href":"https:\/\/cas-jura.ch\/index.php?rest_route=%2Fwp%2Fv2%2Fcategories&post=2265"},{"taxonomy":"post_tag","embeddable":true,"href":"https:\/\/cas-jura.ch\/index.php?rest_route=%2Fwp%2Fv2%2Ftags&post=2265"}],"curies":[{"name":"wp","href":"https:\/\/api.w.org\/{rel}","templated":true}]}}