{"id":2274,"date":"2022-09-28T09:25:11","date_gmt":"2022-09-28T07:25:11","guid":{"rendered":"https:\/\/cas-jura.ch\/?p=2274"},"modified":"2022-09-28T09:25:31","modified_gmt":"2022-09-28T07:25:31","slug":"rando-a-wasserfallen-jeudi-23-juin","status":"publish","type":"post","link":"https:\/\/cas-jura.ch\/?p=2274","title":{"rendered":"Rando \u00e0 Wasserfallen &#8211; Jeudi 23 juin"},"content":{"rendered":"\n<ul class=\"wp-block-list\"><li>Participants :  13<\/li><li>Chef de course Ernest-Andr\u00e9 Farine<\/li><li>12 km + 950 -950<\/li><\/ul>\n\n\n\n<p>Apr\u00e8s un covoiturage de Courgenay 9 pers -Bassecourt 2 pers -Soyhi\u00e8res 2 pers nous arrivons \u00e0 Reigoldswil (entre Laufon et Liesthal).<br>Un groupe de 10 randonneurs attaque la mont\u00e9e vers Vogelberg ou nous retrouvons le deuxi\u00e8me groupe mont\u00e9 en cabine pour \u00e9viter les 450 m\u00e8tres de d\u00e9nivel\u00e9.<br>La temp\u00e9rature est tr\u00e8s agr\u00e9able, nous traversons for\u00eats et alpages ou nous d\u00e9couvrons \u00e0 chaque ouverture un magnifique paysage sur B\u00e2le campagne.<br>Nous arrivons au point culminant de notre rando le Vogelberg. Notre effort est largement r\u00e9compens\u00e9 car nous avons une magnifique vue \u00e0 360 degr\u00e9s, au sud devant nous le parc naturel Thal r\u00e9gion de Soleure et dans la brume au loin la cha\u00eene des alpes ,au nord Les Vosges -B\u00e2le- Mulhouse et plus \u00e0 l\u2019est La For\u00eat Noire. Nous continuons sur toute la cr\u00eate \u00e0 la recherche d\u2019un endroit sympa pour notre pique-nique ( l\u2019endroit initialement pr\u00e9vu \u00e9tant occup\u00e9 par des courses d\u2019\u00e9cole) Enfin nous trouvons un endroit bien ombrag\u00e9. Apr\u00e8s le repas la parole est donn\u00e9e \u00e0 Carine pour nous faire un petit rappel sur l\u2019ouverture de la cabane DES ORDONS avec les propositions des menus \u2026..Carine est tr\u00e8s convaincante\u2026.promis nous seront pr\u00e9sents. Au tour de notre ami Joseph de nous pr\u00e9senter la semaine clubistique RMM et RMM light 2023 dans la r\u00e9gion de Schwyz. Le programme est tr\u00e8s plaisant et nous sommes pour la plupart partants.<br>Apr\u00e8s notre repas nous voil\u00e0 reparti sur un magnifique sentier en for\u00eat en direction de Wasserfallen d\u00e9part des cabines pour Reigodswil. Un groupe va descendre en t\u00e9l\u00e9cabines un autre en trottinettes et deux groupes \u00e0 pied par deux sentiers diff\u00e9rents.<br>Nous nous retrouvons au parking, aucun bless\u00e9 n\u2019est annonc\u00e9 ( c\u2019\u00e9tait le souci du CG surtout avec les cascadeurs en trottinettes)<br>Ouverture d\u2019un coffre \u2026..surprise les bi\u00e8res sont encore fra\u00eeches OHHHHHH SANTE\u2026\u2026..<\/p>\n\n\n\n<p class=\"has-text-align-right\">Un randonneur<\/p>\n\n\n\n<figure class=\"wp-block-image size-large\"><img loading=\"lazy\" decoding=\"async\" width=\"1024\" height=\"768\" src=\"https:\/\/cas-jura.ch\/wordpress\/wp-content\/uploads\/2022\/09\/IMG_9946-1024x768.jpg\" alt=\"\" class=\"wp-image-2276\" srcset=\"https:\/\/cas-jura.ch\/wordpress\/wp-content\/uploads\/2022\/09\/IMG_9946-1024x768.jpg 1024w, https:\/\/cas-jura.ch\/wordpress\/wp-content\/uploads\/2022\/09\/IMG_9946-300x225.jpg 300w, https:\/\/cas-jura.ch\/wordpress\/wp-content\/uploads\/2022\/09\/IMG_9946-768x576.jpg 768w, https:\/\/cas-jura.ch\/wordpress\/wp-content\/uploads\/2022\/09\/IMG_9946-1536x1152.jpg 1536w, https:\/\/cas-jura.ch\/wordpress\/wp-content\/uploads\/2022\/09\/IMG_9946-rotated.jpg 2016w\" sizes=\"auto, (max-width: 1024px) 100vw, 1024px\" \/><\/figure>\n","protected":false},"excerpt":{"rendered":"<p>Participants : 13 Chef de course Ernest-Andr\u00e9 Farine 12 km + 950 -950 Apr\u00e8s un covoiturage de Courgenay 9 pers -Bassecourt 2 pers -Soyhi\u00e8res 2 &#8230;<\/p>\n","protected":false},"author":975901,"featured_media":2275,"comment_status":"closed","ping_status":"closed","sticky":false,"template":"","format":"standard","meta":{"_jetpack_memberships_contains_paid_content":false,"footnotes":""},"categories":[22,1],"tags":[],"class_list":["post-2274","post","type-post","status-publish","format-standard","has-post-thumbnail","hentry","category-recits-de-courses","category-uncategorized"],"jetpack_featured_media_url":"https:\/\/cas-jura.ch\/wordpress\/wp-content\/uploads\/2022\/09\/IMG_99462.jpg","jetpack_sharing_enabled":true,"_links":{"self":[{"href":"https:\/\/cas-jura.ch\/index.php?rest_route=\/wp\/v2\/posts\/2274","targetHints":{"allow":["GET"]}}],"collection":[{"href":"https:\/\/cas-jura.ch\/index.php?rest_route=\/wp\/v2\/posts"}],"about":[{"href":"https:\/\/cas-jura.ch\/index.php?rest_route=\/wp\/v2\/types\/post"}],"author":[{"embeddable":true,"href":"https:\/\/cas-jura.ch\/index.php?rest_route=\/wp\/v2\/users\/975901"}],"replies":[{"embeddable":true,"href":"https:\/\/cas-jura.ch\/index.php?rest_route=%2Fwp%2Fv2%2Fcomments&post=2274"}],"version-history":[{"count":1,"href":"https:\/\/cas-jura.ch\/index.php?rest_route=\/wp\/v2\/posts\/2274\/revisions"}],"predecessor-version":[{"id":2277,"href":"https:\/\/cas-jura.ch\/index.php?rest_route=\/wp\/v2\/posts\/2274\/revisions\/2277"}],"wp:featuredmedia":[{"embeddable":true,"href":"https:\/\/cas-jura.ch\/index.php?rest_route=\/wp\/v2\/media\/2275"}],"wp:attachment":[{"href":"https:\/\/cas-jura.ch\/index.php?rest_route=%2Fwp%2Fv2%2Fmedia&parent=2274"}],"wp:term":[{"taxonomy":"category","embeddable":true,"href":"https:\/\/cas-jura.ch\/index.php?rest_route=%2Fwp%2Fv2%2Fcategories&post=2274"},{"taxonomy":"post_tag","embeddable":true,"href":"https:\/\/cas-jura.ch\/index.php?rest_route=%2Fwp%2Fv2%2Ftags&post=2274"}],"curies":[{"name":"wp","href":"https:\/\/api.w.org\/{rel}","templated":true}]}}