{"id":2286,"date":"2022-10-22T08:00:46","date_gmt":"2022-10-22T06:00:46","guid":{"rendered":"https:\/\/cas-jura.ch\/?p=2286"},"modified":"2022-10-22T08:00:46","modified_gmt":"2022-10-22T06:00:46","slug":"cleanup-day-2022","status":"publish","type":"post","link":"https:\/\/cas-jura.ch\/?p=2286","title":{"rendered":"Cleanup day 2022"},"content":{"rendered":"\n<p>Samedi 17 septembre, 10 de nos membres, jeunes et moins jeunes se sont retrouv\u00e9s sur les hauteurs de Villars-sur-Fontenais en d\u00e9but de matin\u00e9e. Objectif du jour, nettoyer le secteur Nord du lieu-dit \u00ab\u00a0Les \u00e9chelles de la mort\u00a0\u00bb situ\u00e9 en dessous des voies d\u2019escalade de Calabri.<\/p>\n\n\n\n<figure class=\"wp-block-image size-large is-resized\"><img loading=\"lazy\" decoding=\"async\" src=\"https:\/\/cas-jura.ch\/wordpress\/wp-content\/uploads\/2022\/10\/LVTJ6511-1024x1024.jpg\" alt=\"\" class=\"wp-image-2289\" width=\"512\" height=\"512\" srcset=\"https:\/\/cas-jura.ch\/wordpress\/wp-content\/uploads\/2022\/10\/LVTJ6511.jpg 1024w, https:\/\/cas-jura.ch\/wordpress\/wp-content\/uploads\/2022\/10\/LVTJ6511-300x300.jpg 300w, https:\/\/cas-jura.ch\/wordpress\/wp-content\/uploads\/2022\/10\/LVTJ6511-150x150.jpg 150w, https:\/\/cas-jura.ch\/wordpress\/wp-content\/uploads\/2022\/10\/LVTJ6511-768x768.jpg 768w\" sizes=\"auto, (max-width: 512px) 100vw, 512px\" \/><\/figure>\n\n\n\n<p><br>Bott\u00e9s et gant\u00e9s, parfois aid\u00e9s de cordes fixes, les participants n\u2019ont pas h\u00e9sit\u00e9 \u00e0 sillonner les talus parfois tr\u00e8s raides. Une grande quantit\u00e9 de d\u00e9chets de toutes sortes ont ainsi pu \u00eatre remont\u00e9s et d\u00e9pos\u00e9s dans la remorque gracieusement mise \u00e0 disposition par la commune de Fontenais.<br>Au terme de la matin\u00e9e, le site nettoy\u00e9 avait retrouv\u00e9 son apparence naturelle pour le plus grand plaisir et la fiert\u00e9 des participants.<\/p>\n\n\n\n<figure class=\"wp-block-image size-full is-resized\"><img loading=\"lazy\" decoding=\"async\" src=\"https:\/\/cas-jura.ch\/wordpress\/wp-content\/uploads\/2022\/10\/YBZK3407.jpg\" alt=\"\" class=\"wp-image-2290\" width=\"512\" height=\"384\" srcset=\"https:\/\/cas-jura.ch\/wordpress\/wp-content\/uploads\/2022\/10\/YBZK3407.jpg 1024w, https:\/\/cas-jura.ch\/wordpress\/wp-content\/uploads\/2022\/10\/YBZK3407-300x225.jpg 300w, https:\/\/cas-jura.ch\/wordpress\/wp-content\/uploads\/2022\/10\/YBZK3407-768x576.jpg 768w\" sizes=\"auto, (max-width: 512px) 100vw, 512px\" \/><\/figure>\n\n\n\n<p><br>Bilan tr\u00e8s positif pour cette journ\u00e9e Cleanup conviviale et efficace.<br>Merci \u00e0 toute l\u2019\u00e9quipe de \u00ab\u00a0Cleaners\u00a0\u00bb pour son engagement, \u00e0 la commune de Fontenais pour sa coop\u00e9ration et au CAS central pour l\u2019indemnisation de cette journ\u00e9e (CHF 25.00 par participant).<br>Rendez-vous le 16 septembre 2023 pour une prochaine journ\u00e9e de nettoyage.<\/p>\n\n\n\n<figure class=\"wp-block-image size-large\"><img loading=\"lazy\" decoding=\"async\" width=\"768\" height=\"1024\" src=\"https:\/\/cas-jura.ch\/wordpress\/wp-content\/uploads\/2022\/10\/Photo-cleanup-768x1024.jpg\" alt=\"\" class=\"wp-image-2288\" srcset=\"https:\/\/cas-jura.ch\/wordpress\/wp-content\/uploads\/2022\/10\/Photo-cleanup-768x1024.jpg 768w, https:\/\/cas-jura.ch\/wordpress\/wp-content\/uploads\/2022\/10\/Photo-cleanup-225x300.jpg 225w, https:\/\/cas-jura.ch\/wordpress\/wp-content\/uploads\/2022\/10\/Photo-cleanup-1152x1536.jpg 1152w, https:\/\/cas-jura.ch\/wordpress\/wp-content\/uploads\/2022\/10\/Photo-cleanup-1536x2048.jpg 1536w, https:\/\/cas-jura.ch\/wordpress\/wp-content\/uploads\/2022\/10\/Photo-cleanup-scaled.jpg 1920w\" sizes=\"auto, (max-width: 768px) 100vw, 768px\" \/><\/figure>\n\n\n\n<p>Xavier<\/p>\n","protected":false},"excerpt":{"rendered":"<p>Samedi 17 septembre, 10 de nos membres, jeunes et moins jeunes se sont retrouv\u00e9s sur les hauteurs de Villars-sur-Fontenais en d\u00e9but de matin\u00e9e. Objectif du &#8230;<\/p>\n","protected":false},"author":975901,"featured_media":2287,"comment_status":"closed","ping_status":"closed","sticky":false,"template":"","format":"standard","meta":{"_jetpack_memberships_contains_paid_content":false,"footnotes":""},"categories":[22],"tags":[],"class_list":["post-2286","post","type-post","status-publish","format-standard","has-post-thumbnail","hentry","category-recits-de-courses"],"jetpack_featured_media_url":"https:\/\/cas-jura.ch\/wordpress\/wp-content\/uploads\/2022\/10\/cud2022.jpg","jetpack_sharing_enabled":true,"_links":{"self":[{"href":"https:\/\/cas-jura.ch\/index.php?rest_route=\/wp\/v2\/posts\/2286","targetHints":{"allow":["GET"]}}],"collection":[{"href":"https:\/\/cas-jura.ch\/index.php?rest_route=\/wp\/v2\/posts"}],"about":[{"href":"https:\/\/cas-jura.ch\/index.php?rest_route=\/wp\/v2\/types\/post"}],"author":[{"embeddable":true,"href":"https:\/\/cas-jura.ch\/index.php?rest_route=\/wp\/v2\/users\/975901"}],"replies":[{"embeddable":true,"href":"https:\/\/cas-jura.ch\/index.php?rest_route=%2Fwp%2Fv2%2Fcomments&post=2286"}],"version-history":[{"count":1,"href":"https:\/\/cas-jura.ch\/index.php?rest_route=\/wp\/v2\/posts\/2286\/revisions"}],"predecessor-version":[{"id":2291,"href":"https:\/\/cas-jura.ch\/index.php?rest_route=\/wp\/v2\/posts\/2286\/revisions\/2291"}],"wp:featuredmedia":[{"embeddable":true,"href":"https:\/\/cas-jura.ch\/index.php?rest_route=\/wp\/v2\/media\/2287"}],"wp:attachment":[{"href":"https:\/\/cas-jura.ch\/index.php?rest_route=%2Fwp%2Fv2%2Fmedia&parent=2286"}],"wp:term":[{"taxonomy":"category","embeddable":true,"href":"https:\/\/cas-jura.ch\/index.php?rest_route=%2Fwp%2Fv2%2Fcategories&post=2286"},{"taxonomy":"post_tag","embeddable":true,"href":"https:\/\/cas-jura.ch\/index.php?rest_route=%2Fwp%2Fv2%2Ftags&post=2286"}],"curies":[{"name":"wp","href":"https:\/\/api.w.org\/{rel}","templated":true}]}}