{"id":2380,"date":"2022-11-10T10:23:42","date_gmt":"2022-11-10T09:23:42","guid":{"rendered":"https:\/\/cas-jura.ch\/?p=2380"},"modified":"2022-11-10T10:23:42","modified_gmt":"2022-11-10T09:23:42","slug":"la-montagne-a-cinemajoie","status":"publish","type":"post","link":"https:\/\/cas-jura.ch\/?p=2380","title":{"rendered":"La montagne \u00e0 Cin\u00e9majoie"},"content":{"rendered":"\n<p>La section Jura du CAS et Cin\u00e9majoie ont le plaisir de vous proposer une nouvelle soir\u00e9e cin\u00e9ma consacr\u00e9e \u00e0 la montagne. Venez assister \u00e0 la projection de \u00ab ANTHAMATTEN : TROIS FR\u00c8RES AU SOMMET \u00bb et de \u00ab VINCENT MUNIER : \u00c9TERNEL \u00c9MERVEILL\u00c9 \u00bb le jeudi 24 novembre \u00e0 20h \u00e0 Cin\u00e9majoie.<\/p>\n\n\n\n<p>Toutes les infos <a rel=\"noreferrer noopener\" href=\"https:\/\/cas-jura.ch\/wordpress\/wp-content\/uploads\/2022\/11\/24-novembre.pdf\" target=\"_blank\">ici<\/a>.<\/p>\n","protected":false},"excerpt":{"rendered":"<p>La section Jura du CAS et Cin\u00e9majoie ont le plaisir de vous proposer une nouvelle soir\u00e9e cin\u00e9ma consacr\u00e9e \u00e0 la montagne. Venez assister \u00e0 la &#8230;<\/p>\n","protected":false},"author":975901,"featured_media":2381,"comment_status":"closed","ping_status":"closed","sticky":false,"template":"","format":"standard","meta":{"_jetpack_memberships_contains_paid_content":false,"footnotes":""},"categories":[3],"tags":[],"class_list":["post-2380","post","type-post","status-publish","format-standard","has-post-thumbnail","hentry","category-communication"],"jetpack_featured_media_url":"https:\/\/cas-jura.ch\/wordpress\/wp-content\/uploads\/2022\/11\/Capture-decran-du-2022-11-10-10-18-34.png","jetpack_sharing_enabled":true,"_links":{"self":[{"href":"https:\/\/cas-jura.ch\/index.php?rest_route=\/wp\/v2\/posts\/2380","targetHints":{"allow":["GET"]}}],"collection":[{"href":"https:\/\/cas-jura.ch\/index.php?rest_route=\/wp\/v2\/posts"}],"about":[{"href":"https:\/\/cas-jura.ch\/index.php?rest_route=\/wp\/v2\/types\/post"}],"author":[{"embeddable":true,"href":"https:\/\/cas-jura.ch\/index.php?rest_route=\/wp\/v2\/users\/975901"}],"replies":[{"embeddable":true,"href":"https:\/\/cas-jura.ch\/index.php?rest_route=%2Fwp%2Fv2%2Fcomments&post=2380"}],"version-history":[{"count":1,"href":"https:\/\/cas-jura.ch\/index.php?rest_route=\/wp\/v2\/posts\/2380\/revisions"}],"predecessor-version":[{"id":2383,"href":"https:\/\/cas-jura.ch\/index.php?rest_route=\/wp\/v2\/posts\/2380\/revisions\/2383"}],"wp:featuredmedia":[{"embeddable":true,"href":"https:\/\/cas-jura.ch\/index.php?rest_route=\/wp\/v2\/media\/2381"}],"wp:attachment":[{"href":"https:\/\/cas-jura.ch\/index.php?rest_route=%2Fwp%2Fv2%2Fmedia&parent=2380"}],"wp:term":[{"taxonomy":"category","embeddable":true,"href":"https:\/\/cas-jura.ch\/index.php?rest_route=%2Fwp%2Fv2%2Fcategories&post=2380"},{"taxonomy":"post_tag","embeddable":true,"href":"https:\/\/cas-jura.ch\/index.php?rest_route=%2Fwp%2Fv2%2Ftags&post=2380"}],"curies":[{"name":"wp","href":"https:\/\/api.w.org\/{rel}","templated":true}]}}