{"id":2484,"date":"2022-12-06T08:24:10","date_gmt":"2022-12-06T07:24:10","guid":{"rendered":"https:\/\/cas-jura.ch\/?p=2484"},"modified":"2022-12-06T08:24:41","modified_gmt":"2022-12-06T07:24:41","slug":"marche-de-st-martin-du-cas-jura-le-5-novembre-2022","status":"publish","type":"post","link":"https:\/\/cas-jura.ch\/?p=2484","title":{"rendered":"Marche de St-Martin du CAS Jura, le 5 novembre 2022"},"content":{"rendered":"\n<p>21 randonneurs ont profit\u00e9 du beau temps pour faire la marche \u00ab Les Malettes \/ Place du R\u00e9giment 9 \/ Sur la Cr\u00eate \/ Montgremay \/ Les Malettes \u00bb conduite par Hubert R. et Maurice R. Outre une magnifique vue sur Cornol et l\u2019Ajoie, les participants ont eu l\u2019occasion d\u2019admirer un chevreuil en pleine course poursuivi par un chien de chasse, journ\u00e9e de chasse oblige. Ce sont ensuite 30 personnes qui ont eu l\u2019occasion de d\u00e9guster un excellent menu de St-Martin, y compris le coup du milieu, les \u00ab striflates \u00bb et une excellente \u00ab choucroute sp\u00e9ciale Club Alpin \u00bb, cuisin\u00e9e par Carine, Corinne et Alain Ott qui y ont mis tout leur savoir et toutes leurs comp\u00e9tences. Toutes les personnes pr\u00e9sentes, y compris Ren\u00e9e S. qui en est \u00e0 sa 38\u00e8me participation !, ont eu un \u00e9norme plaisir et ont d\u00e9j\u00e0 r\u00e9serv\u00e9 le 1er week-end de novembre 2023 pour la prochaine \u00e9dition !<\/p>\n\n\n\n<figure class=\"wp-block-image size-large is-resized\"><img loading=\"lazy\" decoding=\"async\" src=\"https:\/\/cas-jura.ch\/wordpress\/wp-content\/uploads\/2022\/12\/20221105_120741-768x1024.jpg\" alt=\"\" class=\"wp-image-2486\" width=\"576\" height=\"768\" srcset=\"https:\/\/cas-jura.ch\/wordpress\/wp-content\/uploads\/2022\/12\/20221105_120741-768x1024.jpg 768w, https:\/\/cas-jura.ch\/wordpress\/wp-content\/uploads\/2022\/12\/20221105_120741-225x300.jpg 225w, https:\/\/cas-jura.ch\/wordpress\/wp-content\/uploads\/2022\/12\/20221105_120741-1152x1536.jpg 1152w, https:\/\/cas-jura.ch\/wordpress\/wp-content\/uploads\/2022\/12\/20221105_120741-1536x2048.jpg 1536w, https:\/\/cas-jura.ch\/wordpress\/wp-content\/uploads\/2022\/12\/20221105_120741-scaled.jpg 1920w\" sizes=\"auto, (max-width: 576px) 100vw, 576px\" \/><\/figure>\n","protected":false},"excerpt":{"rendered":"<p>21 randonneurs ont profit\u00e9 du beau temps pour faire la marche \u00ab Les Malettes \/ Place du R\u00e9giment 9 \/ Sur la Cr\u00eate \/ Montgremay &#8230;<\/p>\n","protected":false},"author":975901,"featured_media":2485,"comment_status":"closed","ping_status":"closed","sticky":false,"template":"","format":"standard","meta":{"_jetpack_memberships_contains_paid_content":false,"footnotes":""},"categories":[22],"tags":[],"class_list":["post-2484","post","type-post","status-publish","format-standard","has-post-thumbnail","hentry","category-recits-de-courses"],"jetpack_featured_media_url":"https:\/\/cas-jura.ch\/wordpress\/wp-content\/uploads\/2022\/12\/gelee.jpg","jetpack_sharing_enabled":true,"_links":{"self":[{"href":"https:\/\/cas-jura.ch\/index.php?rest_route=\/wp\/v2\/posts\/2484","targetHints":{"allow":["GET"]}}],"collection":[{"href":"https:\/\/cas-jura.ch\/index.php?rest_route=\/wp\/v2\/posts"}],"about":[{"href":"https:\/\/cas-jura.ch\/index.php?rest_route=\/wp\/v2\/types\/post"}],"author":[{"embeddable":true,"href":"https:\/\/cas-jura.ch\/index.php?rest_route=\/wp\/v2\/users\/975901"}],"replies":[{"embeddable":true,"href":"https:\/\/cas-jura.ch\/index.php?rest_route=%2Fwp%2Fv2%2Fcomments&post=2484"}],"version-history":[{"count":2,"href":"https:\/\/cas-jura.ch\/index.php?rest_route=\/wp\/v2\/posts\/2484\/revisions"}],"predecessor-version":[{"id":2488,"href":"https:\/\/cas-jura.ch\/index.php?rest_route=\/wp\/v2\/posts\/2484\/revisions\/2488"}],"wp:featuredmedia":[{"embeddable":true,"href":"https:\/\/cas-jura.ch\/index.php?rest_route=\/wp\/v2\/media\/2485"}],"wp:attachment":[{"href":"https:\/\/cas-jura.ch\/index.php?rest_route=%2Fwp%2Fv2%2Fmedia&parent=2484"}],"wp:term":[{"taxonomy":"category","embeddable":true,"href":"https:\/\/cas-jura.ch\/index.php?rest_route=%2Fwp%2Fv2%2Fcategories&post=2484"},{"taxonomy":"post_tag","embeddable":true,"href":"https:\/\/cas-jura.ch\/index.php?rest_route=%2Fwp%2Fv2%2Ftags&post=2484"}],"curies":[{"name":"wp","href":"https:\/\/api.w.org\/{rel}","templated":true}]}}