{"id":2687,"date":"2023-01-11T08:20:11","date_gmt":"2023-01-11T07:20:11","guid":{"rendered":"https:\/\/cas-jura.ch\/?p=2687"},"modified":"2023-01-11T08:21:38","modified_gmt":"2023-01-11T07:21:38","slug":"de-jolies-performances-en-2022-pour-katherine-choong","status":"publish","type":"post","link":"https:\/\/cas-jura.ch\/?p=2687","title":{"rendered":"De jolies performances en 2022 pour Katherine Choong !"},"content":{"rendered":"\n<p class=\"has-text-align-right has-small-font-size\">Photo ci-dessus : M\u00e9lanie Cannac<\/p>\n\n\n\n<p>Apr\u00e8s avoir encha\u00een\u00e9e \u00ab\u00a0Hattori Hanzo\u00a0\u00bb (7 longueurs, c\u00f4t\u00e9e 8b+ max) dans la face nord du Titlis en ao\u00fbt 2022, Katherine Choong n&rsquo;a cess\u00e9 d&rsquo;encha\u00eener ses projets, \u00e0 l&rsquo;\u00e9tranger mais aussi dans la r\u00e9gion.<\/p>\n\n\n\n<p>A Aiglun (France), elle a ensocha\u00een\u00e9 en seulement 3 jours la voie \u00ab\u00a0Ali Baba\u00a0\u00bb (240m de long, c\u00f4t\u00e9e 8a+ max), avec son amie Sol\u00e8ne Amoros. Tout ceci sans redescendre de la falaise, et en faisant face \u00e0 un d\u00e9vers impressionnant. Un court m\u00e9trage, qui sortira en 2023, retracera leur aventure dans cette voie mythique, ouverte en 2002 par Philippe Mussatto.<\/p>\n\n\n\n<p>Elle termine l&rsquo;ann\u00e9e par l&rsquo;encha\u00eenement de \u00ab\u00a0E-Space Challenge\u00a0\u00bb, une voie c\u00f4t\u00e9e 8c+ dans le Vercors, au Pr\u00e9cipice de Corbi\u00e8re. Une vingtaine de jours plus tard, elle encha\u00eene dans la foul\u00e9e \u00ab\u00a0Rammstein\u00a0\u00bb \u00e0 Soyhi\u00e8res (JU), une voie aussi c\u00f4t\u00e9e 8c+. Ce projet, qui datait de 2021, demandait d&rsquo;excellentes conditions sur cette falaise souvent mouill\u00e9e ou trop expos\u00e9e au chaud, et a exig\u00e9 de Kathy qu\u2019elle sorte de sa zone de confort avec des mouvements dynamiques et des pas de bloc complexes.&nbsp;<\/p>\n\n\n\n<p>On la f\u00e9licite chaleureusement pour ses performances, et en attendant ses prochains projets et films \u00e0 venir, vous pouvez aller jeter un oeil sur son site internet&nbsp;<a href=\"https:\/\/katherinechoong.ch\/\" rel=\"noreferrer noopener\" target=\"_blank\">https:\/\/katherinechoong.ch<\/a>&nbsp;pour plus d\u2019informations.&nbsp;<\/p>\n\n\n\n<p>Cassandra H\u00fcgli\u00a0<\/p>\n\n\n\n<figure class=\"wp-block-image size-large\"><img loading=\"lazy\" decoding=\"async\" width=\"683\" height=\"1024\" src=\"https:\/\/cas-jura.ch\/wordpress\/wp-content\/uploads\/2023\/01\/IBP6543-683x1024.jpg\" alt=\"\" class=\"wp-image-2689\" srcset=\"https:\/\/cas-jura.ch\/wordpress\/wp-content\/uploads\/2023\/01\/IBP6543-683x1024.jpg 683w, https:\/\/cas-jura.ch\/wordpress\/wp-content\/uploads\/2023\/01\/IBP6543-200x300.jpg 200w, https:\/\/cas-jura.ch\/wordpress\/wp-content\/uploads\/2023\/01\/IBP6543-768x1151.jpg 768w, https:\/\/cas-jura.ch\/wordpress\/wp-content\/uploads\/2023\/01\/IBP6543-1024x1536.jpg 1024w, https:\/\/cas-jura.ch\/wordpress\/wp-content\/uploads\/2023\/01\/IBP6543-1366x2048.jpg 1366w, https:\/\/cas-jura.ch\/wordpress\/wp-content\/uploads\/2023\/01\/IBP6543-scaled.jpg 1707w\" sizes=\"auto, (max-width: 683px) 100vw, 683px\" \/><figcaption class=\"wp-element-caption\">Cr\u00e9dit photo :\u00a0<strong>Isabelle Bihr \/\/\u00a0<\/strong><a rel=\"noreferrer noopener\" href=\"https:\/\/www.isabellebihr.com\/\" target=\"_blank\">https:\/\/www.isabellebihr.com\/<\/a><br><\/figcaption><\/figure>\n","protected":false},"excerpt":{"rendered":"<p>Photo ci-dessus : M\u00e9lanie Cannac Apr\u00e8s avoir encha\u00een\u00e9e \u00ab\u00a0Hattori Hanzo\u00a0\u00bb (7 longueurs, c\u00f4t\u00e9e 8b+ max) dans la face nord du Titlis en ao\u00fbt 2022, Katherine &#8230;<\/p>\n","protected":false},"author":975901,"featured_media":2688,"comment_status":"closed","ping_status":"closed","sticky":false,"template":"","format":"standard","meta":{"_jetpack_memberships_contains_paid_content":false,"footnotes":""},"categories":[1],"tags":[],"class_list":["post-2687","post","type-post","status-publish","format-standard","has-post-thumbnail","hentry","category-uncategorized"],"jetpack_featured_media_url":"https:\/\/cas-jura.ch\/wordpress\/wp-content\/uploads\/2023\/01\/Alibaba-capture-14-980x551-1.jpg","jetpack_sharing_enabled":true,"_links":{"self":[{"href":"https:\/\/cas-jura.ch\/index.php?rest_route=\/wp\/v2\/posts\/2687","targetHints":{"allow":["GET"]}}],"collection":[{"href":"https:\/\/cas-jura.ch\/index.php?rest_route=\/wp\/v2\/posts"}],"about":[{"href":"https:\/\/cas-jura.ch\/index.php?rest_route=\/wp\/v2\/types\/post"}],"author":[{"embeddable":true,"href":"https:\/\/cas-jura.ch\/index.php?rest_route=\/wp\/v2\/users\/975901"}],"replies":[{"embeddable":true,"href":"https:\/\/cas-jura.ch\/index.php?rest_route=%2Fwp%2Fv2%2Fcomments&post=2687"}],"version-history":[{"count":3,"href":"https:\/\/cas-jura.ch\/index.php?rest_route=\/wp\/v2\/posts\/2687\/revisions"}],"predecessor-version":[{"id":2692,"href":"https:\/\/cas-jura.ch\/index.php?rest_route=\/wp\/v2\/posts\/2687\/revisions\/2692"}],"wp:featuredmedia":[{"embeddable":true,"href":"https:\/\/cas-jura.ch\/index.php?rest_route=\/wp\/v2\/media\/2688"}],"wp:attachment":[{"href":"https:\/\/cas-jura.ch\/index.php?rest_route=%2Fwp%2Fv2%2Fmedia&parent=2687"}],"wp:term":[{"taxonomy":"category","embeddable":true,"href":"https:\/\/cas-jura.ch\/index.php?rest_route=%2Fwp%2Fv2%2Fcategories&post=2687"},{"taxonomy":"post_tag","embeddable":true,"href":"https:\/\/cas-jura.ch\/index.php?rest_route=%2Fwp%2Fv2%2Ftags&post=2687"}],"curies":[{"name":"wp","href":"https:\/\/api.w.org\/{rel}","templated":true}]}}