{"id":2778,"date":"2023-01-24T10:47:27","date_gmt":"2023-01-24T09:47:27","guid":{"rendered":"https:\/\/cas-jura.ch\/?p=2778"},"modified":"2023-01-24T10:48:40","modified_gmt":"2023-01-24T09:48:40","slug":"formation-securite-hiver","status":"publish","type":"post","link":"https:\/\/cas-jura.ch\/?p=2778","title":{"rendered":"Formation \u00ab\u00a0S\u00e9curit\u00e9 hiver\u00a0\u00bb"},"content":{"rendered":"\n<p><strong><em>15 janvier 2023 \/ Chalet des Ordons<\/em><\/strong><\/p>\n\n\n\n<p>Animateurs&nbsp;: Jean-Bernard Bandelier, Carlos Mu\u00f1oz, Xavier B\u00e9dat.<\/p>\n\n\n\n<p>Participant(e)s&nbsp;: Corinne Allimann, Lydie Staub, Caroline Berger, Karin Marquis, Cristel Mu\u00f1oz, Aline Stehlin, Judith Staub, Carine Parrat, Pascal Berger.<\/p>\n\n\n\n<p>Cette deuxi\u00e8me et d\u00e9j\u00e0 traditionnelle journ\u00e9e de formation sur le th\u00e8me de la s\u00e9curit\u00e9 est \u00e0 placer sous le signe des caprices de Dame m\u00e9t\u00e9o. Initialement pr\u00e9vue \u00e0 Chasseral, elle s\u2019est finalement d\u00e9roul\u00e9e, faute d\u2019enneigement suffisant, sous une forme raccourcie dans notre chalet des Ordons. C\u2019est malgr\u00e9 tout sous les flocons et dans le vent froid que les participant(e)s ont suivi les exercices pratiques propos\u00e9s par Jean-Bernard.<\/p>\n\n\n\n<p>Trois ateliers au programme&nbsp;de la matin\u00e9e&nbsp;:<\/p>\n\n\n\n<p>&#8211;\u00a0\u00a0\u00a0\u00a0\u00a0\u00a0\u00a0\u00a0\u00a0\u00a0Utilisation pratique du DVA et protocole d\u2019urgence en cas d\u2019accident d\u2019avalanche<\/p>\n\n\n\n<p>&#8211;\u00a0\u00a0\u00a0\u00a0\u00a0\u00a0\u00a0\u00a0\u00a0\u00a0Base de premiers secours en montagne<\/p>\n\n\n\n<p>&#8211;\u00a0\u00a0\u00a0\u00a0\u00a0\u00a0\u00a0\u00a0\u00a0\u00a0Risques d\u2019avalanches \u2013 m\u00e9thodes de r\u00e9duction \u2013 conduite de groupe\u00a0\u00a0<\/p>\n\n\n\n<p>Durant 4 heures, les th\u00e8mes propos\u00e9s par les animateurs ont permis de r\u00e9p\u00e9ter et de r\u00e9viser les gestes et les notions si importantes pour notre s\u00e9curit\u00e9 et celles des personnes qui nous accompagnent en montagne. Le travail par groupe, le th\u00e9 bien chaud et les cr\u00e9pitements du feu ont favoris\u00e9 de nombreux et riches \u00e9changes.<\/p>\n\n\n\n<p>Cette matin\u00e9e bien remplie et conviviale s\u2019est termin\u00e9e par un pique-nique.<\/p>\n\n\n\n<p>Un grand merci aux animateurs pour la pr\u00e9paration et qualit\u00e9 des ateliers propos\u00e9s. Et \u00e0 l\u2019ann\u00e9e prochaine.<\/p>\n\n\n\n<p>&nbsp;&nbsp;&nbsp;&nbsp;&nbsp;&nbsp;&nbsp;&nbsp;&nbsp;&nbsp;&nbsp;&nbsp;&nbsp;&nbsp;&nbsp;&nbsp;&nbsp;&nbsp;&nbsp;&nbsp;&nbsp;&nbsp;&nbsp;&nbsp;&nbsp;&nbsp;&nbsp;&nbsp;&nbsp;&nbsp;&nbsp;&nbsp;&nbsp;&nbsp;&nbsp;&nbsp;&nbsp;&nbsp;&nbsp;&nbsp;&nbsp;&nbsp;&nbsp;&nbsp;&nbsp;&nbsp;&nbsp;&nbsp;&nbsp;&nbsp;&nbsp;&nbsp;&nbsp;&nbsp;&nbsp;&nbsp;&nbsp;&nbsp;&nbsp;&nbsp;&nbsp;&nbsp;&nbsp;&nbsp;&nbsp;&nbsp;&nbsp;&nbsp;&nbsp;&nbsp;&nbsp;&nbsp;&nbsp;&nbsp;&nbsp;&nbsp;&nbsp;&nbsp;&nbsp;&nbsp;&nbsp;&nbsp;&nbsp;&nbsp;&nbsp;&nbsp;&nbsp;&nbsp;&nbsp;&nbsp;&nbsp;&nbsp;&nbsp;&nbsp;&nbsp;&nbsp;&nbsp;&nbsp;&nbsp;&nbsp;&nbsp;&nbsp;&nbsp;&nbsp;&nbsp;&nbsp;&nbsp;&nbsp;&nbsp;&nbsp;&nbsp;&nbsp;&nbsp;&nbsp;&nbsp;&nbsp;&nbsp;&nbsp;&nbsp;&nbsp;&nbsp;&nbsp;&nbsp;&nbsp;&nbsp;&nbsp;&nbsp;&nbsp;&nbsp;&nbsp;&nbsp;&nbsp;&nbsp;&nbsp;&nbsp;&nbsp;&nbsp;&nbsp;&nbsp;&nbsp; Xavier<\/p>\n\n\n\n<figure class=\"wp-block-image size-large\"><img loading=\"lazy\" decoding=\"async\" width=\"768\" height=\"1024\" src=\"https:\/\/cas-jura.ch\/wordpress\/wp-content\/uploads\/2023\/01\/WhatsApp-Image-2023-01-23-at-18.09.023-768x1024.jpeg\" alt=\"\" class=\"wp-image-2780\" srcset=\"https:\/\/cas-jura.ch\/wordpress\/wp-content\/uploads\/2023\/01\/WhatsApp-Image-2023-01-23-at-18.09.023-768x1024.jpeg 768w, https:\/\/cas-jura.ch\/wordpress\/wp-content\/uploads\/2023\/01\/WhatsApp-Image-2023-01-23-at-18.09.023-225x300.jpeg 225w, https:\/\/cas-jura.ch\/wordpress\/wp-content\/uploads\/2023\/01\/WhatsApp-Image-2023-01-23-at-18.09.023-1152x1536.jpeg 1152w, https:\/\/cas-jura.ch\/wordpress\/wp-content\/uploads\/2023\/01\/WhatsApp-Image-2023-01-23-at-18.09.023-900x1200.jpeg 900w, https:\/\/cas-jura.ch\/wordpress\/wp-content\/uploads\/2023\/01\/WhatsApp-Image-2023-01-23-at-18.09.023.jpeg 1536w\" sizes=\"auto, (max-width: 768px) 100vw, 768px\" \/><\/figure>\n\n\n\n<figure class=\"wp-block-image size-large\"><img loading=\"lazy\" decoding=\"async\" width=\"768\" height=\"1024\" src=\"https:\/\/cas-jura.ch\/wordpress\/wp-content\/uploads\/2023\/01\/WhatsApp-Image-2023-01-23-at-18.09.02-768x1024.jpeg\" alt=\"\" class=\"wp-image-2781\" srcset=\"https:\/\/cas-jura.ch\/wordpress\/wp-content\/uploads\/2023\/01\/WhatsApp-Image-2023-01-23-at-18.09.02-768x1024.jpeg 768w, https:\/\/cas-jura.ch\/wordpress\/wp-content\/uploads\/2023\/01\/WhatsApp-Image-2023-01-23-at-18.09.02-225x300.jpeg 225w, https:\/\/cas-jura.ch\/wordpress\/wp-content\/uploads\/2023\/01\/WhatsApp-Image-2023-01-23-at-18.09.02-1152x1536.jpeg 1152w, https:\/\/cas-jura.ch\/wordpress\/wp-content\/uploads\/2023\/01\/WhatsApp-Image-2023-01-23-at-18.09.02-900x1200.jpeg 900w, https:\/\/cas-jura.ch\/wordpress\/wp-content\/uploads\/2023\/01\/WhatsApp-Image-2023-01-23-at-18.09.02.jpeg 1536w\" sizes=\"auto, (max-width: 768px) 100vw, 768px\" \/><\/figure>\n","protected":false},"excerpt":{"rendered":"<p>15 janvier 2023 \/ Chalet des Ordons Animateurs&nbsp;: Jean-Bernard Bandelier, Carlos Mu\u00f1oz, Xavier B\u00e9dat. Participant(e)s&nbsp;: Corinne Allimann, Lydie Staub, Caroline Berger, Karin Marquis, Cristel Mu\u00f1oz, &#8230;<\/p>\n","protected":false},"author":975907,"featured_media":2779,"comment_status":"closed","ping_status":"closed","sticky":false,"template":"","format":"standard","meta":{"_jetpack_memberships_contains_paid_content":false,"footnotes":""},"categories":[22],"tags":[],"class_list":["post-2778","post","type-post","status-publish","format-standard","has-post-thumbnail","hentry","category-recits-de-courses"],"jetpack_featured_media_url":"https:\/\/cas-jura.ch\/wordpress\/wp-content\/uploads\/2023\/01\/WhatsApp-Image-2023-01-23-at-18.09.022.jpeg","jetpack_sharing_enabled":true,"_links":{"self":[{"href":"https:\/\/cas-jura.ch\/index.php?rest_route=\/wp\/v2\/posts\/2778","targetHints":{"allow":["GET"]}}],"collection":[{"href":"https:\/\/cas-jura.ch\/index.php?rest_route=\/wp\/v2\/posts"}],"about":[{"href":"https:\/\/cas-jura.ch\/index.php?rest_route=\/wp\/v2\/types\/post"}],"author":[{"embeddable":true,"href":"https:\/\/cas-jura.ch\/index.php?rest_route=\/wp\/v2\/users\/975907"}],"replies":[{"embeddable":true,"href":"https:\/\/cas-jura.ch\/index.php?rest_route=%2Fwp%2Fv2%2Fcomments&post=2778"}],"version-history":[{"count":3,"href":"https:\/\/cas-jura.ch\/index.php?rest_route=\/wp\/v2\/posts\/2778\/revisions"}],"predecessor-version":[{"id":2784,"href":"https:\/\/cas-jura.ch\/index.php?rest_route=\/wp\/v2\/posts\/2778\/revisions\/2784"}],"wp:featuredmedia":[{"embeddable":true,"href":"https:\/\/cas-jura.ch\/index.php?rest_route=\/wp\/v2\/media\/2779"}],"wp:attachment":[{"href":"https:\/\/cas-jura.ch\/index.php?rest_route=%2Fwp%2Fv2%2Fmedia&parent=2778"}],"wp:term":[{"taxonomy":"category","embeddable":true,"href":"https:\/\/cas-jura.ch\/index.php?rest_route=%2Fwp%2Fv2%2Fcategories&post=2778"},{"taxonomy":"post_tag","embeddable":true,"href":"https:\/\/cas-jura.ch\/index.php?rest_route=%2Fwp%2Fv2%2Ftags&post=2778"}],"curies":[{"name":"wp","href":"https:\/\/api.w.org\/{rel}","templated":true}]}}