{"id":2978,"date":"2023-02-23T12:08:38","date_gmt":"2023-02-23T11:08:38","guid":{"rendered":"https:\/\/cas-jura.ch\/?p=2978"},"modified":"2023-02-23T12:08:40","modified_gmt":"2023-02-23T11:08:40","slug":"ski-de-randonnee-au-rauflihorn","status":"publish","type":"post","link":"https:\/\/cas-jura.ch\/?p=2978","title":{"rendered":"Ski de randonn\u00e9e au Rauflihorn"},"content":{"rendered":"\n<p>Chef de course\u00a0: Xavier B\u00e9dat<br>Participant(e)s\u00a0: Savina Marquis, Karin Marquis, Sandrine Crelier, Pascal Cassecuelle, Yves Meyer, Fabrice Briot<\/p>\n\n\n\n<p>Avec un ciel bleu parsem\u00e9 de quelques nuages, nous voil\u00e0 parti depuis la station de ski Grimmialp. Les premi\u00e8res dizaines de minutes se sont d\u00e9roul\u00e9es au calme en pleine for\u00eat avec une douce mont\u00e9e pour nous \u00ab\u00a0mettre en route\u00a0\u00bb. Apr\u00e8s avoir rejoint Grimmifurgi et tout en reprenant quelques forces, nous sommes repartis en direction de l\u2019arr\u00eate menant jusqu\u2019au sommet. Malgr\u00e9 le soleil tapant ainsi que l\u2019effort physique et le manque de souffle, nous avons atteint les 2323 m\u00e8tres d\u2019altitude avec une magnifique vue \u00e0 la cl\u00e9.<\/p>\n\n\n\n<figure class=\"wp-block-image size-full\"><img loading=\"lazy\" decoding=\"async\" width=\"768\" height=\"1024\" src=\"https:\/\/cas-jura.ch\/wordpress\/wp-content\/uploads\/2023\/02\/WhatsApp-Image-2023-02-20-at-11.10.23.jpeg\" alt=\"\" class=\"wp-image-2982\" srcset=\"https:\/\/cas-jura.ch\/wordpress\/wp-content\/uploads\/2023\/02\/WhatsApp-Image-2023-02-20-at-11.10.23.jpeg 768w, https:\/\/cas-jura.ch\/wordpress\/wp-content\/uploads\/2023\/02\/WhatsApp-Image-2023-02-20-at-11.10.23-225x300.jpeg 225w\" sizes=\"auto, (max-width: 768px) 100vw, 768px\" \/><\/figure>\n\n\n\n<p>La descente s\u2019est pass\u00e9e dans une tr\u00e8s belle neige avec des conditions id\u00e9ales de hors-piste.<br>Cette journ\u00e9e remplie de rires, de chants et de bonne humeur s\u2019est termin\u00e9e par un apr\u00e8s-ski bien m\u00e9rit\u00e9.<br>Un grand merci pour l\u2019organisation de cette belle journ\u00e9e ainsi que pour la participation de chacun(e).<br>Savina<\/p>\n\n\n\n<figure class=\"wp-block-image size-full\"><img loading=\"lazy\" decoding=\"async\" width=\"1024\" height=\"768\" src=\"https:\/\/cas-jura.ch\/wordpress\/wp-content\/uploads\/2023\/02\/WhatsApp-Image-2023-02-20-at-11.10.24-1.jpeg\" alt=\"\" class=\"wp-image-2981\" srcset=\"https:\/\/cas-jura.ch\/wordpress\/wp-content\/uploads\/2023\/02\/WhatsApp-Image-2023-02-20-at-11.10.24-1.jpeg 1024w, https:\/\/cas-jura.ch\/wordpress\/wp-content\/uploads\/2023\/02\/WhatsApp-Image-2023-02-20-at-11.10.24-1-300x225.jpeg 300w, https:\/\/cas-jura.ch\/wordpress\/wp-content\/uploads\/2023\/02\/WhatsApp-Image-2023-02-20-at-11.10.24-1-768x576.jpeg 768w\" sizes=\"auto, (max-width: 1024px) 100vw, 1024px\" \/><\/figure>\n","protected":false},"excerpt":{"rendered":"<p>Chef de course\u00a0: Xavier B\u00e9datParticipant(e)s\u00a0: Savina Marquis, Karin Marquis, Sandrine Crelier, Pascal Cassecuelle, Yves Meyer, Fabrice Briot Avec un ciel bleu parsem\u00e9 de quelques nuages, &#8230;<\/p>\n","protected":false},"author":975904,"featured_media":2979,"comment_status":"closed","ping_status":"closed","sticky":false,"template":"","format":"standard","meta":{"_jetpack_memberships_contains_paid_content":false,"footnotes":""},"categories":[28],"tags":[],"class_list":["post-2978","post","type-post","status-publish","format-standard","has-post-thumbnail","hentry","category-course"],"jetpack_featured_media_url":"https:\/\/cas-jura.ch\/wordpress\/wp-content\/uploads\/2023\/02\/WhatsApp-Image-2023-02-20-at-11.10.24.jpeg","jetpack_sharing_enabled":true,"_links":{"self":[{"href":"https:\/\/cas-jura.ch\/index.php?rest_route=\/wp\/v2\/posts\/2978","targetHints":{"allow":["GET"]}}],"collection":[{"href":"https:\/\/cas-jura.ch\/index.php?rest_route=\/wp\/v2\/posts"}],"about":[{"href":"https:\/\/cas-jura.ch\/index.php?rest_route=\/wp\/v2\/types\/post"}],"author":[{"embeddable":true,"href":"https:\/\/cas-jura.ch\/index.php?rest_route=\/wp\/v2\/users\/975904"}],"replies":[{"embeddable":true,"href":"https:\/\/cas-jura.ch\/index.php?rest_route=%2Fwp%2Fv2%2Fcomments&post=2978"}],"version-history":[{"count":2,"href":"https:\/\/cas-jura.ch\/index.php?rest_route=\/wp\/v2\/posts\/2978\/revisions"}],"predecessor-version":[{"id":2983,"href":"https:\/\/cas-jura.ch\/index.php?rest_route=\/wp\/v2\/posts\/2978\/revisions\/2983"}],"wp:featuredmedia":[{"embeddable":true,"href":"https:\/\/cas-jura.ch\/index.php?rest_route=\/wp\/v2\/media\/2979"}],"wp:attachment":[{"href":"https:\/\/cas-jura.ch\/index.php?rest_route=%2Fwp%2Fv2%2Fmedia&parent=2978"}],"wp:term":[{"taxonomy":"category","embeddable":true,"href":"https:\/\/cas-jura.ch\/index.php?rest_route=%2Fwp%2Fv2%2Fcategories&post=2978"},{"taxonomy":"post_tag","embeddable":true,"href":"https:\/\/cas-jura.ch\/index.php?rest_route=%2Fwp%2Fv2%2Ftags&post=2978"}],"curies":[{"name":"wp","href":"https:\/\/api.w.org\/{rel}","templated":true}]}}