{"id":2988,"date":"2023-02-27T20:10:23","date_gmt":"2023-02-27T19:10:23","guid":{"rendered":"https:\/\/cas-jura.ch\/?p=2988"},"modified":"2023-02-27T20:22:27","modified_gmt":"2023-02-27T19:22:27","slug":"merites-sportifs-jurassiens-allez-kathy","status":"publish","type":"post","link":"https:\/\/cas-jura.ch\/?p=2988","title":{"rendered":"M\u00e9rites sportifs jurassiens : allez Kathy !"},"content":{"rendered":"\n<p>Katherine Choong, grimpeuse \u00e9m\u00e9rite qu&rsquo;on ne pr\u00e9sente plus et membre de notre section, est en lice pour le m\u00e9rite sportif jurassien 2022 : <a rel=\"noreferrer noopener\" href=\"https:\/\/meritesjurassiens.ch\/vote\/\" target=\"_blank\">votez pour elle !<\/a><\/p>\n\n\n\n<figure class=\"wp-block-image size-full\"><img loading=\"lazy\" decoding=\"async\" width=\"980\" height=\"551\" src=\"https:\/\/cas-jura.ch\/wordpress\/wp-content\/uploads\/2023\/02\/Alibaba-capture-14-980x551-1.jpg\" alt=\"\" class=\"wp-image-2989\" srcset=\"https:\/\/cas-jura.ch\/wordpress\/wp-content\/uploads\/2023\/02\/Alibaba-capture-14-980x551-1.jpg 980w, https:\/\/cas-jura.ch\/wordpress\/wp-content\/uploads\/2023\/02\/Alibaba-capture-14-980x551-1-300x169.jpg 300w, https:\/\/cas-jura.ch\/wordpress\/wp-content\/uploads\/2023\/02\/Alibaba-capture-14-980x551-1-768x432.jpg 768w\" sizes=\"auto, (max-width: 980px) 100vw, 980px\" \/><figcaption class=\"wp-element-caption\">Cr\u00e9dit photo : M\u00e9lanie Cannac<\/figcaption><\/figure>\n","protected":false},"excerpt":{"rendered":"<p>Katherine Choong, grimpeuse \u00e9m\u00e9rite qu&rsquo;on ne pr\u00e9sente plus et membre de notre section, est en lice pour le m\u00e9rite sportif jurassien 2022 : votez pour &#8230;<\/p>\n","protected":false},"author":975901,"featured_media":2992,"comment_status":"closed","ping_status":"closed","sticky":false,"template":"","format":"standard","meta":{"_jetpack_memberships_contains_paid_content":false,"footnotes":""},"categories":[3],"tags":[],"class_list":["post-2988","post","type-post","status-publish","format-standard","has-post-thumbnail","hentry","category-communication"],"jetpack_featured_media_url":"https:\/\/cas-jura.ch\/wordpress\/wp-content\/uploads\/2023\/02\/20220212-hugovincent-09203-1.jpg","jetpack_sharing_enabled":true,"_links":{"self":[{"href":"https:\/\/cas-jura.ch\/index.php?rest_route=\/wp\/v2\/posts\/2988","targetHints":{"allow":["GET"]}}],"collection":[{"href":"https:\/\/cas-jura.ch\/index.php?rest_route=\/wp\/v2\/posts"}],"about":[{"href":"https:\/\/cas-jura.ch\/index.php?rest_route=\/wp\/v2\/types\/post"}],"author":[{"embeddable":true,"href":"https:\/\/cas-jura.ch\/index.php?rest_route=\/wp\/v2\/users\/975901"}],"replies":[{"embeddable":true,"href":"https:\/\/cas-jura.ch\/index.php?rest_route=%2Fwp%2Fv2%2Fcomments&post=2988"}],"version-history":[{"count":1,"href":"https:\/\/cas-jura.ch\/index.php?rest_route=\/wp\/v2\/posts\/2988\/revisions"}],"predecessor-version":[{"id":2990,"href":"https:\/\/cas-jura.ch\/index.php?rest_route=\/wp\/v2\/posts\/2988\/revisions\/2990"}],"wp:featuredmedia":[{"embeddable":true,"href":"https:\/\/cas-jura.ch\/index.php?rest_route=\/wp\/v2\/media\/2992"}],"wp:attachment":[{"href":"https:\/\/cas-jura.ch\/index.php?rest_route=%2Fwp%2Fv2%2Fmedia&parent=2988"}],"wp:term":[{"taxonomy":"category","embeddable":true,"href":"https:\/\/cas-jura.ch\/index.php?rest_route=%2Fwp%2Fv2%2Fcategories&post=2988"},{"taxonomy":"post_tag","embeddable":true,"href":"https:\/\/cas-jura.ch\/index.php?rest_route=%2Fwp%2Fv2%2Ftags&post=2988"}],"curies":[{"name":"wp","href":"https:\/\/api.w.org\/{rel}","templated":true}]}}