{"id":3002,"date":"2023-03-09T06:28:50","date_gmt":"2023-03-09T05:28:50","guid":{"rendered":"https:\/\/cas-jura.ch\/?p=3002"},"modified":"2023-03-09T06:34:16","modified_gmt":"2023-03-09T05:34:16","slug":"la-rando-du-val-bedretto-mutee-en-val-ferretto","status":"publish","type":"post","link":"https:\/\/cas-jura.ch\/?p=3002","title":{"rendered":"La rando du Val Bedretto mut\u00e9e en \u00ab\u00a0Val Ferretto\u00a0\u00bb"},"content":{"rendered":"\n<p><em>PARTICIPANTS\u00a0: Sandrine Crelier, Fabrice Briot, Xavier B\u00e9dat, Tiziano Scolari, Nicole Sp\u00f6rri, Yves Meyer, Pascal et Val\u00e9rie Cassecuelle et Michel Stauffer, chef de course<\/em><\/p>\n\n\n\n<figure class=\"wp-block-image size-full\"><img loading=\"lazy\" decoding=\"async\" width=\"640\" height=\"480\" src=\"https:\/\/cas-jura.ch\/wordpress\/wp-content\/uploads\/2023\/03\/attachment.bin_-rotated.jpeg\" alt=\"\" class=\"wp-image-3006\" srcset=\"https:\/\/cas-jura.ch\/wordpress\/wp-content\/uploads\/2023\/03\/attachment.bin_-rotated.jpeg 640w, https:\/\/cas-jura.ch\/wordpress\/wp-content\/uploads\/2023\/03\/attachment.bin_-300x225.jpeg 300w\" sizes=\"auto, (max-width: 640px) 100vw, 640px\" \/><\/figure>\n\n\n\n<p>La randonn\u00e9e \u00e0 ski, planifi\u00e9e les 3, 4 et 5 mars 2023 et qui devait se d\u00e9rouler dans la Val Bedretto au pied du Nufenen aurait pu se transformer en cauchemar car manque de neige. En effet, lors d\u2019une derni\u00e8re reconnaissance trois jours avant la course, l\u2019absence de neige de fond et le peu de neige tomb\u00e9e durant la nuit et qui a rapidement fondu, offrait un d\u00e9cor de s\u00e9cheresse sur les pentes sud et de la glace avec des cailloux et barres rocheuses sur le terrain nord. Une rapide r\u00e9flexion sur un projet de plan B pouvait nous conduire sur des r\u00e9gions plus enneig\u00e9es comme la Vall\u00e9e de Conches, le Simplon ou le Val ferret. Mais il fallait faire vite. Le principe est toujours de ne pas abandonner ni annuler\u00a0!<br>Les approches de parcours se r\u00e9v\u00e9l\u00e8rent trop longues en portage pour la Vall\u00e9e de Conche et le peu de pr\u00e9cipitations neigeuses au Simplon n\u2019assuraient pas une bonne garantie de ski de rando, sinon de longs portages. Gr\u00e2ce \u00e0 l\u2019assistance de notre pr\u00e9sident, le plan B du Val Bedretto s\u2019est d\u00e9cid\u00e9 rapidement et d\u00e9plac\u00e9 \u00e0 La Fouly o\u00f9 les chutes de neige cumul\u00e9es de l\u2019ann\u00e9e ont \u00e9t\u00e9 les plus importantes. Un plan B simple naissait pour devenir assez vite un plan B trois \u00e9toiles.<br>Ainsi, nous d\u00e9barquons en transports publics, le vendredi \u00e0 midi, dans le Val Ferret o\u00f9 nous accueillait un soleil radieux. C\u2019\u00e9tait aussi l\u2019occasion de faire connaissance de quatre membres du club voisin de Del\u00e9mont qui d\u00e9couvraient cette magnifique r\u00e9gion pour la premi\u00e8re fois en rando. Pas une minute \u00e0 perdre, chacun s\u2019\u00e9quipe en parfait randonneur pour se tester sur les pentes de l\u2019Alpage de La Fouly o\u00f9 une neige de qualit\u00e9 acceptable et des rayons de soleil tr\u00e8s chauds nous accompagnaient. Sans surprise, on constate que c\u2019est la \u00ab\u00a0pente du pr\u00e9sident\u00a0\u00bb. Couteaux recommand\u00e9s avec exercices parfois p\u00e9rilleux pour franchir les nombreuses bosses et ne pas trop d\u00e9border sur les bords non enneig\u00e9s. Avec une bonne centaine de conversions, chacun comprendra que c\u2019est un bon \u00e9chauffement pour les jours suivants. Surtout lorsqu\u2019un ski ou un couteau d\u00e9vale malencontreusement la pente\u00a0!<\/p>\n\n\n\n<p><strong>Ascension de la Dotze<\/strong><br>Le 2e jour d\u00e9bute par une approche plus hivernale de la montagne et une temp\u00e9rature basse mais avec une excellente neige. Toutes les pentes de N-O \u00e0 N-E sont bien enneig\u00e9es. Tr\u00e8s rapidement nous quittons l\u2019ombre pour une exposition ensoleill\u00e9e. Les exercices de la veille et l\u2019usage des couteaux rendent service \u00e0 tous. On a la confirmation qu\u2019une bonne condition physique et des connaissances techniques \u00e9l\u00e9mentaires facilitent les passages les plus d\u00e9licats, bien qu\u2019il n\u2019y ait rien de dangereux. Nous progressons par la cr\u00eate de L\u00e9temeyre et tr\u00e8s vite nous sommes d\u00e9pass\u00e9s par un grand groupe de jeunes randonneurs valaisans accompagn\u00e9s par des guides qui, visiblement, ne manquent pas un instant d\u2019enseigner les rudiments indispensables de la rando \u00e0 ski.<br>La progression est rapide pour ce deuxi\u00e8me jour et tr\u00e8s vite, nous sommes entour\u00e9s des sommets connus par plusieurs qui vont des Monts Telliers \u00e0 la T\u00eate de Ferret en passant par la Pointe de Dr\u00f4ne, le Mont Fourchon et le Grand Golliat. A l\u2019approche du sommet nous baignons vite dans un environnement majestueux orn\u00e9 de versants blancs toujours surveill\u00e9s par l\u2019imposant Mont Dolent et plus tard par les Grandes Jorasses.<\/p>\n\n\n\n<figure class=\"wp-block-image size-full\"><img loading=\"lazy\" decoding=\"async\" width=\"640\" height=\"480\" src=\"https:\/\/cas-jura.ch\/wordpress\/wp-content\/uploads\/2023\/03\/Au-fond-Les-Grandes-Jorasses-rotated.jpg\" alt=\"\" class=\"wp-image-3004\" srcset=\"https:\/\/cas-jura.ch\/wordpress\/wp-content\/uploads\/2023\/03\/Au-fond-Les-Grandes-Jorasses-rotated.jpg 640w, https:\/\/cas-jura.ch\/wordpress\/wp-content\/uploads\/2023\/03\/Au-fond-Les-Grandes-Jorasses-300x225.jpg 300w\" sizes=\"auto, (max-width: 640px) 100vw, 640px\" \/><\/figure>\n\n\n\n<p>Un panorama fantastique r\u00e9compense les randonneurs. Le temps d\u2019observer quelques audacieux qui descendent les Ar\u00eates des Econduits (!) nous ram\u00e8nent \u00e0 notre programme un peu plus simple. Une petite restauration sportive tir\u00e9e du sac, l\u00e9ger repos et ce sera bient\u00f4t l\u2019heure de la descente que certains appr\u00e9hendent. En effet, on s\u2019attend \u00e0 des changements de neige, des plaques dures et attention aux cailloux. Finalement, m\u00eame raides, les pentes sont \u00ab\u00a0aval\u00e9es\u00a0\u00bb calmement et dans la satisfaction g\u00e9n\u00e9rale.<br>Le retour au village est encore compl\u00e9t\u00e9 par une belle descente sur les pistes, excellemment entretenues par les sp\u00e9cialistes de la station de La Fouly.<\/p>\n\n\n\n<p><strong>Projet de la T\u00eate de Ferret (la mont\u00e9e \u00e0 l\u2019A Neuve est impraticable)<\/strong><br>Le 3e jour d\u00e9bute un peu plus t\u00f4t car le but de la journ\u00e9e est ambitieux et les heures sont compt\u00e9s. Cela commence toujours par une approche en portage un peu plus longue qui longe la Dranse. L\u2019attaque de la montagne s\u2019effectue plus progressivement que la veille et les couteaux ne sont pas obligatoires. Cette fois c\u2019est le calme complet o\u00f9 nous sommes seuls sur le parcours\u00a0; on comprendra pourquoi plus tard. Lentement nous arrivons sur une pente sud appel\u00e9e La Peule, revers de la mont\u00e9e de la veille, o\u00f9 la neige est molle et o\u00f9 le terrain est parsem\u00e9 de grandes coul\u00e9es d\u2019avalanches. Celles-ci remontent \u00e0 quelques semaines car il n\u2019a pas ou que tr\u00e8s peu neig\u00e9 ces derniers jours. Le sp\u00e9cialiste-pr\u00e9sident rassure les crainti-f-ve-s en disant que les pentes dangereuses sont \u00ab\u00a0purg\u00e9es\u00a0\u00bb.<\/p>\n\n\n\n<figure class=\"wp-block-image size-full\"><img loading=\"lazy\" decoding=\"async\" width=\"640\" height=\"480\" src=\"https:\/\/cas-jura.ch\/wordpress\/wp-content\/uploads\/2023\/03\/Franchissement-davalanche-rotated.jpg\" alt=\"\" class=\"wp-image-3005\" srcset=\"https:\/\/cas-jura.ch\/wordpress\/wp-content\/uploads\/2023\/03\/Franchissement-davalanche-rotated.jpg 640w, https:\/\/cas-jura.ch\/wordpress\/wp-content\/uploads\/2023\/03\/Franchissement-davalanche-300x225.jpg 300w\" sizes=\"auto, (max-width: 640px) 100vw, 640px\" \/><figcaption class=\"wp-element-caption\">Franchissement d&rsquo;avalanche<\/figcaption><\/figure>\n\n\n\n<p>La chaleur et les travers\u00e9es en portage prennent du temps et de l\u2019\u00e9nergie\u2026 La mont\u00e9e devient p\u00e9nible pour quelques-uns, surtout par la chaleur. Tr\u00e8s vite on remarque que le sommet de la T\u00eate de Ferret devient inaccessible car, dans ces conditions, la descente par le torrent du Merdenson devrait s\u2019effectuer en portage. Rapidement nous prenons la direction de la Dotze par l\u2019ar\u00eate ouest dans de bonnes conditions. La descente n\u2019a pas pos\u00e9 de probl\u00e8mes car connue et c\u2019est content et tr\u00e8s heureux que les membres du groupe ont rejoint l\u2019Auberge des Glaciers o\u00f9 l\u2019accueil, le service et les repas ont \u00e9t\u00e9 tr\u00e8s appr\u00e9ci\u00e9s.<br>Apr\u00e8s un bref r\u00e9tablissement, il \u00e9tait temps se dire au revoir, de reprendre les transports publics, et retourner au bercail. C\u2019est plein d\u2019images magnifiques et de forts souvenirs que tous les membres du groupe se disent \u00e0 l\u2019ann\u00e9e prochaine\u2026 au Val Bedretto\u00a0! ms<\/p>\n","protected":false},"excerpt":{"rendered":"<p>PARTICIPANTS\u00a0: Sandrine Crelier, Fabrice Briot, Xavier B\u00e9dat, Tiziano Scolari, Nicole Sp\u00f6rri, Yves Meyer, Pascal et Val\u00e9rie Cassecuelle et Michel Stauffer, chef de course La randonn\u00e9e &#8230;<\/p>\n","protected":false},"author":975901,"featured_media":3009,"comment_status":"closed","ping_status":"closed","sticky":false,"template":"","format":"standard","meta":{"_jetpack_memberships_contains_paid_content":false,"footnotes":""},"categories":[22],"tags":[],"class_list":["post-3002","post","type-post","status-publish","format-standard","has-post-thumbnail","hentry","category-recits-de-courses"],"jetpack_featured_media_url":"https:\/\/cas-jura.ch\/wordpress\/wp-content\/uploads\/2023\/03\/imageEnAvant-2.jpeg","jetpack_sharing_enabled":true,"_links":{"self":[{"href":"https:\/\/cas-jura.ch\/index.php?rest_route=\/wp\/v2\/posts\/3002","targetHints":{"allow":["GET"]}}],"collection":[{"href":"https:\/\/cas-jura.ch\/index.php?rest_route=\/wp\/v2\/posts"}],"about":[{"href":"https:\/\/cas-jura.ch\/index.php?rest_route=\/wp\/v2\/types\/post"}],"author":[{"embeddable":true,"href":"https:\/\/cas-jura.ch\/index.php?rest_route=\/wp\/v2\/users\/975901"}],"replies":[{"embeddable":true,"href":"https:\/\/cas-jura.ch\/index.php?rest_route=%2Fwp%2Fv2%2Fcomments&post=3002"}],"version-history":[{"count":1,"href":"https:\/\/cas-jura.ch\/index.php?rest_route=\/wp\/v2\/posts\/3002\/revisions"}],"predecessor-version":[{"id":3007,"href":"https:\/\/cas-jura.ch\/index.php?rest_route=\/wp\/v2\/posts\/3002\/revisions\/3007"}],"wp:featuredmedia":[{"embeddable":true,"href":"https:\/\/cas-jura.ch\/index.php?rest_route=\/wp\/v2\/media\/3009"}],"wp:attachment":[{"href":"https:\/\/cas-jura.ch\/index.php?rest_route=%2Fwp%2Fv2%2Fmedia&parent=3002"}],"wp:term":[{"taxonomy":"category","embeddable":true,"href":"https:\/\/cas-jura.ch\/index.php?rest_route=%2Fwp%2Fv2%2Fcategories&post=3002"},{"taxonomy":"post_tag","embeddable":true,"href":"https:\/\/cas-jura.ch\/index.php?rest_route=%2Fwp%2Fv2%2Ftags&post=3002"}],"curies":[{"name":"wp","href":"https:\/\/api.w.org\/{rel}","templated":true}]}}