{"id":3025,"date":"2023-03-20T19:09:50","date_gmt":"2023-03-20T18:09:50","guid":{"rendered":"https:\/\/cas-jura.ch\/?p=3025"},"modified":"2023-03-20T19:10:41","modified_gmt":"2023-03-20T18:10:41","slug":"grosser-bannalp-round-tour-4-et-5-mars-2023","status":"publish","type":"post","link":"https:\/\/cas-jura.ch\/?p=3025","title":{"rendered":"Grosser Bannalp round-tour, 4 et 5 mars 2023"},"content":{"rendered":"\n<p>Un B\u00e2lois en randonn\u00e9e avec le CAS Jura<br>Le tour pr\u00e9vu et organis\u00e9 par Vlad part depuis le Bannalp qu\u2019on atteint commod\u00e9ment avec un petit t\u00e9l\u00e9ph\u00e9rique. Tout au d\u00e9but, on m\u2019explique le quart d\u2019heure de politesse. C\u2019est au moment du d\u00e9part, que je r\u00e9alise sa signification. Au lieu d\u2019emprunter la mont\u00e9e avec nos skis, on s\u2019arr\u00eate au Berggasthaus du coin pour boire un caf\u00e9. C\u2019est donc avec ce quart d\u2019heure de convivialit\u00e9 qu\u2019on commence notre randonn\u00e9e. Au rendez-vous&nbsp;: la bonne humeur, le soleil, Cristelle, F\u00e9licie, Carlos, Alain, Rapha\u00ebl, Vlad et moi. La neige n&rsquo;est pas trop abondante, mais elle r\u00e9v\u00e9lera \u00e0 nous une belle surprise durant notre randonn\u00e9e. Donc, tout est pr\u00e9par\u00e9 pour deux jours fantastiques dans les montagnes que nous aimons tant. La premi\u00e8re mont\u00e9e nous am\u00e8ne au col du Bannalp \u00e0 2249 m et l\u00e0 nous attend la premi\u00e8re surprise: une descente dans de la neige poudreuse. Au deuxi\u00e8me col de la journ\u00e9e, au Rot Gr\u00e4tli \u00e0 2549 m, on aper\u00e7oit d\u00e9j\u00e0 la cabane du Rugghubel \u00e0 2254 m, qui nous attend un peu plus bas dans le soleil du soir.<br>A la cabane, pas de surprise:on \u00e9tait le groupe le plus bruyant. Grande surprise, par contre, pour Carlos, auquel on a servi un bon dessert.<br>Vu les conditions d\u2019enneigement, il y avait un petit changement de programme. Au lieu de descendre a Isenthal, on envisage de remonter au sommet du Wissigstock (2887 m). Le panorama qui nous entoure est vraiment une belle r\u00e9compense avant l\u2019autre r\u00e9compense: une descente poudreuse sur le petit glacier du Griessengletscher. En passant \u00e0 nouveaux par le col du Rot Gr\u00e4tli et le col du Bannalp, on se r\u00e9jouit d\u2019une derni\u00e8re descente, \u00e0 nouveau dans la neige poudreuse qu\u2019on n\u2019imaginait pas possible au vu de cet hiver vraiment tr\u00e8s sec. Le dernier but de la journ\u00e9e? Oui, vous l&rsquo;avez tous devin\u00e9&nbsp;: le Berggasthaus du d\u00e9but. Maintenant, avec une bi\u00e8re bien m\u00e9rit\u00e9e.<br>Je remercie Vlad pour la superbe randonn\u00e9e et les autres pour la belle compagnie. \u00c7a va s\u00fbrement ne pas \u00eatre ma derni\u00e8re sortie avec le CAS Jura. J\u2019ai un petit doute que je me suis fait avoir avec le protocole. Pour finir, \u00e7a m\u2019a aussi fait un grand plaisir de l&rsquo;\u00e9crire.<br>Pour les amants de la statistique:<br>Premier jour: distance 9 km, mont\u00e9e 1200 m, descente 570 m.<br>Deuxi\u00e8me jour: distance 16 km, mont\u00e9e 1300 m, descente 1800 m.<br>A la prochaine&nbsp;!<br>Pascal<\/p>\n","protected":false},"excerpt":{"rendered":"<p>Un B\u00e2lois en randonn\u00e9e avec le CAS JuraLe tour pr\u00e9vu et organis\u00e9 par Vlad part depuis le Bannalp qu\u2019on atteint commod\u00e9ment avec un petit t\u00e9l\u00e9ph\u00e9rique. &#8230;<\/p>\n","protected":false},"author":975904,"featured_media":3026,"comment_status":"closed","ping_status":"closed","sticky":false,"template":"","format":"standard","meta":{"_jetpack_memberships_contains_paid_content":false,"footnotes":""},"categories":[22],"tags":[],"class_list":["post-3025","post","type-post","status-publish","format-standard","has-post-thumbnail","hentry","category-recits-de-courses"],"jetpack_featured_media_url":"https:\/\/cas-jura.ch\/wordpress\/wp-content\/uploads\/2023\/03\/Capture-decran-du-2023-03-20-19-07-09.png","jetpack_sharing_enabled":true,"_links":{"self":[{"href":"https:\/\/cas-jura.ch\/index.php?rest_route=\/wp\/v2\/posts\/3025","targetHints":{"allow":["GET"]}}],"collection":[{"href":"https:\/\/cas-jura.ch\/index.php?rest_route=\/wp\/v2\/posts"}],"about":[{"href":"https:\/\/cas-jura.ch\/index.php?rest_route=\/wp\/v2\/types\/post"}],"author":[{"embeddable":true,"href":"https:\/\/cas-jura.ch\/index.php?rest_route=\/wp\/v2\/users\/975904"}],"replies":[{"embeddable":true,"href":"https:\/\/cas-jura.ch\/index.php?rest_route=%2Fwp%2Fv2%2Fcomments&post=3025"}],"version-history":[{"count":2,"href":"https:\/\/cas-jura.ch\/index.php?rest_route=\/wp\/v2\/posts\/3025\/revisions"}],"predecessor-version":[{"id":3028,"href":"https:\/\/cas-jura.ch\/index.php?rest_route=\/wp\/v2\/posts\/3025\/revisions\/3028"}],"wp:featuredmedia":[{"embeddable":true,"href":"https:\/\/cas-jura.ch\/index.php?rest_route=\/wp\/v2\/media\/3026"}],"wp:attachment":[{"href":"https:\/\/cas-jura.ch\/index.php?rest_route=%2Fwp%2Fv2%2Fmedia&parent=3025"}],"wp:term":[{"taxonomy":"category","embeddable":true,"href":"https:\/\/cas-jura.ch\/index.php?rest_route=%2Fwp%2Fv2%2Fcategories&post=3025"},{"taxonomy":"post_tag","embeddable":true,"href":"https:\/\/cas-jura.ch\/index.php?rest_route=%2Fwp%2Fv2%2Ftags&post=3025"}],"curies":[{"name":"wp","href":"https:\/\/api.w.org\/{rel}","templated":true}]}}